{"id":27023,"date":"2021-01-13T18:49:14","date_gmt":"2021-01-13T18:49:14","guid":{"rendered":"http:\/\/enolife.com.ar\/es\/?p=27023"},"modified":"2021-01-14T22:30:18","modified_gmt":"2021-01-14T22:30:18","slug":"conoce-los-nombres-de-cada-uno-de-los-artistas-de-la-fiesta-de-la-vendimia-encapsulada","status":"publish","type":"post","link":"https:\/\/enolife.com.ar\/es\/conoce-los-nombres-de-cada-uno-de-los-artistas-de-la-fiesta-de-la-vendimia-encapsulada\/","title":{"rendered":"Conoc\u00e9 los nombres de cada uno de los artistas de la Fiesta de la Vendimia \u00abencapsulada\u00bb"},"content":{"rendered":"\n<h4 class=\"wp-block-heading\"><em><strong>El Ministerio de Cultura y Turismo de Mendoza inform\u00f3 los resultados de la selecci\u00f3n de artistas para la Fiesta de la Vendimia 2021, que este a\u00f1o por la pandemia ser\u00e1 filmada, sin Acto Central en el Anfiteatro Griego ni p\u00fablico. El argumento de la Fiesta se desarrollar\u00e1 en 6 distintas \u00abc\u00e1psulas\u00bb, en cada una de las cuales se contar\u00e1 una historia que al final se ensamblar\u00e1 en una pel\u00edcula, la que ser\u00e1 emitida el s\u00e1bado 6 de marzo, como es tradicional. Los directores de cada parte son reconocidos talentos mendocinos, todos con experiencia previa en las Fiestas \u00abpresenciales\u00bb anteriores<\/strong><\/em><strong><em>. <\/em><\/strong> <\/h4>\n\n\n\n<div style=\"height:20px\" aria-hidden=\"true\" class=\"wp-block-spacer\"><\/div>\n\n\n\n\n\n<div style=\"height:71px\" aria-hidden=\"true\" class=\"wp-block-spacer\"><\/div>\n\n\n\n<p>El lunes 11 de enero pasado, los artistas seleccionados para la \u00abEdici\u00f3n Especial Vendimia 2021\u00bb fueron convocados al espacio cultural Le Parc, en Guaymall\u00e9n, Mendoza, donde se montaron tres escenarios diferentes para iniciar los ensayos de bailarines, actores y m\u00fasicos. Los mismos continuar\u00e1n s\u00f3lo hasta el viernes 15 de enero, ya que a partir del lunes 18 de enero ya comenzar\u00e1n las primeras filmaciones.<\/p>\n\n\n\n<p>Antes de iniciar estos ensayos, el pasado domingo 10\/1 se difundieron las listas de los artistas que participar\u00e1n en 5 de las 6 \u00abc\u00e1psulas\u00bb. S\u00f3lo queda la \u00abc\u00e1psula\u00bb 5, que contin\u00faa en proceso de trabajo interno.<\/p>\n\n\n\n<div style=\"height:20px\" aria-hidden=\"true\" class=\"wp-block-spacer\"><\/div>\n\n\n\n<p class=\"has-medium-font-size\"><strong>Directores y talentos conocidos<\/strong><\/p>\n\n\n\n<p>Cada una de las c\u00e1psulas o partes unitarias que luego se integrar\u00e1n para conformar el espect\u00e1culo final est\u00e1 dirigido por reconocidos directores mendocinos, la mayor\u00eda de los cuales ya dirigi\u00f3 con \u00e9xito anteriores Fiestas departamentales y actos centrales. Ellos son: <strong>Claudio Mart\u00ednez, Alicia Casares, Alejandro Conte, Vilma R\u00fappolo, Alejandro Grigor, H\u00e9ctor Moreno, Walter Neira y Guillermo Troncoso<\/strong>. Junto a ellos, una troupe de expertos bailarines, actores, m\u00fasicos e incluso malabaristas y trapecistas, todos los cuales figuran en las listas que a continuaci\u00f3n publicamos.<\/p>\n\n\n\n<div style=\"height:20px\" aria-hidden=\"true\" class=\"wp-block-spacer\"><\/div>\n\n\n\n<ul class=\"wp-block-list\"><li><strong>C\u00e1psula 1<\/strong>: Dirigida por Claudio Martinez y Alicia Casares &#8211; <a href=\"https:\/\/enolife.com.ar\/es\/wp-content\/uploads\/2021\/01\/CAPSULA-1-A-PUBLICAR.pdf\"><strong>Ver listado C1<\/strong><\/a><\/li><li><strong>C\u00e1psula 2:<\/strong> Dirigida por Alejandro Conte &#8211; <a href=\"https:\/\/enolife.com.ar\/es\/wp-content\/uploads\/2021\/01\/CAPSULA-2-A-PUBLICAR.pdf\"><strong>Ver listado C2<\/strong><\/a><\/li><li><strong>C\u00e1psula 3:<\/strong> Dirigida por Vilma R\u00fappolo &#8211; <a href=\"https:\/\/enolife.com.ar\/es\/wp-content\/uploads\/2021\/01\/CAPSULA-3-A-PUBLICAR.pdf\"><strong>Ver listado C3<\/strong><\/a><\/li><li><strong>C\u00e1psula 4:<\/strong> Dirigida por Alejandro Grigor y H\u00e9ctor Moreno &#8211; <a href=\"https:\/\/enolife.com.ar\/es\/wp-content\/uploads\/2021\/01\/CAPSULA-4-A-PUBLICAR-1.pdf\"><strong>Ver listado C4<\/strong><\/a><\/li><li><strong>C\u00e1psula 4 Tango:<\/strong> Dirigida por Alejandro Grigor y H\u00e9ctor Moreno &#8211;<strong> <a href=\"https:\/\/enolife.com.ar\/es\/wp-content\/uploads\/2021\/01\/CAPSULA-4-TANGO-A-PUBLICAR.pdf\">Ver listado C4 Tango<\/a><\/strong><\/li><li> <strong>C\u00e1psula 6: <\/strong>Dirigida por Walter Neira y Guillermo Troncoso &#8211; <a href=\"https:\/\/enolife.com.ar\/es\/wp-content\/uploads\/2021\/01\/CAPSULA-6-A-PUBLICAR-1.pdf\"><strong>Ver listado C6<\/strong><\/a><\/li><\/ul>\n\n\n\n<div style=\"height:20px\" aria-hidden=\"true\" class=\"wp-block-spacer\"><\/div>\n\n\n\n<p>Los&nbsp;artistas&nbsp;que&nbsp;no&nbsp;hayan resultado&nbsp;seleccionados&nbsp;y&nbsp;requieran&nbsp;alguna informaci\u00f3n adicional, podr\u00e1n&nbsp;comunicarse&nbsp;v\u00eda mail,&nbsp; \u00fanicamente, a<strong>&nbsp;<a rel=\"noreferrer noopener\" href=\"mailto:resultadosvendimia2021@gmail.com\" target=\"_blank\">resultadosvendimia2021@gmail.com<\/a>.<\/strong> <\/p>\n\n\n\n<div style=\"height:20px\" aria-hidden=\"true\" class=\"wp-block-spacer\"><\/div>\n\n\n\n<p class=\"has-small-font-size\"><strong><em>Fuente: Gobierno de Mendoza<\/em><\/strong><\/p>\n\n\n\n<div style=\"height:48px\" aria-hidden=\"true\" class=\"wp-block-spacer\"><\/div>\n\n\n\n<div style=\"height:54px\" aria-hidden=\"true\" class=\"wp-block-spacer\"><\/div>\n","protected":false},"excerpt":{"rendered":"<p>El Ministerio de Cultura y Turismo de Mendoza inform\u00f3 los resultados de la selecci\u00f3n de&hellip;<\/p>\n","protected":false},"author":3,"featured_media":27047,"comment_status":"open","ping_status":"open","sticky":false,"template":"","format":"standard","meta":{"footnotes":""},"categories":[14],"tags":[],"class_list":["post-27023","post","type-post","status-publish","format-standard","has-post-thumbnail","hentry","category-news"],"_links":{"self":[{"href":"https:\/\/enolife.com.ar\/es\/wp-json\/wp\/v2\/posts\/27023","targetHints":{"allow":["GET"]}}],"collection":[{"href":"https:\/\/enolife.com.ar\/es\/wp-json\/wp\/v2\/posts"}],"about":[{"href":"https:\/\/enolife.com.ar\/es\/wp-json\/wp\/v2\/types\/post"}],"author":[{"embeddable":true,"href":"https:\/\/enolife.com.ar\/es\/wp-json\/wp\/v2\/users\/3"}],"replies":[{"embeddable":true,"href":"https:\/\/enolife.com.ar\/es\/wp-json\/wp\/v2\/comments?post=27023"}],"version-history":[{"count":0,"href":"https:\/\/enolife.com.ar\/es\/wp-json\/wp\/v2\/posts\/27023\/revisions"}],"wp:featuredmedia":[{"embeddable":true,"href":"https:\/\/enolife.com.ar\/es\/wp-json\/wp\/v2\/media\/27047"}],"wp:attachment":[{"href":"https:\/\/enolife.com.ar\/es\/wp-json\/wp\/v2\/media?parent=27023"}],"wp:term":[{"taxonomy":"category","embeddable":true,"href":"https:\/\/enolife.com.ar\/es\/wp-json\/wp\/v2\/categories?post=27023"},{"taxonomy":"post_tag","embeddable":true,"href":"https:\/\/enolife.com.ar\/es\/wp-json\/wp\/v2\/tags?post=27023"}],"curies":[{"name":"wp","href":"https:\/\/api.w.org\/{rel}","templated":true}]}}