{"id":2694,"date":"2019-08-14T19:13:07","date_gmt":"2019-08-14T19:13:07","guid":{"rendered":"http:\/\/enolife.com.ar\/es\/?p=2694"},"modified":"2019-08-31T12:49:23","modified_gmt":"2019-08-31T12:49:23","slug":"la-8-edicion-del-concurso-de-poda-profesional-en-vid-suma-paises-de-sudamerica","status":"publish","type":"post","link":"https:\/\/enolife.com.ar\/es\/la-8-edicion-del-concurso-de-poda-profesional-en-vid-suma-paises-de-sudamerica\/","title":{"rendered":"La 8\u00b0 edici\u00f3n del concurso de poda profesional en vid suma pa\u00edses de Sudam\u00e9rica"},"content":{"rendered":"\n<h4 class=\"wp-block-heading\"> <em><strong>Mendoza vuelve a ser la provincia elegida por la empresa Bahco para realizar&nbsp;la 8\u00ba edici\u00f3n local y &nbsp;1\u00ba edici\u00f3n &nbsp;sudamericana del certamen. Participar\u00e1n los mejores podadores de Per\u00fa, Chile y Uruguay. La cita es el s\u00e1bado 31 de agosto a las 9.30 hs en bodega Andeluna, donde cocinar\u00e1 Narda Lepes. Mendocinos y turistas pueden ser parte del encuentro.<\/strong><\/em><strong> <\/strong><\/h4>\n\n\n\n<p>Desde el a\u00f1o 2012, la firma Bahco organiza esta competencia inici\u00e1ndola en la provincia de Mendoza. Al d\u00eda de hoy, \u00e9sta ya se considera parte de la tradici\u00f3n entre los podadores argentinos. En este contexto, y a modo de reconocimiento a la importancia de una poda esmerada y a la buena labor del podador, la empresa contin\u00faa organizando el concurso a\u00f1o tras a\u00f1o, fomentando el perfeccionamiento de la profesi\u00f3n en las diferentes regiones vitivin\u00edcolas argentinas.<\/p>\n\n\n\n<div style=\"height:20px\" aria-hidden=\"true\" class=\"wp-block-spacer\"><\/div>\n\n\n\n<p>Los podadores tendr\u00e1n 30 minutos para demostrar sus habilidades en la finca y ante un jurado especializado que evaluar\u00e1 la velocidad y calidad de los cortes realizados. Este a\u00f1o, el jurado estar\u00e1 conformado por el ingeniero Ignacio Gal\u00e1rraga, profesor de la Facultad de Ciencias Agrarias de la UNCuyo, y por los ingenieros Gustavo Aliquo y An\u00edbal Catania, del INTA Mendoza.<\/p>\n\n\n\n<div style=\"height:20px\" aria-hidden=\"true\" class=\"wp-block-spacer\"><\/div>\n\n\n\n<p class=\"has-medium-font-size\"><strong>As\u00ed fue la edici\u00f3n anterior:<\/strong><\/p>\n\n\n\n<div style=\"height:20px\" aria-hidden=\"true\" class=\"wp-block-spacer\"><\/div>\n\n\n\n<figure><iframe loading=\"lazy\" width=\"850\" height=\"315\" src=\"https:\/\/www.youtube.com\/embed\/JuhQ41-wR1s\" allowfullscreen=\"\"><\/iframe><\/figure>\n\n\n\n<div style=\"height:53px\" aria-hidden=\"true\" class=\"wp-block-spacer\"><\/div>\n\n\n\n<p>En esta oportunidad la convocatoria se extiende a otros\npa\u00edses, a\u00f1adiendo mayor competitividad, exigencia, dinamismo, y rendimiento de\nparte de los concursantes que, a trav\u00e9s de su dedicaci\u00f3n y la pasi\u00f3n que\ndespierta en ellos esta actividad, nos ense\u00f1an m\u00e1s acerca de su cultura, sus\nvalores y la calidad de sus cortes. Los ganadores de las competencias de cada\nprovincia vitivin\u00edcola tendr\u00e1n la posibilidad de participar en el Concurso de\nPoda a nivel Sudamericano, ellos son:<\/p>\n\n\n\n<div style=\"height:20px\" aria-hidden=\"true\" class=\"wp-block-spacer\"><\/div>\n\n\n\n<p class=\"has-background has-very-light-gray-background-color\"><strong>Argentina:<\/strong> Federico Jos\u00e9 Condori, bodega El Esteco, Salta. Carlos Romero, bodega Patritti, Neuqu\u00e9n. Javier David Su\u00e1rez, finca Capece, La Rioja<strong>Per\u00fa<\/strong>: Julio Iv\u00e1n Alache Quispe, Cooperativa Cao Atalaya.<br><strong>Chile<\/strong>: Rodrigo Antonio Herrera Contreras, Sociedad Agr\u00edcola Kankura.<br><strong>Uruguay<\/strong>: Pedro Bettini, finca Bettini.<\/p>\n\n\n\n<div style=\"height:20px\" aria-hidden=\"true\" class=\"wp-block-spacer\"><\/div>\n\n\n\n<p>Bahco&nbsp;ha logrado un acuerdo con la Universidad Nacional de Cuyo, lo que permite a los podadores ser acreedores de un certificado de participaci\u00f3n emitido por la entidad universitaria. As\u00ed mismo, los podadores reciben un kit de sus productos&nbsp;para podar, y el respectivo material de estudio.<\/p>\n\n\n\n<div style=\"height:20px\" aria-hidden=\"true\" class=\"wp-block-spacer\"><\/div>\n\n\n\n<p class=\"has-medium-font-size\"><strong>Un evento para que disfruten los enoturistas <\/strong><\/p>\n\n\n\n<div style=\"height:20px\" aria-hidden=\"true\" class=\"wp-block-spacer\"><\/div>\n\n\n\n<p>El concurso de Poda Profesional en Vid fue declarado de inter\u00e9s tur\u00edstico y cultural en la provincia de Salta, y de inter\u00e9s tur\u00edstico en La Rioja. &nbsp;Adem\u00e1s, cuenta con el apoyo del Ente Mendoza Turismo, con el objeto de darles la oportunidad a los visitantes de aprender en forma directa los rudimentos de esta t\u00e9cnica milenaria que es la poda.<\/p>\n\n\n\n<div style=\"height:20px\" aria-hidden=\"true\" class=\"wp-block-spacer\"><\/div>\n\n\n\n<div class=\"wp-block-image\"><figure class=\"aligncenter\"><img loading=\"lazy\" decoding=\"async\" width=\"589\" height=\"392\" src=\"https:\/\/enolife.com.ar\/es\/wp-content\/uploads\/2019\/08\/image-68.png\" alt=\"\" class=\"wp-image-2697\" srcset=\"https:\/\/enolife.com.ar\/es\/wp-content\/uploads\/2019\/08\/image-68.png 589w, https:\/\/enolife.com.ar\/es\/wp-content\/uploads\/2019\/08\/image-68-300x200.png 300w, https:\/\/enolife.com.ar\/es\/wp-content\/uploads\/2019\/08\/image-68-585x389.png 585w\" sizes=\"auto, (max-width: 589px) 100vw, 589px\" \/><\/figure><\/div>\n\n\n\n<div style=\"height:20px\" aria-hidden=\"true\" class=\"wp-block-spacer\"><\/div>\n\n\n\n<p>La empresa Bahco ofrece un traslado exclusivo en el Bus\nVitivin\u00edcola a todos aquellos interesados en participar de esta experiencia.<\/p>\n\n\n\n<p>El cupo es para 22 enoturistas con ganas de conocer m\u00e1s\nacerca del arte y el oficio de la poda de la mano de sus protagonistas.&nbsp;\nLos visitantes van a recibir un kit exclusivo de podador (tijera, guantes y\nremera) y podr\u00e1n ser espectadores de la gran competencia. Una vez finalizada la\nmisma, con la gu\u00eda de un podador profesional, los visitantes podr\u00e1n aprender las\nt\u00e9cnicas de poda.<\/p>\n\n\n\n<div style=\"height:20px\" aria-hidden=\"true\" class=\"wp-block-spacer\"><\/div>\n\n\n\n<p class=\"has-medium-font-size\"><strong>Narda\nLepes les cocinar\u00e1 a podadores y turistas<\/strong><\/p>\n\n\n\n<p>En esta ocasi\u00f3n especial, la cocinera y presentadora de\ntelevisi\u00f3n Narda Lepes, figura destacada en nuestro pa\u00eds y en el exterior, ser\u00e1\nla encargada de cocinar para los podadores y turistas presentes. Ser\u00e1 una\nexperiencia \u00fanica para degustar sus deliciosos platos junto a los mejores\npodadores de Sudam\u00e9rica.<\/p>\n\n\n\n<div style=\"height:20px\" aria-hidden=\"true\" class=\"wp-block-spacer\"><\/div>\n\n\n\n<p class=\"has-medium-font-size\"><strong>La\nimportancia de la poda de la vid<\/strong><\/p>\n\n\n\n<p>La poda es un oficio milenario y esencial que se realiza\nantes de que la planta despierte de su letargo invernal. Consiste en reducir la\nparte vegetativa a fin de controlar su forma y limitar su crecimiento natural,\ny como resultado \u00e9sta permite acceder de un modo sencillo a sus frutos,\nmejorando dr\u00e1sticamente la calidad de sus uvas. La importancia de esta pr\u00e1ctica\nreside en que la misma no s\u00f3lo condiciona la futura vendimia sino tambi\u00e9n las\nsubsiguientes, y a largo plazo el desarrollo de la misma cepa.<\/p>\n\n\n\n<p class=\"has-background has-medium-font-size has-luminous-vivid-orange-background-color\"><strong>Sobre\nBahco<\/strong><\/p>\n\n\n\n<p class=\"has-background has-luminous-vivid-orange-background-color\">Es el primer fabricante europeo de herramientas de mano y\nsierras. Fue fundada en 1862 en Suecia. En 1973 Bahco adquiere 10 hect\u00e1reas\nsobre la ruta Nacional N\u00b019, a 1 kil\u00f3metro y medio de la ciudad de Santo Tom\u00e9 y\ntras fuertes inversiones comienza a edificar una planta de forja. As\u00ed es como\nBahco se constituye en una gran organizaci\u00f3n dedicada al dise\u00f1o, producci\u00f3n y\ncomercializaci\u00f3n de herramientas manuales de excelente calidad y rendimiento en\ntodo el mundo. Para m\u00e1s informaci\u00f3n, los interesados pueden consultar en: www.\nbahco.com.ar<\/p>\n\n\n\n<div style=\"height:20px\" aria-hidden=\"true\" class=\"wp-block-spacer\"><\/div>\n\n\n\n<p class=\"has-medium-font-size\"><strong>Sobre bodega Andeluna<\/strong><\/p>\n\n\n\n<div style=\"height:20px\" aria-hidden=\"true\" class=\"wp-block-spacer\"><\/div>\n\n\n\n<p>La bodega anfitriona&nbsp;est\u00e1 ubicada en una finca de 80 hect\u00e1reas a m\u00e1s de 1300 metros, en Gualtallary, Tupungato. Los vinos de esta microrregi\u00f3n, al venir de una de las zonas m\u00e1s frescas de Mendoza, ofrecen un perfil distinto por su excepcional intensidad en color, expresi\u00f3n arom\u00e1tica y estructura. <\/p>\n\n\n\n<div style=\"height:20px\" aria-hidden=\"true\" class=\"wp-block-spacer\"><\/div>\n\n\n\n<div class=\"wp-block-image\"><figure class=\"alignleft is-resized\"><img loading=\"lazy\" decoding=\"async\" src=\"https:\/\/enolife.com.ar\/es\/wp-content\/uploads\/2019\/08\/image-67.png\" alt=\"\" class=\"wp-image-2696\" width=\"441\" height=\"293\" srcset=\"https:\/\/enolife.com.ar\/es\/wp-content\/uploads\/2019\/08\/image-67.png 589w, https:\/\/enolife.com.ar\/es\/wp-content\/uploads\/2019\/08\/image-67-300x200.png 300w, https:\/\/enolife.com.ar\/es\/wp-content\/uploads\/2019\/08\/image-67-585x390.png 585w\" sizes=\"auto, (max-width: 441px) 100vw, 441px\" \/><\/figure><\/div>\n\n\n\n<p>Con las ultimas tecnolog\u00edas para vi\u00f1edo y vinificaci\u00f3n se\ntermin\u00f3 de construir en el a\u00f1o 2005. La bodega tiene una superficie de m\u00e1s de 4500\nmetros cuadrados, con temperatura y humedad controlada. Su capacidad de\nproducci\u00f3n es de 1,3 millones de litros en tanques de acero inoxidable y una\ncava para 900 barricas de roble y una estiba m\u00e1xima de 720.000 botellas. Est\u00e1\nequipada con un laboratorio interno, donde se realizan los controles de calidad\n&nbsp;y de etiquetado. <\/p>\n","protected":false},"excerpt":{"rendered":"<p>Mendoza vuelve a ser la provincia elegida por la empresa Bahco para realizar&nbsp;la 8\u00ba edici\u00f3n&hellip;<\/p>\n","protected":false},"author":2,"featured_media":2701,"comment_status":"open","ping_status":"open","sticky":false,"template":"","format":"standard","meta":{"footnotes":""},"categories":[11],"tags":[],"class_list":["post-2694","post","type-post","status-publish","format-standard","has-post-thumbnail","hentry","category-enoturismo"],"_links":{"self":[{"href":"https:\/\/enolife.com.ar\/es\/wp-json\/wp\/v2\/posts\/2694","targetHints":{"allow":["GET"]}}],"collection":[{"href":"https:\/\/enolife.com.ar\/es\/wp-json\/wp\/v2\/posts"}],"about":[{"href":"https:\/\/enolife.com.ar\/es\/wp-json\/wp\/v2\/types\/post"}],"author":[{"embeddable":true,"href":"https:\/\/enolife.com.ar\/es\/wp-json\/wp\/v2\/users\/2"}],"replies":[{"embeddable":true,"href":"https:\/\/enolife.com.ar\/es\/wp-json\/wp\/v2\/comments?post=2694"}],"version-history":[{"count":0,"href":"https:\/\/enolife.com.ar\/es\/wp-json\/wp\/v2\/posts\/2694\/revisions"}],"wp:featuredmedia":[{"embeddable":true,"href":"https:\/\/enolife.com.ar\/es\/wp-json\/wp\/v2\/media\/2701"}],"wp:attachment":[{"href":"https:\/\/enolife.com.ar\/es\/wp-json\/wp\/v2\/media?parent=2694"}],"wp:term":[{"taxonomy":"category","embeddable":true,"href":"https:\/\/enolife.com.ar\/es\/wp-json\/wp\/v2\/categories?post=2694"},{"taxonomy":"post_tag","embeddable":true,"href":"https:\/\/enolife.com.ar\/es\/wp-json\/wp\/v2\/tags?post=2694"}],"curies":[{"name":"wp","href":"https:\/\/api.w.org\/{rel}","templated":true}]}}