{"id":26657,"date":"2021-01-06T22:28:31","date_gmt":"2021-01-06T22:28:31","guid":{"rendered":"http:\/\/enolife.com.ar\/es\/?p=26657"},"modified":"2021-01-12T12:46:25","modified_gmt":"2021-01-12T12:46:25","slug":"la-ruta-del-vino-mas-larga-de-europa-recorre-1-215-km-entre-espana-y-portugal","status":"publish","type":"post","link":"https:\/\/enolife.com.ar\/es\/la-ruta-del-vino-mas-larga-de-europa-recorre-1-215-km-entre-espana-y-portugal\/","title":{"rendered":"La ruta del vino m\u00e1s larga de Europa recorre 1.215 km entre Espa\u00f1a y Portugal"},"content":{"rendered":"\n<h4 class=\"wp-block-heading\"><em><strong>El&nbsp;30 de noviembre de 2020, la Organizaci\u00f3n Mundial del EnoTurismo (OMET) present\u00f3 el circuito Ruta Ib\u00e9rica del Enoturismo, que podr\u00e1 disfrutarse este a\u00f1o cuando, seg\u00fan se espera, concluya el confinamiento por el covid. Esta red de bodegas, vi\u00f1edos y sitios patrimoniales serpentea a lo largo de la frontera hispanolusa, desde la desembocadura del r\u00edo Mi\u00f1o hasta la del Guadiana.<\/strong><\/em><\/h4>\n\n\n\n<hr class=\"wp-block-separator\"\/>\n\n\n\n<h4 class=\"wp-block-heading\"><em><strong>En la misma l\u00ednea de acci\u00f3n, la OMET en conjunto con&nbsp;el Improtur&nbsp;(Ministerio de Turismo de Argentina) y el Sernatur&nbsp;(Ministerio de Turismo de Chile) lanzaron la&nbsp;Ruta del Vino m\u00e1s Larga del Mundo&nbsp;(1.280 km), que conecta la zona de&nbsp;Coquimbo (Chile) con la provincia argentina de Santiago del Estero (Argentina), atravesando la cordillera de los Andes y pasando por zonas vitivin\u00edcolas no tradicionales de ambos pa\u00edses, como La Serena, San Juan, La Rioja C\u00f3rdoba y Tucum\u00e1n.<\/strong><\/em><\/h4>\n\n\n\n<div style=\"height:32px\" aria-hidden=\"true\" class=\"wp-block-spacer\"><\/div>\n\n\n\n\n\n<div style=\"height:58px\" aria-hidden=\"true\" class=\"wp-block-spacer\"><\/div>\n\n\n\n<p>La puesta en marcha de la&nbsp;<strong>Ruta Ib\u00e9rica del Enoturismo&nbsp;<\/strong>es fruto de un convenio entre la <strong>Asociaci\u00f3n Espa\u00f1ola de Enoturismo (AEE) y la Asociaci\u00f3n Portuguesa de Enoturismo (Apeno) <\/strong>y conducir\u00e1 a la realizaci\u00f3n de varias iniciativas compartidas para la creaci\u00f3n y promoci\u00f3n de productos enotur\u00edsticos conjuntos. Adem\u00e1s, esta alianza tiene entre sus objetivos poner en marcha las infraestructuras de comunicaci\u00f3n necesarias, tanto en conectividad como en se\u00f1al\u00e9tica, por lo que se instar\u00e1 a las administraciones p\u00fablicas de ambos pa\u00edses a realizar estas obras.<\/p>\n\n\n\n<p>Esta ruta enotur\u00edstica se convertir\u00e1 en la m\u00e1s larga de la Uni\u00f3n Europea, con el fin de potenciar y destacar la riqueza patrimonial, hist\u00f3rico, arte y enogastronom\u00eda.<\/p>\n\n\n\n<p>Seg\u00fan la presidenta de Apeno,&nbsp;<strong>Maria Jo\u00e3o de Almeida<\/strong>, era inevitable que <strong>Espa\u00f1a<\/strong> y <strong>Portugal<\/strong> aunaran fuerzas. \u201cDos pa\u00edses hist\u00f3ricamente unidos y hermanados por la geograf\u00eda, la hospitalidad de su gente y su patrimonio material e inmaterial\u201d, se\u00f1al\u00f3 la dirigente.<\/p>\n\n\n\n<p>La creaci\u00f3n de esta nueva ruta del vino es una iniciativa de la <strong>OMET<\/strong>, que dotar\u00e1 de&nbsp;todas las herramientas para su \u00e9xito en los mercados, y es fruto del hermanamiento binacional en materia enotur\u00edstica entre Espa\u00f1a y Portugal. <\/p>\n\n\n\n<div style=\"height:20px\" aria-hidden=\"true\" class=\"wp-block-spacer\"><\/div>\n\n\n\n<h4 class=\"has-vivid-red-color has-text-color wp-block-heading\">La Ruta Ib\u00e9rica del Enoturismo serpentea a trav\u00e9s de toda la&nbsp;frontera hispanolusa (La Raya-A Raia), desde la desembocadura del r\u00edo Minho hasta la del r\u00edo Guadiana, con un recorrido total de 1.215 kil\u00f3metros.<\/h4>\n\n\n\n<div style=\"height:20px\" aria-hidden=\"true\" class=\"wp-block-spacer\"><\/div>\n\n\n\n<p><strong>Jos\u00e9 Antonio Vidal<\/strong>, el presidente fundador CEO de AEE y de la Organizaci\u00f3n Mundial del Enoturismo (OMET) asegur\u00f3 que la regi\u00f3n cuenta con \u00abla materia prima necesaria para la&nbsp;creaci\u00f3n de oferta de calidad\u00bb y adelant\u00f3 que \u00abdesde la Organizaci\u00f3n Mundial del EnoTurismo instaremos a las administraciones p\u00fablicas de ambos pa\u00edses a realizar las&nbsp;obras de mejoras necesarias, tanto en lo que a&nbsp;infraestructuras de comunicaci\u00f3n&nbsp;se refiere (conectividad), como a la&nbsp;se\u00f1al\u00e9tica, en los destinos que incluir\u00e1 la&nbsp;Ruta Ib\u00e9rica del Enoturismo.\u00bb<\/p>\n\n\n\n<div style=\"height:34px\" aria-hidden=\"true\" class=\"wp-block-spacer\"><\/div>\n\n\n\n<blockquote class=\"wp-block-quote is-layout-flow wp-block-quote-is-layout-flow\"><p>\u00abLa&nbsp;coopetitividad&nbsp;ser\u00e1&nbsp;m\u00e1s esencial que nunca&nbsp;durante y despu\u00e9s de la pandemia. Los empresarios y los actores del sector p\u00fablico estamos obligados a ser solidarios entre nosotros y con la comunidad, cooperando en acciones que aporten desarrollo socioecon\u00f3mico a los destinos y sus residentes, como&nbsp;satisfacci\u00f3n a los consumidores\u00bb. <\/p><cite>Jos\u00e9 Antonio Vidal, presidente de la OMET<\/cite><\/blockquote>\n\n\n\n<div style=\"height:38px\" aria-hidden=\"true\" class=\"wp-block-spacer\"><\/div>\n\n\n\n<p>Al convenio AEE-APENO se suman los apoyos de las Academias de Gastronom\u00eda y Asociaciones de Restauradores (Facyre y Ahresp) espa\u00f1olas y portuguesas.<\/p>\n\n\n\n<p>La gastronom\u00eda se ha convertido en un motor socioecon\u00f3mico, que no s\u00f3lo atrae a un creciente segmento gourmet, sino que enriquece la percepci\u00f3n del destino por parte de turistas nacionales e internacionales.<\/p>\n\n\n\n<p>Toda propuesta enotur\u00edstica -en bodega y en destinos- debe incorporar la fundamental armon\u00eda del vino con la comida, coinciden <strong>Rafael Ans\u00f3n<\/strong> (presidente de Honor de las Academias Internacional, Iberoamericana y Espa\u00f1ola de Gastronom\u00eda), <strong>Jos\u00e9 Bento<\/strong> (presidente de Honor de la Academia Portuguesa de Gastronom\u00eda), <strong>Pepa Mu\u00f1oz<\/strong> (presidenta de Facyre , Federaci\u00f3n de Asociaciones de Cocineros y Reposteros de Espa\u00f1a-) y <strong>Paulo Mendon\u00e7a<\/strong> (vicepresidente de Ahresp, Asociaci\u00f3n de Hosteler\u00eda, Restauraci\u00f3n y Similares de Portugal).<\/p>\n\n\n\n<div style=\"height:20px\" aria-hidden=\"true\" class=\"wp-block-spacer\"><\/div>\n\n\n\n<p class=\"has-small-font-size\"><em><strong>Fuentes: Tecnovino, Tur43.es y expreso.info<\/strong><\/em><\/p>\n","protected":false},"excerpt":{"rendered":"<p>El&nbsp;30 de noviembre de 2020, la Organizaci\u00f3n Mundial del EnoTurismo (OMET) present\u00f3 el circuito Ruta&hellip;<\/p>\n","protected":false},"author":3,"featured_media":26686,"comment_status":"open","ping_status":"open","sticky":false,"template":"","format":"standard","meta":{"footnotes":""},"categories":[11],"tags":[],"class_list":["post-26657","post","type-post","status-publish","format-standard","has-post-thumbnail","hentry","category-enoturismo"],"_links":{"self":[{"href":"https:\/\/enolife.com.ar\/es\/wp-json\/wp\/v2\/posts\/26657","targetHints":{"allow":["GET"]}}],"collection":[{"href":"https:\/\/enolife.com.ar\/es\/wp-json\/wp\/v2\/posts"}],"about":[{"href":"https:\/\/enolife.com.ar\/es\/wp-json\/wp\/v2\/types\/post"}],"author":[{"embeddable":true,"href":"https:\/\/enolife.com.ar\/es\/wp-json\/wp\/v2\/users\/3"}],"replies":[{"embeddable":true,"href":"https:\/\/enolife.com.ar\/es\/wp-json\/wp\/v2\/comments?post=26657"}],"version-history":[{"count":0,"href":"https:\/\/enolife.com.ar\/es\/wp-json\/wp\/v2\/posts\/26657\/revisions"}],"wp:featuredmedia":[{"embeddable":true,"href":"https:\/\/enolife.com.ar\/es\/wp-json\/wp\/v2\/media\/26686"}],"wp:attachment":[{"href":"https:\/\/enolife.com.ar\/es\/wp-json\/wp\/v2\/media?parent=26657"}],"wp:term":[{"taxonomy":"category","embeddable":true,"href":"https:\/\/enolife.com.ar\/es\/wp-json\/wp\/v2\/categories?post=26657"},{"taxonomy":"post_tag","embeddable":true,"href":"https:\/\/enolife.com.ar\/es\/wp-json\/wp\/v2\/tags?post=26657"}],"curies":[{"name":"wp","href":"https:\/\/api.w.org\/{rel}","templated":true}]}}