{"id":26651,"date":"2021-01-05T18:23:41","date_gmt":"2021-01-05T18:23:41","guid":{"rendered":"http:\/\/enolife.com.ar\/es\/?p=26651"},"modified":"2021-01-11T14:57:36","modified_gmt":"2021-01-11T14:57:36","slug":"con-el-eslogan-somos-el-agua-que-da-vida-irrigacion-arranca-2021-con-fuerte-impronta-ambiental","status":"publish","type":"post","link":"https:\/\/enolife.com.ar\/es\/con-el-eslogan-somos-el-agua-que-da-vida-irrigacion-arranca-2021-con-fuerte-impronta-ambiental\/","title":{"rendered":"Con el eslogan \u00abSomos el agua que da vida\u00bb, Irrigaci\u00f3n arranca 2021 con fuerte impronta ambiental"},"content":{"rendered":"\n<h4 class=\"wp-block-heading\"><em><strong>En el organismo que fiscaliza y regula el uso del agua para riego en Mendoza se cre\u00f3 la nueva Direcci\u00f3n de Gesti\u00f3n Ambiental del Recurso H\u00eddrico, apuntando a \u00abinternalizar lo ambiental en los planes y programas de Irrigaci\u00f3n\u00bb y a \u00abla m\u00e1xima transparencia y difusi\u00f3n\u00bb de sus acciones, seg\u00fan expres\u00f3 el superintendente Sergio Marinelli.<\/strong><\/em><\/h4>\n\n\n\n<div style=\"height:20px\" aria-hidden=\"true\" class=\"wp-block-spacer\"><\/div>\n\n\n<a href=\"https:\/\/www.instagram.com\/vinventions.sudamerica\/\" aria-label=\"Banner_Subr_1700x500\"><img loading=\"lazy\" decoding=\"async\" src=\"https:\/\/enolife.com.ar\/es\/wp-content\/uploads\/2019\/07\/Banner_Subr_1700x500.gif\" alt=\"\"  width=\"1700\" height=\"501\"   \/><\/a>\n\n\n<div style=\"height:69px\" aria-hidden=\"true\" class=\"wp-block-spacer\"><\/div>\n\n\n\n<p><strong>Sergio Marinelli<\/strong>, superintendente de Irrigaci\u00f3n, inici\u00f3 el 2021 con la creaci\u00f3n de la Direcci\u00f3n de Gesti\u00f3n Ambiental del Recurso H\u00eddrico y se propone que la organizaci\u00f3n sea referente en esa materia. <\/p>\n\n\n\n<p>El primer lunes del nuevo a\u00f1o, el titular del organismo rector del agua de riego en Mendoza encabez\u00f3 un acto en la sede central de Irrigaci\u00f3n, en el que puso en funciones a los nuevos directivos: <strong>Mar\u00eda Teresa Badui<\/strong> como jefa de Gabinete, <strong>An\u00edbal Manzur<\/strong> como director de Gesti\u00f3n Ambiental del Recurso H\u00eddrico y <strong>Marcelo Landini<\/strong> como subdelegado de Aguas de la Cuenca del R\u00edo Mendoza. Reemplazan, respectivamente, a <strong>Rub\u00e9n Pelegrina<\/strong> (quien seguir\u00e1 como asesor con la misi\u00f3n de mantener una fluida relaci\u00f3n con las Inspecciones de Cauce), <strong>Mario Luraschi<\/strong> y <strong>Ricardo Nordenstrom<\/strong>,  quienes pronto se jubilar\u00e1n.<\/p>\n\n\n\n<p>\u201cHay una nueva demanda de la sociedad y la reconocemos. Por eso, vamos desde cambios en la estructura de Irrigaci\u00f3n, hasta de comunicaci\u00f3n y el eslogan. Por un lado, fusion\u00e9 las Direcciones de Control de Calidad y la de Polic\u00eda del Agua en una nueva \u00e1rea que se llama Direcci\u00f3n de Gesti\u00f3n Ambiental del Recurso H\u00eddrico, que est\u00e1 a cargo desde este lunes del reconocido especialista en Geolog\u00eda An\u00edbal Manzur. Tambi\u00e9n, apostaremos a\u00fan m\u00e1s a la transparencia y la difusi\u00f3n de nuestros actos, al tiempo que el eslogan que nos identificar\u00e1 a partir de este 2021 ser\u00e1 &#8216;Somos el agua que da vida&#8217; en lugar del hasta ahora &#8216;Somos el agua que produce&#8217;, ya que es m\u00e1s abarcativo de la labor de Irrigaci\u00f3n\u00bb, afirm\u00f3 Marinelli.<\/p>\n\n\n\n<p>\u201cLo de hoy es un hecho muy relevante -destac\u00f3 Marinelli-, que tiene que ver con darle una visi\u00f3n distinta a la gesti\u00f3n, que tenga que ver m\u00e1s con lo ambiental. Se trata de una gran apuesta a futuro, en general para todos los que trabajamos en Irrigaci\u00f3n, y en particular para quien ser\u00e1 el responsable del \u00e1rea, el doctor Manzur, en quien tengo mucha confianza. Lo ambiental ha sido siempre una preocupaci\u00f3n para nosotros, pero nunca lo hab\u00edamos explicitado bien ni internalizado de esta manera en los planes y programas de Irrigaci\u00f3n\u201d.<\/p>\n\n\n\n<p>Y agreg\u00f3: \u201cEs una nueva etapa, donde la coordinaci\u00f3n general, la puesta en marcha de una planificaci\u00f3n y un control de gesti\u00f3n adecuado se hacen necesarios para cumplir con los nuevos objetivos, por ello, hoy puse en funciones tambi\u00e9n a Marit\u00e9 Badui, hacia quien tengo un gran afecto personal, adem\u00e1s un gran reconocimiento a su capacidad demostrada en distintos \u00e1mbitos: de gesti\u00f3n pol\u00edtica y espec\u00edficamente la gesti\u00f3n p\u00fablica\u201d.<\/p>\n\n\n\n<div style=\"height:20px\" aria-hidden=\"true\" class=\"wp-block-spacer\"><\/div>\n\n\n\n<blockquote class=\"wp-block-quote is-layout-flow wp-block-quote-is-layout-flow\"><p>Apostamos a la mejora en la eficiencia, de la mano de la transparencia, la difusi\u00f3n e informaci\u00f3n monitoreada, en lo posible, por los propios usuarios\u00bb.<\/p><cite>Sergio Marinelli, superintendente general de Irrigaci\u00f3n<\/cite><\/blockquote>\n\n\n\n<div style=\"height:20px\" aria-hidden=\"true\" class=\"wp-block-spacer\"><\/div>\n\n\n\n<p>\u201cMarcelo Landini -continu\u00f3 el superintendente- es una persona con notables antecedentes desde el lugar que ha venido ocupando en este organismo: la fiscalizaci\u00f3n de las Inspecciones de Cauce. Ahora le toca el desaf\u00edo de comandar una gesti\u00f3n al frente de la Subdelegaci\u00f3n del r\u00edo Mendoza. A Marcelo lo conozco de manera personal, nos une adem\u00e1s la relaci\u00f3n profesional y conf\u00edo que va a seguir los pasos que hemos marcado en esta nueva etapa, que tienen que ver con la cultura de la eficiencia\u201d.<\/p>\n\n\n\n<p>\u201cViene una etapa nueva en la que habr\u00e1 muchos cambios. Venimos trabajando para eso, en los distintos r\u00edos de la provincia de Mendoza, apostamos m\u00e1s que nunca a la mejora en la eficiencia, de la mano de la transparencia, la difusi\u00f3n e informaci\u00f3n monitoreada, en lo posible, por los propios usuarios\u201d, concluy\u00f3 Marinelli, a quien le quedan, junto a su equipo, 15 meses de gesti\u00f3n.<\/p>\n\n\n\n<div style=\"height:36px\" aria-hidden=\"true\" class=\"wp-block-spacer\"><\/div>\n","protected":false},"excerpt":{"rendered":"<p>En el organismo que fiscaliza y regula el uso del agua para riego en Mendoza&hellip;<\/p>\n","protected":false},"author":3,"featured_media":26662,"comment_status":"open","ping_status":"open","sticky":false,"template":"","format":"standard","meta":{"footnotes":""},"categories":[14],"tags":[],"class_list":["post-26651","post","type-post","status-publish","format-standard","has-post-thumbnail","hentry","category-news"],"_links":{"self":[{"href":"https:\/\/enolife.com.ar\/es\/wp-json\/wp\/v2\/posts\/26651","targetHints":{"allow":["GET"]}}],"collection":[{"href":"https:\/\/enolife.com.ar\/es\/wp-json\/wp\/v2\/posts"}],"about":[{"href":"https:\/\/enolife.com.ar\/es\/wp-json\/wp\/v2\/types\/post"}],"author":[{"embeddable":true,"href":"https:\/\/enolife.com.ar\/es\/wp-json\/wp\/v2\/users\/3"}],"replies":[{"embeddable":true,"href":"https:\/\/enolife.com.ar\/es\/wp-json\/wp\/v2\/comments?post=26651"}],"version-history":[{"count":0,"href":"https:\/\/enolife.com.ar\/es\/wp-json\/wp\/v2\/posts\/26651\/revisions"}],"wp:featuredmedia":[{"embeddable":true,"href":"https:\/\/enolife.com.ar\/es\/wp-json\/wp\/v2\/media\/26662"}],"wp:attachment":[{"href":"https:\/\/enolife.com.ar\/es\/wp-json\/wp\/v2\/media?parent=26651"}],"wp:term":[{"taxonomy":"category","embeddable":true,"href":"https:\/\/enolife.com.ar\/es\/wp-json\/wp\/v2\/categories?post=26651"},{"taxonomy":"post_tag","embeddable":true,"href":"https:\/\/enolife.com.ar\/es\/wp-json\/wp\/v2\/tags?post=26651"}],"curies":[{"name":"wp","href":"https:\/\/api.w.org\/{rel}","templated":true}]}}