{"id":26563,"date":"2021-01-04T00:52:16","date_gmt":"2021-01-04T00:52:16","guid":{"rendered":"http:\/\/enolife.com.ar\/es\/?p=26563"},"modified":"2021-01-10T23:21:51","modified_gmt":"2021-01-10T23:21:51","slug":"en-2020-las-exportaciones-mendocinas-crecieron-un-647-lideradas-por-la-cebolla-el-ajo-y-el-vino","status":"publish","type":"post","link":"https:\/\/enolife.com.ar\/es\/en-2020-las-exportaciones-mendocinas-crecieron-un-647-lideradas-por-la-cebolla-el-ajo-y-el-vino\/","title":{"rendered":"En 2020 las exportaciones mendocinas crecieron un 6,47%, lideradas por la cebolla, el ajo y el vino"},"content":{"rendered":"\n<h4 class=\"wp-block-heading\"><em><strong>La cifra corresponde al per\u00edodo enero-setiembre y alude al volumen de bienes vendidos al exterior. Fue relevada y difundida por ProMendoza -entidad p\u00fablico-privada a cargo de la promoci\u00f3n en el exterior de las empresas y productos de Mendoza. El organismo tambi\u00e9n proyect\u00f3 la tendencia hasta diciembre, con un porcentaje de incremento similar para todo el a\u00f1o. <\/strong><\/em><\/h4>\n\n\n\n<div style=\"height:51px\" aria-hidden=\"true\" class=\"wp-block-spacer\"><\/div>\n\n\n\n\n\n<div style=\"height:49px\" aria-hidden=\"true\" class=\"wp-block-spacer\"><\/div>\n\n\n\n<p>\u00abEl 2020 arranc\u00f3 con porcentajes altos de crecimiento comparado con 2019; estos indicadores fueron decreciendo, pero todav\u00eda en el tercer trimestre arrojaba ese 6,47 % positivo en volumen o cantidad de bienes exportados, con lo cual presumimos que vamos a llegar a fin a\u00f1o con n\u00fameros similares o parecidos a los del 2019 lo cual, en un a\u00f1o de pandemia, hace que el balance es m\u00e1s que positivo\u201d, asegur\u00f3 el gerente de ProMendoza, Mario L\u00e1zzaro.<\/p>\n\n\n\n<p>El vino a granel fue uno de los productos destacados de este a\u00f1o, alzando la meta prevista para 2023.<\/p>\n\n\n\n<div style=\"height:20px\" aria-hidden=\"true\" class=\"wp-block-spacer\"><\/div>\n\n\n\n<blockquote class=\"wp-block-quote is-layout-flow wp-block-quote-is-layout-flow\"><p>El vino a granel export\u00f3 200 millones de litros y consigui\u00f3 el 5% del negocio mundial, tres a\u00f1os antes de lo que estim\u00e1bamos en 2018 cuando nac\u00eda la C\u00e1mara de Vino a Granel\u00bb.<\/p><cite>Mario L\u00e1zzaro, gerente de ProMendoza<\/cite><\/blockquote>\n\n\n\n<div style=\"height:20px\" aria-hidden=\"true\" class=\"wp-block-spacer\"><\/div>\n\n\n\n<p>Ese n\u00famero general tiene sectores ganadores y sectores perdedores. Los sectores ganadores son aquellos vinculados a los alimentos frescos y procesados y tambi\u00e9n todos aquellos producidos por el complejo agroexportador, especialmente el caso del vino.<\/p>\n\n\n\n<p>Los perdedores resultan ser el sector de la industria de equipos y bienes para petr\u00f3leo y miner\u00eda; la industria metalmec\u00e1nica en general y los producidos en el Parque Petroqu\u00edmico, los cuales, por efecto de de la pandemia y la paralizaci\u00f3n mundial de este sector, no pudieron venderse al exterior.<\/p>\n\n\n\n<div style=\"height:20px\" aria-hidden=\"true\" class=\"wp-block-spacer\"><\/div>\n\n\n\n<p class=\"has-medium-font-size\"><strong>El balance en n\u00fameros<\/strong><\/p>\n\n\n\n<p>Hasta el momento, las exportaciones de Mendoza crecieron 6,47 % en volumen de enero a setiembre de 2020. Se exportaron 882,5 millones de kilos\/litros este a\u00f1o.<\/p>\n\n\n\n<p>La mayor tracci\u00f3n positiva de las exportaciones se debe a un aumento en volumen de las ventas de las Manufacturas de Origen Agropecuario (MOA), con un alza de 29,74% en la cantidad de productos enviados al exterior, que en lo que respecta a d\u00f3lares facturados signific\u00f3 435,5 millones.<\/p>\n\n\n\n<p>Los Productos Primarios tuvieron un crecimiento de 29,51% en el volumen exportado, con 167.000 toneladas, y un incremento de la facturaci\u00f3n total del 34,6% en el 2020, lo que aport\u00f3 divisas por 168 millones de d\u00f3lares.<\/p>\n\n\n\n<p>As\u00ed, en productos primarios, el mayor crecimiento en volumen y en facturaci\u00f3n lo registran las cebollas frescas, con un crecimiento de 103% en volumen y con 27,8 millones de kilos vendidos, destinados principalmente a Brasil. Las cebollas crecieron un 62,99% en facturaci\u00f3n acumulado a setiembre, alcanzando 4,21 millones de d\u00f3lares en ventas.<\/p>\n\n\n\n<p>El ajo, por su parte tuvo en el a\u00f1o 2020 una muy buena performance, reflejada principalmente en los precios, ya que a pesar de una ca\u00edda en el volumen exportado del 14,24%, con un total de 51,5 millones de kilos, muestra un alza de 3189% en facturaci\u00f3n, superando los&nbsp;100 millones de d\u00f3lares.<\/p>\n\n\n\n<p>Siguiendo las tendencias mundiales, <strong>el vino creci\u00f3 45,57%. <\/strong>All\u00ed, <strong>el vino a granel aport\u00f3 el mayor porcentaje, con alrededor del 27,5% y el vino fraccionado, cerca del 8%<\/strong>, con m\u00e1s de 134 millones de litros exportados y por un valor 462 millones de d\u00f3lares. El mosto concentrado tuvo alza en el 2020 del 2,46% en el volumen exportado con 58.800 toneladas, por un valor FOB facturado de 58,1 millones de d\u00f3lares.<\/p>\n\n\n\n<div style=\"height:20px\" aria-hidden=\"true\" class=\"wp-block-spacer\"><\/div>\n\n\n\n<p class=\"has-medium-font-size\"><strong>Perspectivas para 2021<\/strong><\/p>\n\n\n\n<p>\u00abRespecto a las perspectivas para 2021, creemos que no va a ser f\u00e1cil sostener la inercia de crecimiento que hab\u00edan alcanzado algunos sectores. Es posible que el vino a granel no pueda seguir manteniendo su r\u00e9cord hist\u00f3rico de exportaciones, ni tampoco va a ser posible lograr la recuperaci\u00f3n de las exportaciones de manufacturas industriales\u00bb, manifest\u00f3 L\u00e1zzaro. Y agreg\u00f3: \u00abEn comercio exterior todo requiere un tiempo, los hechos tienen una inercia que terminan impactando en el mediano plazo\u00bb..<\/p>\n\n\n\n<p>Si no se produce retraso cambiario y las econom\u00edas de los pa\u00edses vecinos se recuperan, como es el caso de Brasil, Chile, Per\u00fa y Paraguay, es posible que el sector alimentos, el vino, los concentrados y los dem\u00e1s productos del complejo exportador se sostengan.<\/p>\n\n\n\n<p>Las sanciones econ\u00f3micas de Estados Unidos a cuatro pa\u00edses de Europa, las sanciones econ\u00f3micas de China a Australia y el Brexit, van a tener efectos asim\u00e9tricos en el principal producto de exportaci\u00f3n de Mendoza, que es el vino. Las sanciones de China a Australia pueden posicionar mejor a Argentina en el pa\u00eds asi\u00e1tico, pero Australia ser\u00e1 m\u00e1s agresivo en mercados importantes para Argentina tales como EEUU o Gran Breta\u00f1a, por lo que habr\u00e1 que ver c\u00f3mo progresan estas tendencias.<\/p>\n\n\n\n<div style=\"height:20px\" aria-hidden=\"true\" class=\"wp-block-spacer\"><\/div>\n\n\n\n<p class=\"has-small-font-size\"><em><strong>Fuente: Gobierno de Mendoza<\/strong><\/em><\/p>\n","protected":false},"excerpt":{"rendered":"<p>La cifra corresponde al per\u00edodo enero-setiembre y alude al volumen de bienes vendidos al exterior.&hellip;<\/p>\n","protected":false},"author":3,"featured_media":26573,"comment_status":"open","ping_status":"open","sticky":false,"template":"","format":"standard","meta":{"footnotes":""},"categories":[14],"tags":[],"class_list":["post-26563","post","type-post","status-publish","format-standard","has-post-thumbnail","hentry","category-news"],"_links":{"self":[{"href":"https:\/\/enolife.com.ar\/es\/wp-json\/wp\/v2\/posts\/26563","targetHints":{"allow":["GET"]}}],"collection":[{"href":"https:\/\/enolife.com.ar\/es\/wp-json\/wp\/v2\/posts"}],"about":[{"href":"https:\/\/enolife.com.ar\/es\/wp-json\/wp\/v2\/types\/post"}],"author":[{"embeddable":true,"href":"https:\/\/enolife.com.ar\/es\/wp-json\/wp\/v2\/users\/3"}],"replies":[{"embeddable":true,"href":"https:\/\/enolife.com.ar\/es\/wp-json\/wp\/v2\/comments?post=26563"}],"version-history":[{"count":0,"href":"https:\/\/enolife.com.ar\/es\/wp-json\/wp\/v2\/posts\/26563\/revisions"}],"wp:featuredmedia":[{"embeddable":true,"href":"https:\/\/enolife.com.ar\/es\/wp-json\/wp\/v2\/media\/26573"}],"wp:attachment":[{"href":"https:\/\/enolife.com.ar\/es\/wp-json\/wp\/v2\/media?parent=26563"}],"wp:term":[{"taxonomy":"category","embeddable":true,"href":"https:\/\/enolife.com.ar\/es\/wp-json\/wp\/v2\/categories?post=26563"},{"taxonomy":"post_tag","embeddable":true,"href":"https:\/\/enolife.com.ar\/es\/wp-json\/wp\/v2\/tags?post=26563"}],"curies":[{"name":"wp","href":"https:\/\/api.w.org\/{rel}","templated":true}]}}