{"id":26464,"date":"2021-01-02T01:47:25","date_gmt":"2021-01-02T01:47:25","guid":{"rendered":"http:\/\/enolife.com.ar\/es\/?p=26464"},"modified":"2021-01-07T16:25:43","modified_gmt":"2021-01-07T16:25:43","slug":"uvas-y-pasas-no-pagaran-derechos-de-exportacion-pero-el-vino-abonara-una-alicuota-fija-del-45","status":"publish","type":"post","link":"https:\/\/enolife.com.ar\/es\/uvas-y-pasas-no-pagaran-derechos-de-exportacion-pero-el-vino-abonara-una-alicuota-fija-del-45\/","title":{"rendered":"Uvas y pasas no pagar\u00e1n derechos de exportaci\u00f3n pero el vino abonar\u00e1 una al\u00edcuota fija del 4,5%"},"content":{"rendered":"\n<h4 class=\"wp-block-heading\"><em><strong>Mediante un decreto emitido el 31\/12\/20, el gobierno nacional elimin\u00f3 los derechos de exportaci\u00f3n a 4.593 productos (3.641 industriales y 952 del agro), en lo que se exhibe como una medida en beneficio de las econom\u00edas regionales. La escala de retenciones pasa de $3 por d\u00f3lar exportado a un porcentaje fijo del 4,5%, 3% \u00f3 0%, seg\u00fan el producto. Las uvas en fresco y pasas salen beneficiadas, pero en el caso del vino, esta modificaci\u00f3n representa un aumento del 1% en los derechos de exportaci\u00f3n. <\/strong><\/em><\/h4>\n\n\n\n<hr class=\"wp-block-separator\"\/>\n\n\n\n<h4 class=\"wp-block-heading\"><em><strong>Sin embargo, seg\u00fan las interpretaciones de algunos dirigentes del sector -como Francisco Do Pico, vicepresidente de Bodegas de Argentina-, en suma en los \u00faltimos 12 meses la vitivinicultura ha tenido un r\u00e9dito positivo, porque en octubre pasado el reintegro de retenciones a las exportaciones de vino hab\u00eda pasado del 3,5% al 7%.<\/strong><\/em><\/h4>\n\n\n\n<div style=\"height:31px\" aria-hidden=\"true\" class=\"wp-block-spacer\"><\/div>\n\n\n\n\n\n<div style=\"height:66px\" aria-hidden=\"true\" class=\"wp-block-spacer\"><\/div>\n\n\n\n<p>El&nbsp;Gobierno argentino elimin\u00f3 los derechos de exportaci\u00f3n de una variedad de productos de las econom\u00edas regionales, en una medida que alcanza a los productores de alimentos y bebidas de las distintas zonas del pa\u00eds, que representan al 41 por ciento del empleo del sector.<\/p>\n\n\n\n<p>El Ministerio de Agricultura, Ganader\u00eda y Pesca de la Naci\u00f3n dio a conocer el jueves 31\/12\/21 la decisi\u00f3n del Poder Ejecutivo de eliminar los derechos de exportaci\u00f3n de numerosos productos de las econom\u00edas regionales, tales como frutas, hortalizas, cebolla, tomates, ovinos, caprinos, entre otros.<\/p>\n\n\n\n<div style=\"height:20px\" aria-hidden=\"true\" class=\"wp-block-spacer\"><\/div>\n\n\n\n<h4 class=\"has-vivid-red-color has-text-color wp-block-heading\">Los&nbsp;bienes finales industriales e insumos b\u00e1sicos&nbsp;pasan a&nbsp;0%,&nbsp;como motocicletas y partes y accesorios; los&nbsp;insumos elaborados industriales&nbsp;pasan a una al\u00edcuota del&nbsp;3%&nbsp;y la&nbsp;materias primas&nbsp;industriales e insumos industriales quedan en&nbsp;4,5%.<\/h4>\n\n\n\n<div style=\"height:20px\" aria-hidden=\"true\" class=\"wp-block-spacer\"><\/div>\n\n\n\n<p>\u00ab<em>Esta medida viene a acompa\u00f1ar el gran esfuerzo que han venido sosteniendo los productores de estas econom\u00edas para mantener la producci\u00f3n y abrir nuevos mercados en un contexto complejo como el de este a\u00f1o<\/em>\u00ab, destac\u00f3 el ministro de Agricultura Luis Basterra en un comunicado. Y agreg\u00f3: \u00ab<em>Desde que iniciamos la gesti\u00f3n trabajamos con un fuerte direccionamiento para impulsar a las econom\u00edas regionales con un criterio de equidad territorial, a trav\u00e9s de cada una de las acciones que impulsamos desde el Ministerio<\/em>\u00ab.<\/p>\n\n\n\n<div style=\"height:20px\" aria-hidden=\"true\" class=\"wp-block-spacer\"><\/div>\n\n\n\n<blockquote class=\"wp-block-quote is-layout-flow wp-block-quote-is-layout-flow\"><p>Trabajamos para impulsar a las econom\u00edas regionales con un criterio de equidad territorial\u00bb.<\/p><cite>Luis Basterra, ministro de Agricultura de Argentina<\/cite><\/blockquote>\n\n\n\n<div style=\"height:20px\" aria-hidden=\"true\" class=\"wp-block-spacer\"><\/div>\n\n\n\n<p>La medida se conoci\u00f3 a trav\u00e9s de la publicaci\u00f3n del decreto 1060\/2020<strong>&nbsp;<\/strong>en el Bolet\u00edn Oficial, por la que se modifican&nbsp;los&nbsp;derechos de exportaci\u00f3n&nbsp;de&nbsp;productos industriales y del agro,&nbsp;con un sistema de c\u00e1lculo basado en que, a mayor agregado de valor al producto, hay menos retenciones. As\u00ed, el gobierno modific\u00f3 4.593 posiciones arancelarias (3.641 industriales y el resto del agro) y&nbsp;las al\u00edcuotas pasaron a ser del 4,5%, el 3% o el 0%.&nbsp;<\/p>\n\n\n\n<div style=\"height:20px\" aria-hidden=\"true\" class=\"wp-block-spacer\"><\/div>\n\n\n\n<p class=\"has-background has-light-green-cyan-background-color\"><strong>Qu\u00e9 productos bajan al 0% de derechos de exportaci\u00f3n<\/strong><br><br>Las cadenas productivas que ya no tienen retenci\u00f3n a la exportaci\u00f3n son la&nbsp;<strong>acuicultura, ap\u00edcola, productos hort\u00edcolas<\/strong>&nbsp;(tomate, pimientos, cebolla, ajos, puerros, esparrago, etc),&nbsp;<strong>hongos, oliv\u00edcola, ma\u00edz pisingallo, legumbres, papa y mandioca, frutos secos, frutas tropicales, c\u00edtricos, uva en fresco y pasas de uva, fruta fina, peras y manzanas, y semillas<\/strong>, entre otras.<br><br>En&nbsp;<strong>Mendoza<\/strong> -seg\u00fan sintetiz\u00f3 el <strong>diario on line Memo<\/strong>, de esta provincia, la medida alcanzar\u00e1 a la&nbsp;<strong>industria ap\u00edcola<\/strong>&nbsp;(en 2019 la provincia export\u00f3&nbsp;<strong>miel<\/strong>&nbsp;por unos&nbsp;<strong>U$S 5 millones<\/strong>), productos hort\u00edcolas, como el&nbsp;<strong>ajo<\/strong>&nbsp;(se exportaron&nbsp;<strong>U$S 116 millones<\/strong>&nbsp;el a\u00f1o pasado, seg\u00fan cifras del Indec),&nbsp;<strong>aceite de oliva<\/strong>&nbsp;(<strong>U$S 14,5 millones<\/strong>),&nbsp;<strong>frutas secas<\/strong>&nbsp;(<strong>U$S 51,5 millones<\/strong>),&nbsp;<strong>uva en fresco<\/strong>&nbsp;(<strong>U$S 42 millones<\/strong>),&nbsp;<strong>semillas<\/strong>&nbsp;(<strong>U$S 3 millones<\/strong>), entre otros.<\/p>\n\n\n\n<div style=\"height:20px\" aria-hidden=\"true\" class=\"wp-block-spacer\"><\/div>\n\n\n\n<p>En el caso del vino, hay una modificaci\u00f3n en las retenciones, porque hasta el \u00faltimo d\u00eda del a\u00f1o 2020 este producto <strong>pagaba $3 por cada d\u00f3lar<\/strong> exportado y ahora pasar\u00e1 a pagar una <strong>al\u00edcuota fija del 4,5%.&nbsp;<\/strong><\/p>\n\n\n\n<p>Al respecto, <strong>Francisco Do Pico, vicepresidente de Bodegas de Argentina<\/strong>, explic\u00f3 al diario&nbsp;<strong>La Naci\u00f3n<\/strong>&nbsp;que esta medida representa un<strong>&nbsp;<\/strong>aumento de un punto porcentual con respecto a lo que se paga por derechos de exportaci\u00f3n.<\/p>\n\n\n\n<p>El representante del sector vitivin\u00edcola&nbsp;opin\u00f3 que en general no fue un mal a\u00f1o en cuanto a medidas que impulsen la exportaci\u00f3n, ya que&nbsp;al sector le duplicaron los reintegros de un 3,5 a un 7%.<\/p>\n\n\n\n<div style=\"height:20px\" aria-hidden=\"true\" class=\"wp-block-spacer\"><\/div>\n\n\n\n<blockquote class=\"wp-block-quote is-layout-flow wp-block-quote-is-layout-flow\"><p>En t\u00e9rminos absolutos, tenemos 2 puntos y medio a favor comparado con 12 meses atr\u00e1s, pero tenemos que reconocer que hace dos meses nos subieron los reintegros\u00bb.<\/p><cite>Francisco Do Pico, vicepresidente de Bodegas de Argentina<\/cite><\/blockquote>\n\n\n\n<div style=\"height:20px\" aria-hidden=\"true\" class=\"wp-block-spacer\"><\/div>\n\n\n\n<p>Lo que algunos protagonistas de la industria cuestionan es que los reintegros suelen manejarse en forma arbitraria, por lo que no representar\u00edan una medida universal.<\/p>\n\n\n\n<p>\u00ab<em>En t\u00e9rminos absolutos, tenemos dos puntos y medio a favor contra 12 meses atr\u00e1s.&nbsp;Esta es una medida que no es positiva para nosotros en cuanto a aliento de las exportaciones, pero tenemos que reconocer que hace dos meses nos subieron los reintegros, lo que implica un impacto anualizado de US$30 millones<\/em><strong>\u00ab,<\/strong>&nbsp;analiz\u00f3 Do Pico al diario editado en la capital argentina.<\/p>\n\n\n\n<div style=\"height:20px\" aria-hidden=\"true\" class=\"wp-block-spacer\"><\/div>\n\n\n\n<p class=\"has-background has-luminous-vivid-amber-background-color\"><strong>Ver: <a href=\"https:\/\/www.boletinoficial.gob.ar\/detalleAviso\/primera\/239414\/20201231\">Decreto 1060\/2020<\/a><\/strong><\/p>\n\n\n\n<div style=\"height:20px\" aria-hidden=\"true\" class=\"wp-block-spacer\"><\/div>\n\n\n\n<p class=\"has-small-font-size\"><em><strong>Fuentes: Memo y P\u00e1gina 12<\/strong><\/em><\/p>\n","protected":false},"excerpt":{"rendered":"<p>Mediante un decreto emitido el 31\/12\/20, el gobierno nacional elimin\u00f3 los derechos de exportaci\u00f3n a&hellip;<\/p>\n","protected":false},"author":3,"featured_media":26487,"comment_status":"open","ping_status":"open","sticky":false,"template":"","format":"standard","meta":{"footnotes":""},"categories":[14],"tags":[],"class_list":["post-26464","post","type-post","status-publish","format-standard","has-post-thumbnail","hentry","category-news"],"_links":{"self":[{"href":"https:\/\/enolife.com.ar\/es\/wp-json\/wp\/v2\/posts\/26464","targetHints":{"allow":["GET"]}}],"collection":[{"href":"https:\/\/enolife.com.ar\/es\/wp-json\/wp\/v2\/posts"}],"about":[{"href":"https:\/\/enolife.com.ar\/es\/wp-json\/wp\/v2\/types\/post"}],"author":[{"embeddable":true,"href":"https:\/\/enolife.com.ar\/es\/wp-json\/wp\/v2\/users\/3"}],"replies":[{"embeddable":true,"href":"https:\/\/enolife.com.ar\/es\/wp-json\/wp\/v2\/comments?post=26464"}],"version-history":[{"count":0,"href":"https:\/\/enolife.com.ar\/es\/wp-json\/wp\/v2\/posts\/26464\/revisions"}],"wp:featuredmedia":[{"embeddable":true,"href":"https:\/\/enolife.com.ar\/es\/wp-json\/wp\/v2\/media\/26487"}],"wp:attachment":[{"href":"https:\/\/enolife.com.ar\/es\/wp-json\/wp\/v2\/media?parent=26464"}],"wp:term":[{"taxonomy":"category","embeddable":true,"href":"https:\/\/enolife.com.ar\/es\/wp-json\/wp\/v2\/categories?post=26464"},{"taxonomy":"post_tag","embeddable":true,"href":"https:\/\/enolife.com.ar\/es\/wp-json\/wp\/v2\/tags?post=26464"}],"curies":[{"name":"wp","href":"https:\/\/api.w.org\/{rel}","templated":true}]}}