{"id":26397,"date":"2020-12-30T22:29:02","date_gmt":"2020-12-30T22:29:02","guid":{"rendered":"http:\/\/enolife.com.ar\/es\/?p=26397"},"modified":"2021-01-02T17:29:15","modified_gmt":"2021-01-02T17:29:15","slug":"hay-150-000-de-premio-al-ganador-del-concurso-de-afiche-y-grafica-de-la-vendimia-2021","status":"publish","type":"post","link":"https:\/\/enolife.com.ar\/es\/hay-150-000-de-premio-al-ganador-del-concurso-de-afiche-y-grafica-de-la-vendimia-2021\/","title":{"rendered":"Hay $150.000 de premio al ganador del concurso de afiche y gr\u00e1fica de la Vendimia 2021"},"content":{"rendered":"\n<h4 class=\"wp-block-heading\"><em><strong>Hasta el 15\/1\/21 se reciben las propuestas enviadas por correo para el \u00abConcurso de dise\u00f1o del sistema de identidad y comunicaci\u00f3n visual\u00bb para la Fiesta Nacional de la Vendimia 2021. Y ese mismo d\u00eda se recibir\u00e1n los sobres llevados en persona. Podr\u00e1n participar, en forma individual, egresados de carreras de Dise\u00f1o Gr\u00e1fic y equipos de trabajo, con dos o m\u00e1s personas, de las cuales al menos un integrante deber\u00e1 ser egresado de carreras de Dise\u00f1o gr\u00e1fico, en todos los casos de nacionalidad argentina y mayores de 18 a\u00f1os.<\/strong><\/em><\/h4>\n\n\n\n<div style=\"height:21px\" aria-hidden=\"true\" class=\"wp-block-spacer\"><\/div>\n\n\n<a href=\"https:\/\/sudafilt.com\/\" aria-label=\"SUDAFILT 1700X500 NOV25\"><img loading=\"lazy\" decoding=\"async\" src=\"https:\/\/enolife.com.ar\/es\/wp-content\/uploads\/2020\/07\/SUDAFILT-1700X500-NOV25.gif\" alt=\"\"  width=\"1700\" height=\"500\"   \/><\/a>\n\n\n<div style=\"height:73px\" aria-hidden=\"true\" class=\"wp-block-spacer\"><\/div>\n\n\n\n<p>Seg\u00fan el llamado a concurso realizado ayer 29\/12\/20 en la web del Gobierno de Mendoza, los participantes \u00abdeber\u00e1n tener en cuenta que los receptores del mensaje de este sistema de identidad visual ser\u00e1n los habitantes de Mendoza y potenciales visitantes del resto del pa\u00eds y del mundo, considerando su difusi\u00f3n en el exterior, como forma de promover el turismo local\u00bb.<\/p>\n\n\n\n<p>Prosigue la convocatoria: \u00abLa propuesta debe reflejar el significado que tiene la Fiesta Nacional de la Vendimia en su contexto social y cultural, teniendo en cuenta que la edici\u00f3n 2021 se realizar\u00e1 en formato virtual, que estar\u00e1 desarrollada por un equipo compuesto por directores de las \u00faltimas ediciones de la Fiesta y cineastas de la provincia.<\/p>\n\n\n\n<p>Es la primera vez que la Vendimia se desarrolla con este formato, con el objetivo -pese a los inconvenientes generados por la pandemia de covid- de mantener viva la tradici\u00f3n de la fiesta m\u00e1xima de Mendoza y preservar el trabajo de sus hacedores.<\/p>\n\n\n\n<p>Acompa\u00f1ar\u00e1n la emisi\u00f3n p\u00fablica del evento \u00abEspecial Vendimia 2021\u00bb, microeventos con artistas mendocinos, en diferentes puntos de la provincia. A su vez, ese audivisual Especial podr\u00e1 verse en diferentes lugares del mundo, gracias al trabajo conjunto del Gobierno de Mendoza y diversas entidades internacionales.<\/p>\n\n\n\n<p>El objetivo de este Especial es poner en valor y promocionar los atractivos  culturales y tur\u00edsticos de Mendoza.<\/p>\n\n\n\n<p>El concepto de \u00absistema gr\u00e1fico\u00bb es para dar una imagen integrada y fuerte a todas las piezas comunicacionales de la Fiesta Nacional de la Vendimia 2021. Por ello, se\u00f1alan los organizadores, es \u00abimportante que cada pieza cumpla su funci\u00f3n espec\u00edfica y que se articule con las restantes\u00bb. <\/p>\n\n\n\n<p>Las propuestas deber\u00e1n ser pensadas para soportes f\u00edsicos y digitales.<\/p>\n\n\n\n<div style=\"height:20px\" aria-hidden=\"true\" class=\"wp-block-spacer\"><\/div>\n\n\n\n<p class=\"has-background has-luminous-vivid-amber-background-color\"><strong>Las bases del concurso se pueden consultar y descargar desde el sitio&nbsp;<a href=\"http:\/\/www.cultura.mendoza.gov.ar\/\" target=\"_blank\" rel=\"noreferrer noopener\">www.cultura.mendoza.gov.ar<\/a>.<\/strong><\/p>\n\n\n\n<div style=\"height:20px\" aria-hidden=\"true\" class=\"wp-block-spacer\"><\/div>\n\n\n\n<p>La presentaci\u00f3n de las propuestas deber\u00e1 realizarse en el \u00c1rea de Comunicaci\u00f3n del Ministerio de Cultura y Turismo, ubicada en Guti\u00e9rrez 204, primer piso, de la capital de Mendoza, el viernes 15 de enero, de 9 a 14. Desde el \u00e1rea se entregar\u00e1 una constancia con el seud\u00f3nimo, n\u00famero de orden, fecha y hora en que se recepciona el trabajo.<\/p>\n\n\n\n<div style=\"height:41px\" aria-hidden=\"true\" class=\"wp-block-spacer\"><\/div>\n\n\n\n<p class=\"has-small-font-size\"><em><strong>Fuente: Gobierno de Mendoza<\/strong><\/em><\/p>\n","protected":false},"excerpt":{"rendered":"<p>Hasta el 15\/1\/21 se reciben las propuestas enviadas por correo para el \u00abConcurso de dise\u00f1o&hellip;<\/p>\n","protected":false},"author":3,"featured_media":26427,"comment_status":"open","ping_status":"open","sticky":false,"template":"","format":"standard","meta":{"footnotes":""},"categories":[14],"tags":[],"class_list":["post-26397","post","type-post","status-publish","format-standard","has-post-thumbnail","hentry","category-news"],"_links":{"self":[{"href":"https:\/\/enolife.com.ar\/es\/wp-json\/wp\/v2\/posts\/26397","targetHints":{"allow":["GET"]}}],"collection":[{"href":"https:\/\/enolife.com.ar\/es\/wp-json\/wp\/v2\/posts"}],"about":[{"href":"https:\/\/enolife.com.ar\/es\/wp-json\/wp\/v2\/types\/post"}],"author":[{"embeddable":true,"href":"https:\/\/enolife.com.ar\/es\/wp-json\/wp\/v2\/users\/3"}],"replies":[{"embeddable":true,"href":"https:\/\/enolife.com.ar\/es\/wp-json\/wp\/v2\/comments?post=26397"}],"version-history":[{"count":0,"href":"https:\/\/enolife.com.ar\/es\/wp-json\/wp\/v2\/posts\/26397\/revisions"}],"wp:featuredmedia":[{"embeddable":true,"href":"https:\/\/enolife.com.ar\/es\/wp-json\/wp\/v2\/media\/26427"}],"wp:attachment":[{"href":"https:\/\/enolife.com.ar\/es\/wp-json\/wp\/v2\/media?parent=26397"}],"wp:term":[{"taxonomy":"category","embeddable":true,"href":"https:\/\/enolife.com.ar\/es\/wp-json\/wp\/v2\/categories?post=26397"},{"taxonomy":"post_tag","embeddable":true,"href":"https:\/\/enolife.com.ar\/es\/wp-json\/wp\/v2\/tags?post=26397"}],"curies":[{"name":"wp","href":"https:\/\/api.w.org\/{rel}","templated":true}]}}