{"id":26202,"date":"2020-12-29T01:58:47","date_gmt":"2020-12-29T01:58:47","guid":{"rendered":"http:\/\/enolife.com.ar\/es\/?p=26202"},"modified":"2021-01-25T15:00:25","modified_gmt":"2021-01-25T15:00:25","slug":"cual-es-el-futuro-del-vino","status":"publish","type":"post","link":"https:\/\/enolife.com.ar\/es\/cual-es-el-futuro-del-vino\/","title":{"rendered":"\u00bfCu\u00e1l es el futuro del vino?"},"content":{"rendered":"\n<h4 class=\"wp-block-heading\"><em><strong>En el congreso Wine Future 2021, que se realizar\u00e1 del 23 al 26 de febrero de 2021, m\u00e1s de 70 protagonistas de la industria del vino a nivel global debatir\u00e1n sobre los desaf\u00edos que enfrenta el vino como consecuencia del covid, el aumento de temperatura global por el cambio clim\u00e1tico y las desigualdades sist\u00e9micas. Esta iniciativa naci\u00f3 en Rioja, Espa\u00f1a, en 2009, de la mano del especialista Pancho Campo, fundador de The Wine Academy. Los principales exponentes ser\u00e1n el cineasta y productor vitivin\u00edcola Francis Ford Coppola, la ex directora general de la Unesco Irina Bokova y el titular de la OIV, Pau Roca. Por Mendoza, Argentina, participar\u00e1n Laura Catena, directora general de Vinos Catena y Gonzalo Merino, a cargo de Enoturismo y Responsabilidad Social de Bodegas de Argentina.<\/strong><\/em><\/h4>\n\n\n\n<div style=\"height:32px\" aria-hidden=\"true\" class=\"wp-block-spacer\"><\/div>\n\n\n\n\n\n<div style=\"height:74px\" aria-hidden=\"true\" class=\"wp-block-spacer\"><\/div>\n\n\n\n<p>Patrocinada por la Organizaci\u00f3n Internacional de la Vid y el Vino (OIV) y presentada por Vinos de Portugal, la Wine Future 2021 se desarrollar\u00e1 a trav\u00e9s de la plataforma zoom del 23 al 26 de febrero de 12 a 16 horas de Argentina. Ser\u00e1 en ingl\u00e9s con traducci\u00f3n autom\u00e1tica al espa\u00f1ol y contar\u00e1 con conferencias tem\u00e1ticas, mesas redondas y paneles sobre: <\/p>\n\n\n\n<ul class=\"wp-block-list\"><li>Efectos del SARS-CoV-2<\/li><li>M\u00faltiples an\u00e1lisis de situaciones<\/li><li>La crisis clim\u00e1tica<\/li><li>Investigaci\u00f3n y an\u00e1lisis de datos<\/li><li>Estrategias fuera de las instalaciones<\/li><li>Desaf\u00edos en las instalaciones<\/li><li>Exposiciones y catas<\/li><li>Comercio, Transporte, Embalaje, Tarifas<\/li><li>Estrategias de marketing digital<\/li><li>Revertir la discriminaci\u00f3n<\/li><li>Consumo cambiante: expansi\u00f3n y tendencias<\/li><li>Enoturismo<\/li><li>Imperativos econ\u00f3micos<\/li><li>El futuro<\/li><\/ul>\n\n\n\n<div style=\"height:20px\" aria-hidden=\"true\" class=\"wp-block-spacer\"><\/div>\n\n\n\n<figure class=\"wp-block-video aligncenter\"><video controls src=\"https:\/\/enolife.com.ar\/es\/wp-content\/uploads\/2020\/12\/WineFuture-2021-will-be-the-wine-event-of-the-year-just-as-the-editions-of-Rioja-and-Hong-Kong.-For-only-65-learn-the-solutions-to-the-current-chall.mp4\"><\/video><\/figure>\n\n\n\n<div style=\"height:37px\" aria-hidden=\"true\" class=\"wp-block-spacer\"><\/div>\n\n\n\n<p class=\"has-medium-font-size\"><strong>C\u00f3mo participar<\/strong><\/p>\n\n\n\n<p class=\"has-background has-luminous-vivid-amber-background-color\"><strong>Inscripci\u00f3n: <a href=\"https:\/\/www.winefuture2021.com\/p\/regular-ticket\/\">www.winefuture2021.com\/p\/regular-ticket\/<\/a><\/strong><br><strong>Precio: Antes del 15\/1\/2021 U$S 65 &#8211; Despu\u00e9s del 15\/1 U$S 125 <\/strong><\/p>\n\n\n\n<p><strong>Descuentos<\/strong>: 10% para organizaciones, patrocinadores y socios de medios<br>y organismos gubernamentales que apoyan Wine Future 2021.<\/p>\n\n\n\n<div style=\"height:20px\" aria-hidden=\"true\" class=\"wp-block-spacer\"><\/div>\n\n\n\n<p class=\"has-medium-font-size\"><strong>Exponentes magistrales<\/strong><\/p>\n\n\n\n<figure class=\"wp-block-gallery columns-3 is-cropped wp-block-gallery-1 is-layout-flex wp-block-gallery-is-layout-flex\"><ul class=\"blocks-gallery-grid\"><li class=\"blocks-gallery-item\"><figure><img decoding=\"async\" src=\"https:\/\/winefuture2021.com\/_files\/200000294-423874238a\/700\/COP_080619_015.jpg\" alt=\"\"\/><figcaption class=\"blocks-gallery-item__caption\"><strong>Francis Ford Coppola <\/strong><\/figcaption><\/figure><\/li><li class=\"blocks-gallery-item\"><figure><img decoding=\"async\" src=\"https:\/\/winefuture2021.com\/_files\/200000289-1357f13583\/450\/Irina_Bokova_UNESCO.jpg\" alt=\"\"\/><figcaption class=\"blocks-gallery-item__caption\"><strong>Irina Bokova <\/strong><\/figcaption><\/figure><\/li><li class=\"blocks-gallery-item\"><figure><img decoding=\"async\" src=\"https:\/\/winefuture2021.com\/_files\/200000244-b3e58b3e5c\/700\/_MG_1546.jpg\" alt=\"\"\/><figcaption class=\"blocks-gallery-item__caption\"><strong>Pau Roca <\/strong><\/figcaption><\/figure><\/li><\/ul><\/figure>\n\n\n\n<p><em><strong>Francis Ford Coppola<\/strong> (Estados Unidos) famoso director de cine y fundador de Bodega Francis Ford Coppola; Irina Bokova (Bulgaria) ex directora general de la Unesco y Pau Roca (Espa\u00f1a), director general de la Organizaci\u00f3n Internacional de la Vid y el Vino (OIV)<\/em>.<\/p>\n\n\n\n<div style=\"height:20px\" aria-hidden=\"true\" class=\"wp-block-spacer\"><\/div>\n\n\n\n<p class=\"has-medium-font-size\"><strong>Disertantes<\/strong><\/p>\n\n\n\n<p class=\"has-background has-text-align-center has-very-light-gray-background-color\"><strong>Por Mendoza, Argentina<\/strong><\/p>\n\n\n\n<figure class=\"wp-block-gallery columns-2 is-cropped wp-block-gallery-2 is-layout-flex wp-block-gallery-is-layout-flex\"><ul class=\"blocks-gallery-grid\"><li class=\"blocks-gallery-item\"><figure><img decoding=\"async\" src=\"https:\/\/winefuture2021.com\/_files\/200000345-0df050df08\/450\/Laura%20Catena.jpg\" alt=\"\"\/><figcaption class=\"blocks-gallery-item__caption\"><strong>Laura Catena<\/strong>,<br><strong>directora general de<br>Vinos Catena<\/strong>, Mendoza, Argentina<\/figcaption><\/figure><\/li><li class=\"blocks-gallery-item\"><figure><img decoding=\"async\" src=\"https:\/\/winefuture2021.com\/_files\/200000363-39d3139d35\/700\/Foto-Gonzalo-Salentein-Vinedo-04.jpg\" alt=\"\"\/><figcaption class=\"blocks-gallery-item__caption\"><strong>Gonzalo Merino, coordinador de Enoturismo y Responsabilidad Social de Bodegas de Argentina<\/strong><\/figcaption><\/figure><\/li><\/ul><\/figure>\n\n\n\n<div style=\"height:20px\" aria-hidden=\"true\" class=\"wp-block-spacer\"><\/div>\n\n\n\n<p class=\"has-background has-text-align-center has-very-light-gray-background-color\"><strong>Participantes del resto del mundo<\/strong><\/p>\n\n\n\n<p><strong>Alemania<\/strong><\/p>\n\n\n\n<ul class=\"wp-block-list\"><li>Theresa Breuer: CEO y propietaria de Georg Breuer<\/li><li>Bastian Mingers: Director del proyecto ProWein<\/li><\/ul>\n\n\n\n<p><strong>Australia<\/strong><\/p>\n\n\n\n<ul class=\"wp-block-list\"><li>Dan Sims: Fundador y jefe ejecutivo de Jaranear<\/li><li>Alisdair Tulloch: Viticultor \/ En\u00f3logo de Vino Keith Tulloch<\/li><\/ul>\n\n\n\n<p><strong>Chile<\/strong><\/p>\n\n\n\n<ul class=\"wp-block-list\"><li>Eduardo Chadwick: Presidente de Vi\u00f1a Err\u00e1zuriz<\/li><li>Manuel Louzada: CEO de Almaviva<\/li><li>Aurelio Montes: Presidente Vinos de Chile<\/li><\/ul>\n\n\n\n<p><strong>China<\/strong><\/p>\n\n\n\n<ul class=\"wp-block-list\"><li>Yang Lu: Director de Grupo de Vino Hoteles y centros tur\u00edsticos Shangri-La<\/li><\/ul>\n\n\n\n<p><strong>Espa\u00f1a<\/strong><\/p>\n\n\n\n<ul class=\"wp-block-list\"><li>Eugeni Brot\u00f3ns: Director de marketing global de Gonz\u00e1les Byass<\/li><li>Ferr\u00e1n Centelles:&nbsp;Gerente de Bebidas de Fundaci\u00f3n El Bulli&nbsp;(Colaborador &#8211; Jancis Robinson)<\/li><li>Juan Mu\u00f1oz: CEO Visitas virtuales 3D<\/li><li>M\u00f3nica M\u00fa\u00f1oz: Presidente de Mercados del Vino y la Distribuci\u00f3n<\/li><li>Emilio Restoy: Presidente de la Federaci\u00f3n Espa\u00f1ola del Vino (FEV)<\/li><\/ul>\n\n\n\n<p><strong>Estados Unidos<\/strong><\/p>\n\n\n\n<ul class=\"wp-block-list\"><li>Annette Alvarez-Peters: Fundadora de Annette AP<\/li><li>Michael Cheng: Decano, Hospitalidad y Turismo de la Escuela Chaplin de FIU<\/li><li>Leticia Chac\u00f3n-Rodr\u00edguez: Gerente de bodega \/ En\u00f3loga de la Universidad de California, Davis<\/li><li>Selena Cuffe: Fundador de Heritage Link Brands \/ Presidente, Sodexo MAGIC<\/li><li>Greg Jones: Profesor e investigador climat\u00f3logo Linfield University<\/li><li>Paul Mabray: CEO de Pix<\/li><li>Elin McCoy: Columnista de vinos y licores en Bloomberg News y Decanter<\/li><li>David Pearson: Director general de La finca Meadowood<\/li><li>Cyril Penn: Editor de Wine Business Mensual<\/li><li>Stephen Rannekleiv: Director Ejecutivo, Investigaci\u00f3n de Alimentos y Agronegocios de Rabobank<\/li><li>Linda Reiff: Presidente y director ejecutivo Vi\u00f1ateros del Valle de Napa<\/li><li>Ben Salisbury: Fundador y presidente del Grupo creativo de Salisbury<\/li><li>Luis Torres: CEO de Go-Wine<\/li><li>Alicia Towns Franken: Director de Wine Unify<\/li><li>Mike Veseth: Editor de El economista del vino<\/li><li>Mike Wangbickler: Presidente de comunicaciones y marketing de Balzac<\/li><\/ul>\n\n\n\n<p><strong>Francia<\/strong><\/p>\n\n\n\n<ul class=\"wp-block-list\"><li>Sylvie Cazes: Director general de Burdeos Saveurs<\/li><li>Pierre Corvisier: Director Global de Nuevos Servicios&nbsp;de Hillebrand<\/li><li>Margareth Henriquez: Presidente y CEO de La casa de Krug<\/li><li>Rodolphe Lameyse: CEO de Vinexposio<\/li><li>Pauline Vicard: Director ejecutivo de Areni Global &#8211; FM4FW<\/li><\/ul>\n\n\n\n<p><strong>Gran Breta\u00f1a<\/strong><\/p>\n\n\n\n<ul class=\"wp-block-list\"><li>Simon Gane: Rin\u00f3logo de la&nbsp;Royal National Throat Nose Ear Hospital<\/li><li>Richard Halstead: CEO de Inteligencia del vino<\/li><li>Robert Joseph: Editor de El pensador del vino<\/li><li>Rupert Joy: Consultor y escritor de Vino Internacional<\/li><li>Richard Siddle: Editor de El comprador<\/li><\/ul>\n\n\n\n<p><strong>India<\/strong><\/p>\n\n\n\n<ul class=\"wp-block-list\"><li>Subhash Arora: Presidente de la Academia de Vinos de la India<\/li><\/ul>\n\n\n\n<p><strong>Italia<\/strong><\/p>\n\n\n\n<ul class=\"wp-block-list\"><li>Stevie Kim: Director general de Vinitaly International<\/li><li>Mich\u00e8le Shah: Consultor de Exportaci\u00f3n de Vinos Italianos Fundador de Speedtasting<\/li><\/ul>\n\n\n\n<p><strong>Nueva Zelanda<\/strong><\/p>\n\n\n\n<ul class=\"wp-block-list\"><li>Nigel Greening: Propietario de la Bodega Felton Road<\/li><li>Philip Gregan: CEO de Vinos de Nueva Zelanda<\/li><\/ul>\n\n\n\n<p><strong>Portugal<\/strong><\/p>\n\n\n\n<ul class=\"wp-block-list\"><li>Ant\u00f3nio Amorim:&nbsp;CEO&nbsp;de Amorim<\/li><li>Puente Adrian: CEO de La sociedad Fladgate<\/li><li>Frederico Falc\u00e3o: Presidente de ViniPortugal<\/li><\/ul>\n\n\n\n<p><strong>Sud\u00e1frica<\/strong><\/p>\n\n\n\n<ul class=\"wp-block-list\"><li>Carina Gous: Ejecutivo de marketing y ventas de Vinos Kleine Zalze<\/li><li>Mike Ratcliffe: Co-Fundador de Vilafont\u00e9 y Presidente de Stellenbosch Wine<\/li><li>Siobhan Thompson: CEO de Vinos de Sud\u00e1frica<\/li><\/ul>\n\n\n\n<div style=\"height:20px\" aria-hidden=\"true\" class=\"wp-block-spacer\"><\/div>\n\n\n\n<p class=\"has-medium-font-size\"><strong>Antes del congreso, la organizaci\u00f3n ofrece seminarios seg\u00fan el siguiente cronograma:<\/strong><\/p>\n\n\n\n<div style=\"height:20px\" aria-hidden=\"true\" class=\"wp-block-spacer\"><\/div>\n\n\n\n<div class=\"wp-block-image\"><figure class=\"aligncenter size-large\"><img loading=\"lazy\" decoding=\"async\" width=\"992\" height=\"513\" src=\"https:\/\/enolife.com.ar\/es\/wp-content\/uploads\/2020\/12\/image-18.png\" alt=\"\" class=\"wp-image-26286\" srcset=\"https:\/\/enolife.com.ar\/es\/wp-content\/uploads\/2020\/12\/image-18.png 992w, https:\/\/enolife.com.ar\/es\/wp-content\/uploads\/2020\/12\/image-18-300x155.png 300w, https:\/\/enolife.com.ar\/es\/wp-content\/uploads\/2020\/12\/image-18-768x397.png 768w, https:\/\/enolife.com.ar\/es\/wp-content\/uploads\/2020\/12\/image-18-585x303.png 585w\" sizes=\"auto, (max-width: 992px) 100vw, 992px\" \/><\/figure><\/div>\n\n\n\n<div style=\"height:20px\" aria-hidden=\"true\" class=\"wp-block-spacer\"><\/div>\n\n\n\n<p class=\"has-small-font-size\"><strong><em>Fuente: <a href=\"http:\/\/www.winefuture2021.com\/en\/\">www.winefuture2021.com\/en\/<\/a><\/em><\/strong><\/p>\n\n\n\n<div style=\"height:28px\" aria-hidden=\"true\" class=\"wp-block-spacer\"><\/div>\n","protected":false},"excerpt":{"rendered":"<p>En el congreso Wine Future 2021, que se realizar\u00e1 del 23 al 26 de febrero&hellip;<\/p>\n","protected":false},"author":3,"featured_media":26294,"comment_status":"open","ping_status":"open","sticky":false,"template":"","format":"standard","meta":{"footnotes":""},"categories":[10],"tags":[],"class_list":["post-26202","post","type-post","status-publish","format-standard","has-post-thumbnail","hentry","category-ferias"],"_links":{"self":[{"href":"https:\/\/enolife.com.ar\/es\/wp-json\/wp\/v2\/posts\/26202","targetHints":{"allow":["GET"]}}],"collection":[{"href":"https:\/\/enolife.com.ar\/es\/wp-json\/wp\/v2\/posts"}],"about":[{"href":"https:\/\/enolife.com.ar\/es\/wp-json\/wp\/v2\/types\/post"}],"author":[{"embeddable":true,"href":"https:\/\/enolife.com.ar\/es\/wp-json\/wp\/v2\/users\/3"}],"replies":[{"embeddable":true,"href":"https:\/\/enolife.com.ar\/es\/wp-json\/wp\/v2\/comments?post=26202"}],"version-history":[{"count":0,"href":"https:\/\/enolife.com.ar\/es\/wp-json\/wp\/v2\/posts\/26202\/revisions"}],"wp:featuredmedia":[{"embeddable":true,"href":"https:\/\/enolife.com.ar\/es\/wp-json\/wp\/v2\/media\/26294"}],"wp:attachment":[{"href":"https:\/\/enolife.com.ar\/es\/wp-json\/wp\/v2\/media?parent=26202"}],"wp:term":[{"taxonomy":"category","embeddable":true,"href":"https:\/\/enolife.com.ar\/es\/wp-json\/wp\/v2\/categories?post=26202"},{"taxonomy":"post_tag","embeddable":true,"href":"https:\/\/enolife.com.ar\/es\/wp-json\/wp\/v2\/tags?post=26202"}],"curies":[{"name":"wp","href":"https:\/\/api.w.org\/{rel}","templated":true}]}}