{"id":26023,"date":"2020-12-29T03:48:18","date_gmt":"2020-12-29T03:48:18","guid":{"rendered":"http:\/\/enolife.com.ar\/es\/?p=26023"},"modified":"2021-01-02T16:31:01","modified_gmt":"2021-01-02T16:31:01","slug":"impulsar-las-pequenas-bodegas-y-el-enoturismo-y-exportar-mas-ejes-del-pevi-2030-actualizado","status":"publish","type":"post","link":"https:\/\/enolife.com.ar\/es\/impulsar-las-pequenas-bodegas-y-el-enoturismo-y-exportar-mas-ejes-del-pevi-2030-actualizado\/","title":{"rendered":"Impulsar las peque\u00f1as bodegas y el enoturismo y exportar m\u00e1s, ejes del PEVI 2030 actualizado"},"content":{"rendered":"\n<h4 class=\"wp-block-heading\"><em><strong>Con  aportes de toda la industria durante los \u00faltimos dos a\u00f1os y con su reciente publicaci\u00f3n en el Bolet\u00edn Oficial, la ley 25.849 (Plan Estrat\u00e9gico Vitivin\u00edcola Argentino 2020, sancionada en 2004) actualiza su planificaci\u00f3n y extiende sus objetivos hasta el a\u00f1o 2030. En el texto de la ley se precisa que se recibir\u00e1n nuevas contribuciones de los actores del vino y que los objetivos se ir\u00e1n acomodando seg\u00fan el contexto macroecon\u00f3mico. En las pr\u00f3ximas semanas, la Corporaci\u00f3n Vitivin\u00edcola Argentina comunicar\u00e1 precisiones sobre el contenido del PEVI 2030. Y en el tradicional Desayuno de la Coviar, en marzo pr\u00f3ximo, el Plan se presentar\u00e1 en p\u00fablico con detalles sobre su aplicaci\u00f3n.<\/strong><\/em><\/h4>\n\n\n\n<div style=\"height:75px\" aria-hidden=\"true\" class=\"wp-block-spacer\"><\/div>\n\n\n\n<p>El 11 de diciembre de 2020, la <strong>Corporaci\u00f3n Vitivin\u00edcola Argentina (Coviar)<\/strong> expuso al ministro de Agricultura, Ganader\u00eda y Pesca de la Naci\u00f3n, <strong>Luis Basterra<\/strong>, un informe de actualizaci\u00f3n del proceso de construcci\u00f3n del Plan Estrat\u00e9gico de cara al 2030, donde el eje central es \u00abbuscar el bien com\u00fan y el desarrollo sustentable de todos los sectores\u00bb y cuyas metas son \u00abmantener y mejorar lo que ya se tiene y trabajar para lograr una diversidad de productos, la sustentabilidad de las peque\u00f1as bodegas y de las exportaciones de uva de mesa, una estabilidad en las exportaciones a granel y generar m\u00e1s exportaciones de vino\u00bb. <\/p>\n\n\n\n<div style=\"height:20px\" aria-hidden=\"true\" class=\"wp-block-spacer\"><\/div>\n\n\n\n<h4 class=\"has-vivid-red-color has-text-color wp-block-heading\">El eje central del PEVI 2030 es \u00abbuscar el bien com\u00fan y el desarrollo sustentable de todos los sectores\u00bb de la industria vitivin\u00edcola.<\/h4>\n\n\n\n<div style=\"height:20px\" aria-hidden=\"true\" class=\"wp-block-spacer\"><\/div>\n\n\n\n<p>En el encuentro virtual entre Basterra y los dirigentes vitivin\u00edcola estuvieron representados todos los sectores, con 72 participantes, entre ellos los directores de la Coviar, funcionarios de los gobiernos provinciales y directivos de c\u00e1maras empresarias y de productores de las provincias vitivin\u00edcolas, de Salta a R\u00edo Negro, junto con funcionarios y t\u00e9cnicos del INTA y del Instituto Nacional de Vitivinicultura (INV).<\/p>\n\n\n\n<p>En esa oportunidad, Basterra manifest\u00f3 que \u00abes de un valor muy alto que diez a\u00f1os despu\u00e9s tengamos la oportunidad de revisar el plan 2020 y ver c\u00f3mo nos imaginamos la vitivinicultura para la pr\u00f3xima d\u00e9cada\u00bb, y destac\u00f3 \u00abel compromiso interinstitucional del INTA, el INV y la Coviar, en cuanto al involucramiento que han tenido los equipos t\u00e9cnicos, ofreciendo hoy esta fase del dise\u00f1o del plan estrat\u00e9gico, un documento muy alentador, porque rescata la experiencia anterior y nos genera una visi\u00f3n positiva hacia el futuro\u00bb.<\/p>\n\n\n\n<div style=\"height:20px\" aria-hidden=\"true\" class=\"wp-block-spacer\"><\/div>\n\n\n\n<blockquote class=\"wp-block-quote is-layout-flow wp-block-quote-is-layout-flow\"><p>Es de un valor muy alto que 10 a\u00f1os despu\u00e9s tengamos la oportunidad de revisar el plan 2020 y ver c\u00f3mo nos imaginamos la vitivinicultura para la pr\u00f3xima d\u00e9cada\u00bb.<\/p><cite>Luis Basterra, ministro de Agricultura de Argentina<\/cite><\/blockquote>\n\n\n\n<div style=\"height:20px\" aria-hidden=\"true\" class=\"wp-block-spacer\"><\/div>\n\n\n\n<p>\u00abRescato la participaci\u00f3n de los gobiernos provinciales, con el involucramiento del poder territorial en el proceso, y es una gran oportunidad para ampliar la base del debate a una mayor cantidad de actores que por diversas circunstancias hoy pueden eventualmente no estar consustanciados con un trabajo tan bueno como el que estamos viendo ac\u00e1. Obviamente, como se ha dicho, esto no es una ley escrita en piedra, sino que es parte de un proceso de definici\u00f3n de la visi\u00f3n estrat\u00e9gica que nosotros valoramos en su exacta dimensi\u00f3n\u00bb, concluy\u00f3 el ministro.<\/p>\n\n\n\n<p>Por su parte, <strong>Jos\u00e9 \u00abPepe\u00bb Zuccardi<\/strong>, presidente de Coviar, afirm\u00f3:&nbsp;\u00abLa verdad es que ha sido un proceso muy rico, de much\u00edsima participaci\u00f3n. En la reuni\u00f3n con el ministro estuvo representado el pa\u00eds vitivin\u00edcola en su totalidad, desde Salta hasta R\u00edo Negro. Tenemos gente de los Centros de Desarrollo Vit\u00edcolas, de los gobiernos provinciales, del INTA y el INV, junto con los miembros del Directorio de Coviar.\u00bb. Y redonde\u00f3: \u00abLa verdad es que esta articulaci\u00f3n p\u00fablico-privada nos da elementos muy valiosos para enfrentar el futuro\u00bb.<\/p>\n\n\n\n<div style=\"height:20px\" aria-hidden=\"true\" class=\"wp-block-spacer\"><\/div>\n\n\n\n<blockquote class=\"wp-block-quote is-layout-flow wp-block-quote-is-layout-flow\"><p>Esta articulaci\u00f3n p\u00fablico-privada nos da elementos muy valiosos para enfrentar el futuro\u00bb<\/p><cite>Jos\u00e9 \u00abPepe\u00bb Zuccardi, presidente de la Corporaci\u00f3n Vitivin\u00edcola Argentina<\/cite><\/blockquote>\n\n\n\n<div style=\"height:20px\" aria-hidden=\"true\" class=\"wp-block-spacer\"><\/div>\n\n\n\n<p>Por su parte, el director del <strong>INTA<\/strong>, <strong>Carlos Parera<\/strong>, quien coordin\u00f3 el proceso de construcci\u00f3n del plan, coment\u00f3 que \u00abes un muy buen trabajo, con un alto grado de participaci\u00f3n p\u00fablica y privada; la idea era hacer un plan muy participativo, con una interacci\u00f3n muy grande de todos los sectores, del acad\u00e9mico, los productores, del trabajo, de los organismos t\u00e9cnicos, y eso realmente nos dio la confianza para que el plan se asiente sobre bases s\u00f3lidas\u00bb.<\/p>\n\n\n\n<p>Entre los art\u00edculos de la ley modificada y publicada recientemente en el Bolet\u00edn Oficial, se destaca que no es una planificaci\u00f3n r\u00edgida sino que est\u00e1 abierta a todo tipo de aportes y sugerencias de los distintos segmentos y regiones, a trav\u00e9s de las cuales se podr\u00e1 contribuir a una mejor adaptaci\u00f3n de las acciones, programas y proyectos a las distintas coyunturas que deba afrontar el sector. <\/p>\n\n\n\n<p>Tambi\u00e9n especifica la modificatoria de la ley que se implementar\u00e1n talleres regionales de difusi\u00f3n de los contenidos, destinados a recibir aquellas devoluciones de las particularidades de las respectivas situaciones regionales vinculadas a la planificaci\u00f3n estrat\u00e9gica espec\u00edfica de tales zonas, lo que se podr\u00e1 hacer una vez superado el aislamiento social resultante de la emergencia sanitaria.<\/p>\n\n\n\n<div style=\"height:20px\" aria-hidden=\"true\" class=\"wp-block-spacer\"><\/div>\n\n\n\n<p class=\"has-background has-luminous-vivid-amber-background-color\"><strong>Ver bolet\u00edn oficial: <a href=\"https:\/\/www.boletinoficial.gob.ar\/detalleAviso\/primera\/238999\/20201222\">Resoluci\u00f3n Anexa I Acta D.R. <\/a><\/strong><\/p>\n\n\n\n<div style=\"height:20px\" aria-hidden=\"true\" class=\"wp-block-spacer\"><\/div>\n\n\n\n<p>Consultado sobre el particular <strong>Federico Manrique<\/strong>, periodista especializado y m\u00e1ximo responsable de Comunicaci\u00f3n Institucional de la Corporaci\u00f3n Vitivin\u00edcola Argentina, aclar\u00f3 que, en virtud de la complejidad y extensi\u00f3n del PEVI 2030, sumadas a las postergaciones obligadas en la aplicaci\u00f3n de acciones programadas a causa de la pandemia mundial, la Coviar est\u00e1 formulando un plan de comunicaci\u00f3n para dar a conocer p\u00fablicamente, a la brevedad, los contenidos del Plan. Y que su presentaci\u00f3n oficial, con an\u00e1lisis y diagn\u00f3sticos pormenorizados, se har\u00e1 durante el pr\u00f3ximo Desayuno de la Coviar, en los primeros d\u00edas de marzo de 2021.<\/p>\n\n\n\n<div style=\"height:20px\" aria-hidden=\"true\" class=\"wp-block-spacer\"><\/div>\n\n\n\n<blockquote class=\"wp-block-quote is-layout-flow wp-block-quote-is-layout-flow\"><p>Para realizar la actualizaci\u00f3n de la planificaci\u00f3n del PEVI 2020 a los objetivos previstos hasta 2030, se realizaron reuniones virtuales con 55 entidades vitivin\u00edcolas del pa\u00eds, desde gremios, somelliers, las mujeres del vino&#8230; Y se mand\u00f3 por email el Plan a 1.500 referentes para que lo analizaran y aportaran sugerencias\u00bb.<\/p><cite>Federido Manrique, titular de Comunicaci\u00f3n Institucional de la Coviar<\/cite><\/blockquote>\n\n\n\n<div style=\"height:20px\" aria-hidden=\"true\" class=\"wp-block-spacer\"><\/div>\n\n\n\n<p>Tambi\u00e9n inform\u00f3 Manrique que una de las novedades del Plan es que habr\u00e1 revisiones anuales de los objetivos y metas, para adaptarlas o corregirlas seg\u00fan las oscilaciones de la macroeconom\u00eda argentina, y en funci\u00f3n de la demanda interna, de la exportaci\u00f3n de productos vitivin\u00edcolas y de las necesidades planteadas en cada oasis productivo del pa\u00eds. <\/p>\n\n\n\n<div style=\"height:20px\" aria-hidden=\"true\" class=\"wp-block-spacer\"><\/div>\n\n\n\n<p class=\"has-small-font-size\"><em><strong>Fuentes: Corporaci\u00f3n Vitivin\u00edcola Argentina e Instituto Nacional de Vitivinicultura<\/strong><\/em><\/p>\n\n\n\n<p><\/p>\n","protected":false},"excerpt":{"rendered":"<p>Con aportes de toda la industria durante los \u00faltimos dos a\u00f1os y con su reciente&hellip;<\/p>\n","protected":false},"author":3,"featured_media":26040,"comment_status":"open","ping_status":"open","sticky":false,"template":"","format":"standard","meta":{"footnotes":""},"categories":[14],"tags":[],"class_list":["post-26023","post","type-post","status-publish","format-standard","has-post-thumbnail","hentry","category-news"],"_links":{"self":[{"href":"https:\/\/enolife.com.ar\/es\/wp-json\/wp\/v2\/posts\/26023","targetHints":{"allow":["GET"]}}],"collection":[{"href":"https:\/\/enolife.com.ar\/es\/wp-json\/wp\/v2\/posts"}],"about":[{"href":"https:\/\/enolife.com.ar\/es\/wp-json\/wp\/v2\/types\/post"}],"author":[{"embeddable":true,"href":"https:\/\/enolife.com.ar\/es\/wp-json\/wp\/v2\/users\/3"}],"replies":[{"embeddable":true,"href":"https:\/\/enolife.com.ar\/es\/wp-json\/wp\/v2\/comments?post=26023"}],"version-history":[{"count":0,"href":"https:\/\/enolife.com.ar\/es\/wp-json\/wp\/v2\/posts\/26023\/revisions"}],"wp:featuredmedia":[{"embeddable":true,"href":"https:\/\/enolife.com.ar\/es\/wp-json\/wp\/v2\/media\/26040"}],"wp:attachment":[{"href":"https:\/\/enolife.com.ar\/es\/wp-json\/wp\/v2\/media?parent=26023"}],"wp:term":[{"taxonomy":"category","embeddable":true,"href":"https:\/\/enolife.com.ar\/es\/wp-json\/wp\/v2\/categories?post=26023"},{"taxonomy":"post_tag","embeddable":true,"href":"https:\/\/enolife.com.ar\/es\/wp-json\/wp\/v2\/tags?post=26023"}],"curies":[{"name":"wp","href":"https:\/\/api.w.org\/{rel}","templated":true}]}}