{"id":25615,"date":"2020-12-18T19:44:13","date_gmt":"2020-12-18T19:44:13","guid":{"rendered":"http:\/\/enolife.com.ar\/es\/?p=25615"},"modified":"2020-12-22T01:28:39","modified_gmt":"2020-12-22T01:28:39","slug":"eduardo-sancho-opino-sobre-el-pevi-2030-el-banco-de-vinos-y-portezuelo-en-el-cierre-de-ano-de-acovi","status":"publish","type":"post","link":"https:\/\/enolife.com.ar\/es\/eduardo-sancho-opino-sobre-el-pevi-2030-el-banco-de-vinos-y-portezuelo-en-el-cierre-de-ano-de-acovi\/","title":{"rendered":"Eduardo Sancho opin\u00f3 sobre el PEVI 2030 y el Banco de Vinos en el cierre de a\u00f1o de Acovi"},"content":{"rendered":"\n<h4 class=\"wp-block-heading\"><em><strong>El lunes 14\/12, la Asociaci\u00f3n de Cooperativas Vitivin\u00edcolas Argentinas (Acovi) reuni\u00f3 en el restaurante Francesco, de la capital mendocina, a periodistas especializados, dirigentes y productores para despedir un 2020 complicado. La actividad se desarroll\u00f3 bajo estrictas normas de seguridad sanitaria y cumpliendo los protocolos de prevenci\u00f3n ante el covid-19. Tras el almuerzo, el presidente de la entidad, Eduardo Sancho, elogi\u00f3 la iniciativa del gobierno de crear el Banco de Vinos, anunci\u00f3 que el PEVI 2030 ya est\u00e1 concluido y aplic\u00e1ndose y se refiri\u00f3 a la escasez h\u00eddrica, la futura construcci\u00f3n del dique Portezuelo del Viento y el trasvase de aguas del r\u00edo Atuel. Finalmente, cerr\u00f3 destacando la labor de su entidad para lograr mayor conectividad en el sector y mejor financiamiento. <\/strong><\/em><\/h4>\n\n\n\n<div style=\"height:20px\" aria-hidden=\"true\" class=\"wp-block-spacer\"><\/div>\n\n\n\n<div style=\"height:20px\" aria-hidden=\"true\" class=\"wp-block-spacer\"><\/div>\n\n\n\n<div class=\"wp-block-image\"><figure class=\"aligncenter size-large is-resized\"><img loading=\"lazy\" decoding=\"async\" src=\"https:\/\/enolife.com.ar\/es\/wp-content\/uploads\/2020\/12\/89967394-f7a9-4250-865e-60a3008e18bd-1024x682.jpg\" alt=\"\" class=\"wp-image-25702\" width=\"559\" height=\"372\" srcset=\"https:\/\/enolife.com.ar\/es\/wp-content\/uploads\/2020\/12\/89967394-f7a9-4250-865e-60a3008e18bd-1024x682.jpg 1024w, https:\/\/enolife.com.ar\/es\/wp-content\/uploads\/2020\/12\/89967394-f7a9-4250-865e-60a3008e18bd-300x200.jpg 300w, https:\/\/enolife.com.ar\/es\/wp-content\/uploads\/2020\/12\/89967394-f7a9-4250-865e-60a3008e18bd-768x512.jpg 768w, https:\/\/enolife.com.ar\/es\/wp-content\/uploads\/2020\/12\/89967394-f7a9-4250-865e-60a3008e18bd-1170x780.jpg 1170w, https:\/\/enolife.com.ar\/es\/wp-content\/uploads\/2020\/12\/89967394-f7a9-4250-865e-60a3008e18bd-585x390.jpg 585w, https:\/\/enolife.com.ar\/es\/wp-content\/uploads\/2020\/12\/89967394-f7a9-4250-865e-60a3008e18bd.jpg 1280w\" sizes=\"auto, (max-width: 559px) 100vw, 559px\" \/><figcaption><em>Cooperativistas integrantes de la comisi\u00f3n directiva de Acovi<\/em>.<\/figcaption><\/figure><\/div>\n\n\n\n<div style=\"height:20px\" aria-hidden=\"true\" class=\"wp-block-spacer\"><\/div>\n\n\n\n<div class=\"wp-block-image\"><figure class=\"aligncenter size-large is-resized\"><img loading=\"lazy\" decoding=\"async\" src=\"https:\/\/enolife.com.ar\/es\/wp-content\/uploads\/2020\/12\/119eb113-623f-4de4-b12e-b446314f0103-1024x682.jpg\" alt=\"\" class=\"wp-image-25709\" width=\"569\" height=\"379\" srcset=\"https:\/\/enolife.com.ar\/es\/wp-content\/uploads\/2020\/12\/119eb113-623f-4de4-b12e-b446314f0103-1024x682.jpg 1024w, https:\/\/enolife.com.ar\/es\/wp-content\/uploads\/2020\/12\/119eb113-623f-4de4-b12e-b446314f0103-300x200.jpg 300w, https:\/\/enolife.com.ar\/es\/wp-content\/uploads\/2020\/12\/119eb113-623f-4de4-b12e-b446314f0103-768x512.jpg 768w, https:\/\/enolife.com.ar\/es\/wp-content\/uploads\/2020\/12\/119eb113-623f-4de4-b12e-b446314f0103-1170x780.jpg 1170w, https:\/\/enolife.com.ar\/es\/wp-content\/uploads\/2020\/12\/119eb113-623f-4de4-b12e-b446314f0103-585x390.jpg 585w, https:\/\/enolife.com.ar\/es\/wp-content\/uploads\/2020\/12\/119eb113-623f-4de4-b12e-b446314f0103.jpg 1280w\" sizes=\"auto, (max-width: 569px) 100vw, 569px\" \/><figcaption><em>Sergio Barbadillo, de Cooperativa El Poniente de San Rafael; Alicia Galante, presidenta de Cooperativa Ingeniero Giagnoni y Eduardo Sancho, presidente de Acovi y Fecovita.<\/em><\/figcaption><\/figure><\/div>\n\n\n\n<div style=\"height:20px\" aria-hidden=\"true\" class=\"wp-block-spacer\"><\/div>\n\n\n\n<div class=\"wp-block-image\"><figure class=\"aligncenter size-large is-resized\"><img loading=\"lazy\" decoding=\"async\" src=\"https:\/\/enolife.com.ar\/es\/wp-content\/uploads\/2020\/12\/los-3-1024x682.jpg\" alt=\"\" class=\"wp-image-25683\" width=\"563\" height=\"375\" srcset=\"https:\/\/enolife.com.ar\/es\/wp-content\/uploads\/2020\/12\/los-3-1024x682.jpg 1024w, https:\/\/enolife.com.ar\/es\/wp-content\/uploads\/2020\/12\/los-3-300x200.jpg 300w, https:\/\/enolife.com.ar\/es\/wp-content\/uploads\/2020\/12\/los-3-768x512.jpg 768w, https:\/\/enolife.com.ar\/es\/wp-content\/uploads\/2020\/12\/los-3-1170x780.jpg 1170w, https:\/\/enolife.com.ar\/es\/wp-content\/uploads\/2020\/12\/los-3-585x390.jpg 585w, https:\/\/enolife.com.ar\/es\/wp-content\/uploads\/2020\/12\/los-3.jpg 1280w\" sizes=\"auto, (max-width: 563px) 100vw, 563px\" \/><figcaption><strong><em>Eduardo Sancho, el subgerente de Acovi Nicol\u00e1s Vicchi y Laura Carbonari, anfitriona y jefa de prensa de la entidad.<\/em><\/strong><\/figcaption><\/figure><\/div>\n\n\n\n<div style=\"height:20px\" aria-hidden=\"true\" class=\"wp-block-spacer\"><\/div>\n\n\n\n<div class=\"wp-block-image\"><figure class=\"aligncenter size-large is-resized\"><img loading=\"lazy\" decoding=\"async\" src=\"https:\/\/enolife.com.ar\/es\/wp-content\/uploads\/2020\/12\/mesa-nuestra-1024x682.jpg\" alt=\"\" class=\"wp-image-25684\" width=\"563\" height=\"374\" srcset=\"https:\/\/enolife.com.ar\/es\/wp-content\/uploads\/2020\/12\/mesa-nuestra-1024x682.jpg 1024w, https:\/\/enolife.com.ar\/es\/wp-content\/uploads\/2020\/12\/mesa-nuestra-300x200.jpg 300w, https:\/\/enolife.com.ar\/es\/wp-content\/uploads\/2020\/12\/mesa-nuestra-768x512.jpg 768w, https:\/\/enolife.com.ar\/es\/wp-content\/uploads\/2020\/12\/mesa-nuestra-1170x780.jpg 1170w, https:\/\/enolife.com.ar\/es\/wp-content\/uploads\/2020\/12\/mesa-nuestra-585x390.jpg 585w, https:\/\/enolife.com.ar\/es\/wp-content\/uploads\/2020\/12\/mesa-nuestra.jpg 1280w\" sizes=\"auto, (max-width: 563px) 100vw, 563px\" \/><figcaption><em>Los periodistas Pedro Straniero y Lorena Mellone, de Enolife;, Marcelo Bustos Herrera y Pablo P\u00e9rez Delgado, de Conexi\u00f3n Agro; Eduardo Sancho y Mario Urz\u00faa, de Canal 9.<\/em><\/figcaption><\/figure><\/div>\n\n\n\n<div class=\"wp-block-image\"><figure class=\"aligncenter size-large is-resized\"><img loading=\"lazy\" decoding=\"async\" src=\"https:\/\/enolife.com.ar\/es\/wp-content\/uploads\/2020\/12\/WhatsApp-Image-2020-12-18-at-16.10.20-1024x682.jpeg\" alt=\"\" class=\"wp-image-25710\" width=\"563\" height=\"375\" srcset=\"https:\/\/enolife.com.ar\/es\/wp-content\/uploads\/2020\/12\/WhatsApp-Image-2020-12-18-at-16.10.20-1024x682.jpeg 1024w, https:\/\/enolife.com.ar\/es\/wp-content\/uploads\/2020\/12\/WhatsApp-Image-2020-12-18-at-16.10.20-300x200.jpeg 300w, https:\/\/enolife.com.ar\/es\/wp-content\/uploads\/2020\/12\/WhatsApp-Image-2020-12-18-at-16.10.20-768x512.jpeg 768w, https:\/\/enolife.com.ar\/es\/wp-content\/uploads\/2020\/12\/WhatsApp-Image-2020-12-18-at-16.10.20-1170x780.jpeg 1170w, https:\/\/enolife.com.ar\/es\/wp-content\/uploads\/2020\/12\/WhatsApp-Image-2020-12-18-at-16.10.20-585x390.jpeg 585w, https:\/\/enolife.com.ar\/es\/wp-content\/uploads\/2020\/12\/WhatsApp-Image-2020-12-18-at-16.10.20.jpeg 1280w\" sizes=\"auto, (max-width: 563px) 100vw, 563px\" \/><figcaption><em>Los periodistas Carlos Hern\u00e1ndez, de Radio Nihuil; Roxana Badaloni, de Clar\u00edn; Miguel Flores, de Sitio Andino y Laura Carbonari, de Cadena 3.<\/em><\/figcaption><\/figure><\/div>\n\n\n\n<div style=\"height:20px\" aria-hidden=\"true\" class=\"wp-block-spacer\"><\/div>\n\n\n\n<div class=\"wp-block-image\"><figure class=\"aligncenter size-large is-resized\"><img loading=\"lazy\" decoding=\"async\" src=\"https:\/\/enolife.com.ar\/es\/wp-content\/uploads\/2020\/12\/ricardo-rodriguez-canal-9-1024x682.jpg\" alt=\"\" class=\"wp-image-25704\" width=\"555\" height=\"369\" srcset=\"https:\/\/enolife.com.ar\/es\/wp-content\/uploads\/2020\/12\/ricardo-rodriguez-canal-9-1024x682.jpg 1024w, https:\/\/enolife.com.ar\/es\/wp-content\/uploads\/2020\/12\/ricardo-rodriguez-canal-9-300x200.jpg 300w, https:\/\/enolife.com.ar\/es\/wp-content\/uploads\/2020\/12\/ricardo-rodriguez-canal-9-768x512.jpg 768w, https:\/\/enolife.com.ar\/es\/wp-content\/uploads\/2020\/12\/ricardo-rodriguez-canal-9-1170x780.jpg 1170w, https:\/\/enolife.com.ar\/es\/wp-content\/uploads\/2020\/12\/ricardo-rodriguez-canal-9-585x390.jpg 585w, https:\/\/enolife.com.ar\/es\/wp-content\/uploads\/2020\/12\/ricardo-rodriguez-canal-9.jpg 1280w\" sizes=\"auto, (max-width: 555px) 100vw, 555px\" \/><figcaption><em>Laura Carbonari entrega su presente a Ricardo Rodr\u00edguez, de Canal 9 y LV10.<\/em><\/figcaption><\/figure><\/div>\n\n\n\n<div style=\"height:20px\" aria-hidden=\"true\" class=\"wp-block-spacer\"><\/div>\n\n\n\n<div class=\"wp-block-image\"><figure class=\"aligncenter size-large is-resized\"><img loading=\"lazy\" decoding=\"async\" src=\"https:\/\/enolife.com.ar\/es\/wp-content\/uploads\/2020\/12\/productord-1024x682.jpg\" alt=\"\" class=\"wp-image-25689\" width=\"575\" height=\"383\" srcset=\"https:\/\/enolife.com.ar\/es\/wp-content\/uploads\/2020\/12\/productord-1024x682.jpg 1024w, https:\/\/enolife.com.ar\/es\/wp-content\/uploads\/2020\/12\/productord-300x200.jpg 300w, https:\/\/enolife.com.ar\/es\/wp-content\/uploads\/2020\/12\/productord-768x512.jpg 768w, https:\/\/enolife.com.ar\/es\/wp-content\/uploads\/2020\/12\/productord-1170x780.jpg 1170w, https:\/\/enolife.com.ar\/es\/wp-content\/uploads\/2020\/12\/productord-585x390.jpg 585w, https:\/\/enolife.com.ar\/es\/wp-content\/uploads\/2020\/12\/productord.jpg 1280w\" sizes=\"auto, (max-width: 575px) 100vw, 575px\" \/><figcaption><em>Productores invitados recibiendo obsequios junto a Laura Carbonari, Carolina Martinez y Agust\u00edn Ortiz, de Comunicaci\u00f3n y M\u00e1rketing de Fecovita.<\/em><\/figcaption><\/figure><\/div>\n\n\n\n<div style=\"height:20px\" aria-hidden=\"true\" class=\"wp-block-spacer\"><\/div>\n\n\n\n<p class=\"has-medium-font-size\"><strong>Resumen del a\u00f1o por Eduardo Sancho<\/strong><\/p>\n\n\n\n<p>Antes del brindis final, Eduardo Sancho, presidente de Acovi y Fecovita, expuso sus opiniones con respecto a varios temas que incidieron durante 2020 en la industria vitiv\u00ednicola.<\/p>\n\n\n\n<p>Sancho comenz\u00f3 con el <strong>Banco de Vinos<\/strong>, refieri\u00e9ndose a esta iniciativa como un acierto del gobierno provincial, argumentado que \u00abes necesario el equilibrio en el mercado de oferta y demanda para que los productores peque\u00f1os y medianos no se vean  afectados\u00bb.<\/p>\n\n\n\n<p>En cuanto <strong>Plan Estrat\u00e9gico Vitivin\u00edcola 2030<\/strong>, expres\u00f3: \u201cTenemos la gran alegr\u00eda que el plan est\u00e1 concluido y se hizo una reuni\u00f3n con el ministro de Agricultura de la Naci\u00f3n para mostrarle los alcances del mismo. Ese es un paso muy importante en el que trabajan en conjunto actores de  la vitivinicultura con el Gobierno Provincial,  el INTA y el INV. Por razones pol\u00edticas hay algunas entidades que no han querido participar. Est\u00e1 abierto para que se puedan seguir incorporando las diferentes organizaciones. Tiene que ser un plan de toda la vitivinicultura. Es un aspecto que el a\u00f1o que viene vamos a seguir trabajando\u201d, expres\u00f3.<\/p>\n\n\n\n<p><\/p>\n\n\n\n<p class=\"has-background has-pale-cyan-blue-background-color\"><strong>Mar\u00eda Teresa y Beatriz Barbera, anfitrionas de lujo<\/strong><br><br>El almuerzo consisti\u00f3 en un men\u00fa de tres pasos, con platos especiales ideados por la empresaria y chef \u00edtalo-argentina Mar\u00eda Teresa Barbera, quien junto a su hija Beatriz conducen el restaurante Francesco. La comida estuvo maridada con la l\u00ednea de vinos premium Los Helechos, de Fecovita.<\/p>\n\n\n\n<div style=\"height:20px\" aria-hidden=\"true\" class=\"wp-block-spacer\"><\/div>\n\n\n\n<div class=\"wp-block-image\"><figure class=\"aligncenter size-large is-resized\"><img loading=\"lazy\" decoding=\"async\" src=\"https:\/\/enolife.com.ar\/es\/wp-content\/uploads\/2020\/12\/d9f228b2-c8a0-418e-a91a-80f4ba143188-1024x682.jpg\" alt=\"\" class=\"wp-image-25691\" width=\"546\" height=\"363\" srcset=\"https:\/\/enolife.com.ar\/es\/wp-content\/uploads\/2020\/12\/d9f228b2-c8a0-418e-a91a-80f4ba143188-1024x682.jpg 1024w, https:\/\/enolife.com.ar\/es\/wp-content\/uploads\/2020\/12\/d9f228b2-c8a0-418e-a91a-80f4ba143188-300x200.jpg 300w, https:\/\/enolife.com.ar\/es\/wp-content\/uploads\/2020\/12\/d9f228b2-c8a0-418e-a91a-80f4ba143188-768x512.jpg 768w, https:\/\/enolife.com.ar\/es\/wp-content\/uploads\/2020\/12\/d9f228b2-c8a0-418e-a91a-80f4ba143188-1170x780.jpg 1170w, https:\/\/enolife.com.ar\/es\/wp-content\/uploads\/2020\/12\/d9f228b2-c8a0-418e-a91a-80f4ba143188-585x390.jpg 585w, https:\/\/enolife.com.ar\/es\/wp-content\/uploads\/2020\/12\/d9f228b2-c8a0-418e-a91a-80f4ba143188.jpg 1280w\" sizes=\"auto, (max-width: 546px) 100vw, 546px\" \/><figcaption><em>Eduardo Sancho<\/em><\/figcaption><\/figure><\/div>\n\n\n\n<div style=\"height:20px\" aria-hidden=\"true\" class=\"wp-block-spacer\"><\/div>\n\n\n\n<p>Otro tema que se debati\u00f3 durante la actividad fue la escasez h\u00eddrica. Sancho remarc\u00f3 que el agua es un recurso cada vez m\u00e1s escaso en la provincia de Mendoza: \u201cNo tenemos obras h\u00eddricas importantes, Mendoza no se ha tomado en serio lo que tiene que hacer con el recurso h\u00eddrico. No puede ser que la provincia, estando en el siglo XXI, tenga un gran porcentaje de canales de tierra. No estamos pidiendo subsidios al Estado, eso siempre lo ha pagado el regante. De todas las inversiones h\u00eddricas, el 60% lo paga el regante y el 40% lo paga el Estado. Para hacer esas obras es necesario financiamiento a largo plazo. Ac\u00e1 hay un tema en el que no estamos de acuerdo con el Gobierno provincial: nosotros defendemos a muerte el trasvase del r\u00edo Grande al Atuel, porque Mendoza no se puede dar el lujo de perder 34 metros c\u00fabicos para toda su vida. Nos estamos jugando los pr\u00f3ximos 200 a\u00f1os\u201d, resalt\u00f3.<\/p>\n\n\n\n<p>Adelant\u00f3 adem\u00e1s que si se hace <strong>Portezuelo del Viento <\/strong>como est\u00e1 programado, no se puede hacer el <strong>trasvase<\/strong>. \u201cSignifica 110 kil\u00f3metros de un canal s\u00faper ancho, donde tiene que tener un t\u00fanel de 35 kil\u00f3metros de largo, lo que lo convierte en una obra irrealizable. Hay que hacer un Portezuelo m\u00e1s chico que permita un trasvase en cuenca alta. No nos estamos oponiendo a la obra, nos juntamos con el gobierno actual y con funcionarios. Desde Acovi decimos que el trasvase es una obra clave\u201d.<\/p>\n\n\n\n<p>Plante\u00f3 tambi\u00e9n su preocupaci\u00f3n sobre la <strong>inseguridad rural<\/strong>: \u201cLo mejor para todos es el desarrollo de las zonas rurales\u201d, expres\u00f3. Y denunci\u00f3 la gravedad de la ola de robos. \u201cHace poco un productor me llam\u00f3 angustiado porque es la segunda vez que le roban pulverizadoras e incluso maquinarias. Nos roban los tractores y hasta los cercos y palos\u00bb.<\/p>\n\n\n\n<p>Con respecto a la <strong>conectividad<\/strong>, indic\u00f3 que desde la instituci\u00f3n van a trabajar con el Gobierno en el 2021 para colaborar con la  conexi\u00f3n a las escuelas rurales  \u201cSi no hay conectividad, nos aislamos completamente\u201d, dijo Sancho.<\/p>\n\n\n\n<p>Finalmente, dio detalles sobre el <strong>bono social<\/strong> para productores que otorga <strong>Fecovita <\/strong>para insumos agr\u00edcolas: \u201cNos lleg\u00f3 una oferta de 12 millones de d\u00f3lares a tasa cero, cuando los bancos (Naci\u00f3n y otros) nos ped\u00edan tasa en d\u00f3lares del 8%. Hemos logrado, fuera del sistema bancario, una tasa 0 en d\u00f3lares. Fecovita va a garantizar ese pr\u00e9stamo con las exportaciones. Ese sistema lo vamos a profundizar, porque queremos ser competitivos a nivel internacional y para eso necesitamos mas productividad con los menos costos posibles. Los productores australianos, por ejemplo, est\u00e1n con un rendimiento de 250 quintales por hect\u00e1rea cuando la media nuestra es 150 y 180 quintales. Por eso, necesitamos tecnolog\u00eda suficiente y reconvertir vi\u00f1edos para poder competir. En eso estamos trabajando con el ministro Vaqui\u00e9, en una l\u00ednea de cr\u00e9ditos financiada por Fecovita y por el Fondo de la Transformaci\u00f3n, a valor vino tasa cero\u201d, expres\u00f3.<\/p>\n\n\n\n<div style=\"height:39px\" aria-hidden=\"true\" class=\"wp-block-spacer\"><\/div>\n","protected":false},"excerpt":{"rendered":"<p>El lunes 14\/12, la Asociaci\u00f3n de Cooperativas Vitivin\u00edcolas Argentinas (Acovi) reuni\u00f3 en el restaurante Francesco,&hellip;<\/p>\n","protected":false},"author":3,"featured_media":25695,"comment_status":"open","ping_status":"open","sticky":false,"template":"","format":"standard","meta":{"footnotes":""},"categories":[14],"tags":[],"class_list":["post-25615","post","type-post","status-publish","format-standard","has-post-thumbnail","hentry","category-news"],"_links":{"self":[{"href":"https:\/\/enolife.com.ar\/es\/wp-json\/wp\/v2\/posts\/25615","targetHints":{"allow":["GET"]}}],"collection":[{"href":"https:\/\/enolife.com.ar\/es\/wp-json\/wp\/v2\/posts"}],"about":[{"href":"https:\/\/enolife.com.ar\/es\/wp-json\/wp\/v2\/types\/post"}],"author":[{"embeddable":true,"href":"https:\/\/enolife.com.ar\/es\/wp-json\/wp\/v2\/users\/3"}],"replies":[{"embeddable":true,"href":"https:\/\/enolife.com.ar\/es\/wp-json\/wp\/v2\/comments?post=25615"}],"version-history":[{"count":0,"href":"https:\/\/enolife.com.ar\/es\/wp-json\/wp\/v2\/posts\/25615\/revisions"}],"wp:featuredmedia":[{"embeddable":true,"href":"https:\/\/enolife.com.ar\/es\/wp-json\/wp\/v2\/media\/25695"}],"wp:attachment":[{"href":"https:\/\/enolife.com.ar\/es\/wp-json\/wp\/v2\/media?parent=25615"}],"wp:term":[{"taxonomy":"category","embeddable":true,"href":"https:\/\/enolife.com.ar\/es\/wp-json\/wp\/v2\/categories?post=25615"},{"taxonomy":"post_tag","embeddable":true,"href":"https:\/\/enolife.com.ar\/es\/wp-json\/wp\/v2\/tags?post=25615"}],"curies":[{"name":"wp","href":"https:\/\/api.w.org\/{rel}","templated":true}]}}