{"id":25528,"date":"2020-12-16T21:58:21","date_gmt":"2020-12-16T21:58:21","guid":{"rendered":"http:\/\/enolife.com.ar\/es\/?p=25528"},"modified":"2020-12-17T01:52:58","modified_gmt":"2020-12-17T01:52:58","slug":"un-foro-de-bodegas-de-argentina-aborda-la-gestion-de-recursos-humanos-y-el-salario-emocional","status":"publish","type":"post","link":"https:\/\/enolife.com.ar\/es\/un-foro-de-bodegas-de-argentina-aborda-la-gestion-de-recursos-humanos-y-el-salario-emocional\/","title":{"rendered":"Un Foro de Bodegas de Argentina aborda la gesti\u00f3n de recursos humanos y el \u00absalario emocional\u00bb"},"content":{"rendered":"\n<h4 class=\"wp-block-heading\"><em><strong>Ma\u00f1ana jueves 17\/12\/20, desde las 10 hs, se realizar\u00e1, en formato virtual, el Foro de Capital Humano de Bodegas de Argentina y abordar\u00e1 la gesti\u00f3n del recurso humano, el bienestar de las personas y la performance de las empresas, antes, durante y despu\u00e9s de la pandemia.<\/strong><\/em><\/h4>\n\n\n\n<div style=\"height:30px\" aria-hidden=\"true\" class=\"wp-block-spacer\"><\/div>\n\n\n\n\n\n<div style=\"height:50px\" aria-hidden=\"true\" class=\"wp-block-spacer\"><\/div>\n\n\n\n<div class=\"wp-block-image\"><figure class=\"alignleft size-large is-resized\"><img loading=\"lazy\" decoding=\"async\" src=\"https:\/\/enolife.com.ar\/es\/wp-content\/uploads\/2020\/12\/foro-CH-placa-533x1024.jpg\" alt=\"\" class=\"wp-image-25543\" width=\"340\" height=\"653\" srcset=\"https:\/\/enolife.com.ar\/es\/wp-content\/uploads\/2020\/12\/foro-CH-placa-533x1024.jpg 533w, https:\/\/enolife.com.ar\/es\/wp-content\/uploads\/2020\/12\/foro-CH-placa-156x300.jpg 156w, https:\/\/enolife.com.ar\/es\/wp-content\/uploads\/2020\/12\/foro-CH-placa-768x1476.jpg 768w, https:\/\/enolife.com.ar\/es\/wp-content\/uploads\/2020\/12\/foro-CH-placa-799x1536.jpg 799w, https:\/\/enolife.com.ar\/es\/wp-content\/uploads\/2020\/12\/foro-CH-placa-585x1125.jpg 585w, https:\/\/enolife.com.ar\/es\/wp-content\/uploads\/2020\/12\/foro-CH-placa.jpg 851w\" sizes=\"auto, (max-width: 340px) 100vw, 340px\" \/><\/figure><\/div>\n\n\n\n<p>Asistir\u00e1n profesionales de las empresas del sector vitivin\u00edcola y otros ligados a la industria, quienes expondr\u00e1n en un panel sobre las nuevas tendencias laborales y el contexto regional y, en otro panel, sobre las exigencias y desaf\u00edos del empleo y el bienestar de las personas.<\/p>\n\n\n\n<p>El objetivo declarado de este Foro es brindar herramientas y compartir experiencias, de manera de tener una mirada abarcadora sobre el modelo de funcionamiento a futuro de las empresas y el rol que desempe\u00f1an las personas en las mismas.<\/p>\n\n\n\n<p>La jornada se desarrollar\u00e1 v\u00eda Zoom y contar\u00e1 de dos bloques que ser\u00e1n moderados por profesionales de la industria, de manera de generar un intercambio para abordar las diferentes tem\u00e1ticas.<\/p>\n\n\n\n<p>El Foro cerrar\u00e1 con una presentaci\u00f3n a cargo de Marcelo Rabinovich, psic\u00f3logo y m\u00e1ster en M\u00e1rketing Estrat\u00e9gico, quien hablar\u00e1 sobre el bienestar de las personas en este momento de crisis econ\u00f3mica y pandemia y acerca del \u00absalario emocional\u00bb que puede hacer a las empresas m\u00e1s exitosas.<\/p>\n\n\n\n<p>Participar\u00e1n del evento funcionarios de los gobiernos nacional y provincial.<\/p>\n\n\n\n<p class=\"has-background has-luminous-vivid-amber-background-color\"><strong>Para sumarse al evento, los interesados deben completar la inscripci\u00f3n que a continuaci\u00f3n publicamos: <a href=\"https:\/\/forms.gle\/Mramsvb9mHYSWk4M7\">https:\/\/forms.gle\/Mramsvb9mHYSWk4M7<\/a><\/strong><\/p>\n\n\n\n<div style=\"height:20px\" aria-hidden=\"true\" class=\"wp-block-spacer\"><\/div>\n\n\n\n<p class=\"has-medium-font-size\"><strong>El programa completo<\/strong><\/p>\n\n\n\n<p><strong>10 hs. Apertura: a cargo de Patricia Ortiz<\/strong>, presidenta de Bodegas de Argentina. <strong>Enrique Vaqui\u00e9<\/strong>, Ministro de Econom\u00eda y Energ\u00eda de Mendoza y <strong>Luis Bulit Go\u00f1i,<\/strong> Secretario de Seguridad Social de La Naci\u00f3n.<\/p>\n\n\n\n<p><strong>10.10 hs: Nuevas tendencias laborales y contexto regional:<\/strong><\/p>\n\n\n\n<ul class=\"wp-block-list\"><li><strong>Leandro Cazorla<\/strong>, CEO de Adecco Group Argentina y Uruguay<\/li><li><strong>Germ\u00e1n Ruiz<\/strong>, Director de Outsourcing Argentina Randstat<\/li><li><strong>Diego Coatz<\/strong>, Director ejecutivo UIA<\/li><li><strong>Enrique Vaqui\u00e9<\/strong>, Ministro de Econom\u00eda y Energ\u00eda de Mendoza<\/li><li><strong>Valeria Aldao<\/strong>, Gerente de Capital Humano Molinos R\u00edo de La Plata.<\/li><li>Moderan <strong>Germ\u00e1n Ambrosini<\/strong> y <strong>Walter Pav\u00f3n<\/strong><\/li><\/ul>\n\n\n\n<p><strong>11.10 hs: Experiencias y desaf\u00edos del empleo y el bienestar de las personas<\/strong><\/p>\n\n\n\n<ul class=\"wp-block-list\"><li><strong>Diego Villarroel<\/strong>, gerente Recursos Humanos Grupo pe\u00f1aflor<\/li><li><strong>Tulio Martilotti,<\/strong> gerente RRHH Bodegas Bianchi<\/li><li><strong>Patricia D\u00b4Amico<\/strong>, gerenta RRHH Bodega La Celia<\/li><li><strong>Federico Oettel,<\/strong> gerente RRHH Pernod Ricard<\/li><li><strong>Emilce Vega Espinoza,<\/strong> directora de Empleo y capacitaci\u00f3n Gobierno de Mendoza<\/li><li><strong>Eduardo Lepore,<\/strong> director de Seguridad Social de La Naci\u00f3n<\/li><li><strong>Sergio Pasquier<\/strong>, gerente de RRHH Emepa Servicio Petroleros<\/li><li>Moderan: Ver\u00f3nica Barbosa y Walter pav\u00f3n<\/li><\/ul>\n\n\n\n<p><strong>12.10 hs: \u00abSalario emocional\u00bb, el nuevo modelo para lograr empresas de alto desempe\u00f1o.<\/strong><\/p>\n\n\n\n<ul class=\"wp-block-list\"><li><strong>Marcelo Rabinovich<\/strong>, psic\u00f3logo y master en marketing estrat\u00e9gico, director de Praxis, profesor del IAE de la Universidad Austral, mentor de Endeavor Argentina y Espa\u00f1a<\/li><li>Moderador Walter Pav\u00f3n<\/li><\/ul>\n\n\n\n<p><strong>12.50 hs: Cierre del Foro: Palabras del director de RRHH de Bodegas de Argentina German Ambrosini de Bodega Salentein.<\/strong><\/p>\n","protected":false},"excerpt":{"rendered":"<p>Ma\u00f1ana jueves 17\/12\/20, desde las 10 hs, se realizar\u00e1, en formato virtual, el Foro de&hellip;<\/p>\n","protected":false},"author":3,"featured_media":25553,"comment_status":"open","ping_status":"open","sticky":false,"template":"","format":"standard","meta":{"footnotes":""},"categories":[47],"tags":[],"class_list":["post-25528","post","type-post","status-publish","format-standard","has-post-thumbnail","hentry","category-agenda"],"_links":{"self":[{"href":"https:\/\/enolife.com.ar\/es\/wp-json\/wp\/v2\/posts\/25528","targetHints":{"allow":["GET"]}}],"collection":[{"href":"https:\/\/enolife.com.ar\/es\/wp-json\/wp\/v2\/posts"}],"about":[{"href":"https:\/\/enolife.com.ar\/es\/wp-json\/wp\/v2\/types\/post"}],"author":[{"embeddable":true,"href":"https:\/\/enolife.com.ar\/es\/wp-json\/wp\/v2\/users\/3"}],"replies":[{"embeddable":true,"href":"https:\/\/enolife.com.ar\/es\/wp-json\/wp\/v2\/comments?post=25528"}],"version-history":[{"count":0,"href":"https:\/\/enolife.com.ar\/es\/wp-json\/wp\/v2\/posts\/25528\/revisions"}],"wp:featuredmedia":[{"embeddable":true,"href":"https:\/\/enolife.com.ar\/es\/wp-json\/wp\/v2\/media\/25553"}],"wp:attachment":[{"href":"https:\/\/enolife.com.ar\/es\/wp-json\/wp\/v2\/media?parent=25528"}],"wp:term":[{"taxonomy":"category","embeddable":true,"href":"https:\/\/enolife.com.ar\/es\/wp-json\/wp\/v2\/categories?post=25528"},{"taxonomy":"post_tag","embeddable":true,"href":"https:\/\/enolife.com.ar\/es\/wp-json\/wp\/v2\/tags?post=25528"}],"curies":[{"name":"wp","href":"https:\/\/api.w.org\/{rel}","templated":true}]}}