{"id":25464,"date":"2020-12-16T20:25:29","date_gmt":"2020-12-16T20:25:29","guid":{"rendered":"http:\/\/enolife.com.ar\/es\/?p=25464"},"modified":"2020-12-17T23:22:07","modified_gmt":"2020-12-17T23:22:07","slug":"el-centro-tematico-del-vino-de-mendoza-reabre-con-degustaciones-y-visitas-guiadas-gratuitas","status":"publish","type":"post","link":"https:\/\/enolife.com.ar\/es\/el-centro-tematico-del-vino-de-mendoza-reabre-con-degustaciones-y-visitas-guiadas-gratuitas\/","title":{"rendered":"El Centro Tem\u00e1tico del Vino de Mendoza reabre con degustaciones y visitas guiadas gratuitas"},"content":{"rendered":"\n<h4 class=\"wp-block-heading\"><em><strong>Ma\u00f1ana jueves 17\/12 a las 17 hs, la Enoteca reinicia sus actividades tras m\u00e1s de 9 meses cerrada al p\u00fablico. Esta antigua bodega modelo de la Escuela Nacional de Vitivinicultura, recuperada y refuncionalizada, se emplaza en el Centro C\u00edvico de Mendoza, a 10 cuadras del km 0 de la ciudad. All\u00ed se resume parte de la historia de la vitivinicultura argentina y se exponen antiguos equipos de vinificaci\u00f3n y una muestra ampelogr\u00e1fica de cepas implantadas in situ. Las actividades no tienen costo para los mendocinos, con reserva previa por whatsapp o email.<\/strong><\/em><\/h4>\n\n\n\n<div style=\"height:20px\" aria-hidden=\"true\" class=\"wp-block-spacer\"><\/div>\n\n\n<a href=\"https:\/\/jmzeballos.com\/\" aria-label=\"PUBLICIDAD ENOLIFE 2023_\u00c1NFORAS 1700 x 500\"><img loading=\"lazy\" decoding=\"async\" src=\"https:\/\/enolife.com.ar\/es\/wp-content\/uploads\/2020\/12\/PUBLICIDAD-ENOLIFE-2023_ANFORAS-1700-x-500.jpg\" alt=\"\"  srcset=\"https:\/\/enolife.com.ar\/es\/wp-content\/uploads\/2020\/12\/PUBLICIDAD-ENOLIFE-2023_ANFORAS-1700-x-500.jpg 1700w, https:\/\/enolife.com.ar\/es\/wp-content\/uploads\/2020\/12\/PUBLICIDAD-ENOLIFE-2023_ANFORAS-1700-x-500-300x88.jpg 300w, https:\/\/enolife.com.ar\/es\/wp-content\/uploads\/2020\/12\/PUBLICIDAD-ENOLIFE-2023_ANFORAS-1700-x-500-1024x301.jpg 1024w, https:\/\/enolife.com.ar\/es\/wp-content\/uploads\/2020\/12\/PUBLICIDAD-ENOLIFE-2023_ANFORAS-1700-x-500-768x226.jpg 768w, https:\/\/enolife.com.ar\/es\/wp-content\/uploads\/2020\/12\/PUBLICIDAD-ENOLIFE-2023_ANFORAS-1700-x-500-1536x452.jpg 1536w, https:\/\/enolife.com.ar\/es\/wp-content\/uploads\/2020\/12\/PUBLICIDAD-ENOLIFE-2023_ANFORAS-1700-x-500-1170x344.jpg 1170w, https:\/\/enolife.com.ar\/es\/wp-content\/uploads\/2020\/12\/PUBLICIDAD-ENOLIFE-2023_ANFORAS-1700-x-500-585x172.jpg 585w\" sizes=\"auto, (max-width: 1700px) 100vw, 1700px\" width=\"1700\" height=\"500\"   \/><\/a>\n\n\n<div style=\"height:52px\" aria-hidden=\"true\" class=\"wp-block-spacer\"><\/div>\n\n\n\n<p>La Enoteca, emplazada en el Centro C\u00edvico de Mendoza, es el \u00fanico testimonio arquitect\u00f3nico existente de la Escuela Nacional de Vitivinicultura, que funcion\u00f3 entre 1897 y 1939 y form\u00f3 a los primeros profesionales de la vitivinicultura de Argentina y Am\u00e9rica Latina. Esta Escuela empez\u00f3 a funcionar el 3 de agosto de 1897 con 52 alumnos, quienes recib\u00edan el t\u00edtulo de <em>capataces-administradores de vi\u00f1as y bodegas<\/em>.<\/p>\n\n\n\n<div style=\"height:20px\" aria-hidden=\"true\" class=\"wp-block-spacer\"><\/div>\n\n\n\n<div class=\"wp-block-image\"><figure class=\"aligncenter\"><img decoding=\"async\" src=\"https:\/\/laenoteca.com.ar\/wp-content\/uploads\/2016\/12\/IMG_8235-600x428.jpg\" alt=\"PATRIMONIO | La Enoteca\"\/><figcaption><strong><em>Frente de La Enoteca, con sus vi\u00f1edos a modo de muestra ampelogr\u00e1fica.<\/em><\/strong><\/figcaption><\/figure><\/div>\n\n\n\n<div style=\"height:20px\" aria-hidden=\"true\" class=\"wp-block-spacer\"><\/div>\n\n\n\n<p>A partir de 2002, esta antigua bodega ha sido refuncionalizada por el Fondo Vitivin\u00edcola Mendoza y es el Centro Tem\u00e1tico del Vino donde se desarrollan actividades de promoci\u00f3n de la actividad vitivin\u00edcola durante todo el a\u00f1o. <\/p>\n\n\n\n<p>Conocer La Enoteca es un viaje en el tiempo, un recorrido hist\u00f3rico que comienza en el vi\u00f1edo, manejado de manera org\u00e1nica, que es una singular muestra ampelogr\u00e1fica de las variedades m\u00e1s implantadas en Argentina. <\/p>\n\n\n\n<div style=\"height:20px\" aria-hidden=\"true\" class=\"wp-block-spacer\"><\/div>\n\n\n\n<div class=\"wp-block-image\"><figure class=\"aligncenter\"><img decoding=\"async\" src=\"https:\/\/media-cdn.tripadvisor.com\/media\/photo-s\/17\/84\/de\/b4\/barricas-antigas-doadas.jpg\" alt=\"La Enoteca (Mendoza) - 2020 Qu\u00e9 saber antes de ir - Lo m\u00e1s comentado por la  gente - Tripadvisor\"\/><figcaption><strong><em>Las barricas antiguas de Bodega Giol, parte del recorrido<\/em><\/strong>.<\/figcaption><\/figure><\/div>\n\n\n\n<div style=\"height:20px\" aria-hidden=\"true\" class=\"wp-block-spacer\"><\/div>\n\n\n\n<p>Los visitantes podr\u00e1n saber c\u00f3mo lleg\u00f3 la vid a Argentina y a Mendoza; luego, la gu\u00eda incorporar\u00e1 datos y experiencias combinando placer y saber, dos grandes aliados del vino. <\/p>\n\n\n\n<p>Durante este primer fin de semana habr\u00e1 intervenciones art\u00edsticas en vivo y continuar\u00e1 la muestra fotogr\u00e1fica del artista M\u00e1ximo Arias. Obviamente, el recorrido incluye degustaciones de vinos.<\/p>\n\n\n\n<p>Las visitas se desarrollar\u00e1n entre las 17 y las 20 (cada una hora), el jueves 17, viernes 18 y s\u00e1bado 19, con un cupo m\u00e1ximo de diez personas por turno. A partir del lunes 21 los horarios de visita ser\u00e1n de 10 a 18, tambi\u00e9n con cupos limitados. <\/p>\n\n\n\n<div style=\"height:20px\" aria-hidden=\"true\" class=\"wp-block-spacer\"><\/div>\n\n\n\n<p class=\"has-background has-luminous-vivid-amber-background-color\"><strong>Reservas al 2616595405 o al correo <a href=\"mailto:turismo@laenoteca.com.ar\">turismo@laenoteca.com.ar<\/a> <br>El uso de tapabocas ser\u00e1 obligatorio y se aplicar\u00e1n y respetar\u00e1n todos los protocolos sanitarios.<\/strong><\/p>\n\n\n\n<div style=\"height:20px\" aria-hidden=\"true\" class=\"wp-block-spacer\"><\/div>\n\n\n\n<figure class=\"wp-block-gallery columns-2 is-cropped wp-block-gallery-1 is-layout-flex wp-block-gallery-is-layout-flex\"><ul class=\"blocks-gallery-grid\"><li class=\"blocks-gallery-item\"><figure><img loading=\"lazy\" decoding=\"async\" width=\"940\" height=\"788\" src=\"https:\/\/enolife.com.ar\/es\/wp-content\/uploads\/2020\/12\/122263206_1738302842996929_3837898588178981822_n.png\" alt=\"\" data-id=\"25478\" data-link=\"https:\/\/enolife.com.ar\/es\/?attachment_id=25478\" class=\"wp-image-25478\" srcset=\"https:\/\/enolife.com.ar\/es\/wp-content\/uploads\/2020\/12\/122263206_1738302842996929_3837898588178981822_n.png 940w, https:\/\/enolife.com.ar\/es\/wp-content\/uploads\/2020\/12\/122263206_1738302842996929_3837898588178981822_n-300x251.png 300w, https:\/\/enolife.com.ar\/es\/wp-content\/uploads\/2020\/12\/122263206_1738302842996929_3837898588178981822_n-768x644.png 768w, https:\/\/enolife.com.ar\/es\/wp-content\/uploads\/2020\/12\/122263206_1738302842996929_3837898588178981822_n-585x490.png 585w\" sizes=\"auto, (max-width: 940px) 100vw, 940px\" \/><\/figure><\/li><li class=\"blocks-gallery-item\"><figure><img loading=\"lazy\" decoding=\"async\" width=\"940\" height=\"788\" src=\"https:\/\/enolife.com.ar\/es\/wp-content\/uploads\/2020\/12\/121682096_1738302836330263_365479508875151756_n.png\" alt=\"\" data-id=\"25479\" data-full-url=\"https:\/\/enolife.com.ar\/es\/wp-content\/uploads\/2020\/12\/121682096_1738302836330263_365479508875151756_n.png\" data-link=\"https:\/\/enolife.com.ar\/es\/?attachment_id=25479\" class=\"wp-image-25479\" srcset=\"https:\/\/enolife.com.ar\/es\/wp-content\/uploads\/2020\/12\/121682096_1738302836330263_365479508875151756_n.png 940w, https:\/\/enolife.com.ar\/es\/wp-content\/uploads\/2020\/12\/121682096_1738302836330263_365479508875151756_n-300x251.png 300w, https:\/\/enolife.com.ar\/es\/wp-content\/uploads\/2020\/12\/121682096_1738302836330263_365479508875151756_n-768x644.png 768w, https:\/\/enolife.com.ar\/es\/wp-content\/uploads\/2020\/12\/121682096_1738302836330263_365479508875151756_n-585x490.png 585w\" sizes=\"auto, (max-width: 940px) 100vw, 940px\" \/><\/figure><\/li><\/ul><\/figure>\n\n\n\n<div style=\"height:20px\" aria-hidden=\"true\" class=\"wp-block-spacer\"><\/div>\n\n\n\n<p class=\"has-medium-font-size\"><strong>El vi\u00f1edo<\/strong><\/p>\n\n\n\n<p>En el ingreso a la Enoteca hay un peque\u00f1o vi\u00f1edo en el que se cultivan las principales variedades implantadas en Mendoza, a modo de muestra ampelogr\u00e1fica, para que el visitante tenga una primera impresi\u00f3n de la producci\u00f3n vitivin\u00edcola local. Las variedades tintas cultivadas son: Malbec, Bonarda, Cabernet Sauvignon, Pinto Noir, Merlot y Syrah. Los cepajes blancos que est\u00e1n implantados en estas hileras son: Torront\u00e9s Riojano, Chadonnay, Pedro Xim\u00e9nez y Sauvignon Blanc. El vi\u00f1edo cuenta con riego por goteo y est\u00e1 conducido en sistema espaldero.<\/p>\n\n\n\n<div style=\"height:20px\" aria-hidden=\"true\" class=\"wp-block-spacer\"><\/div>\n\n\n\n<p class=\"has-medium-font-size\"><strong>Edificio hist\u00f3rico<\/strong><\/p>\n\n\n\n<p>En su libro \u00abPatrimonio de la tierra del vino\u00bb, editado por el Fondo Vitivin\u00edcola, la arquitecta Liliana Girini cuenta la historia del edificio de La Enoteca.<\/p>\n\n\n\n<p>Ante la necesidad de construir una \u00abbodega modelo\u00bb acorde a las pr\u00e1cticas enol\u00f3gicas que incorporaban tecnolog\u00eda y equipamiento de punta, hacia el a\u00f1o 1899 se aprobaron los planos (seg\u00fan el dise\u00f1o de profesionales del Departamento de Ingenieros Civiles de la Naci\u00f3n) y al a\u00f1o siguiente comenz\u00f3 su construcci\u00f3n.<\/p>\n\n\n\n<p>El edificio consta de dos naves principales de ladrillo, con cabriadas de madera, cielorrasos planos de ca\u00f1a, torta de barro y zinc; una nave semienterrada y la cava de gruesos muros de piedra, destinadas a albergar los \u00abfoudres\u00bb de roble para la conservaci\u00f3n del vino. Completan el conjunto el laboratorio, adosado a la nave norte y una amplia galer\u00eda extendida hacia el Este, que originalmente cubr\u00eda el lagar y la zona de molienda. <\/p>\n\n\n\n<div style=\"height:20px\" aria-hidden=\"true\" class=\"wp-block-spacer\"><\/div>\n\n\n\n<figure class=\"wp-block-embed-youtube wp-block-embed is-type-video is-provider-youtube wp-embed-aspect-4-3 wp-has-aspect-ratio\"><div class=\"wp-block-embed__wrapper\">\n<iframe loading=\"lazy\" title=\"La historia de La Enoteca\" width=\"1170\" height=\"878\" src=\"https:\/\/www.youtube.com\/embed\/pwoL1bFRDlo?feature=oembed\" frameborder=\"0\" allow=\"accelerometer; autoplay; clipboard-write; encrypted-media; gyroscope; picture-in-picture\" allowfullscreen><\/iframe>\n<\/div><\/figure>\n\n\n\n<div style=\"height:20px\" aria-hidden=\"true\" class=\"wp-block-spacer\"><\/div>\n\n\n\n<p>La expresi\u00f3n cl\u00e1sica de la fachada de esta bodega, con ladrillo a la vista, fue la m\u00e1s difundida en Mendoza, probablemente por su sencillez constructiva. El tipo est\u00e1 relacionado con los templos renacentistas del norte de Italia, con front\u00f3n triangular y muro plano, donde se abren el port\u00f3n y el \u00f3culo central.<\/p>\n\n\n\n<p>La construcci\u00f3n, si bien respondi\u00f3 al modelo de la \u00e9poca, difundido desde fines del siglo XIX en la provincia, fue m\u00e1s peque\u00f1a que el com\u00fan de las bodegas ya que su finalidad no era la producci\u00f3n de grandes vol\u00famenes de vino para comercializar, sino para fines educativos y experimentales.<\/p>\n\n\n\n<div style=\"height:20px\" aria-hidden=\"true\" class=\"wp-block-spacer\"><\/div>\n\n\n\n<p class=\"has-small-font-size\"><em><strong>Fuente: La Enoteca<\/strong><\/em><\/p>\n","protected":false},"excerpt":{"rendered":"<p>Ma\u00f1ana jueves 17\/12 a las 17 hs, la Enoteca reinicia sus actividades tras m\u00e1s de&hellip;<\/p>\n","protected":false},"author":3,"featured_media":25477,"comment_status":"open","ping_status":"open","sticky":false,"template":"","format":"standard","meta":{"footnotes":""},"categories":[11],"tags":[],"class_list":["post-25464","post","type-post","status-publish","format-standard","has-post-thumbnail","hentry","category-enoturismo"],"_links":{"self":[{"href":"https:\/\/enolife.com.ar\/es\/wp-json\/wp\/v2\/posts\/25464","targetHints":{"allow":["GET"]}}],"collection":[{"href":"https:\/\/enolife.com.ar\/es\/wp-json\/wp\/v2\/posts"}],"about":[{"href":"https:\/\/enolife.com.ar\/es\/wp-json\/wp\/v2\/types\/post"}],"author":[{"embeddable":true,"href":"https:\/\/enolife.com.ar\/es\/wp-json\/wp\/v2\/users\/3"}],"replies":[{"embeddable":true,"href":"https:\/\/enolife.com.ar\/es\/wp-json\/wp\/v2\/comments?post=25464"}],"version-history":[{"count":0,"href":"https:\/\/enolife.com.ar\/es\/wp-json\/wp\/v2\/posts\/25464\/revisions"}],"wp:featuredmedia":[{"embeddable":true,"href":"https:\/\/enolife.com.ar\/es\/wp-json\/wp\/v2\/media\/25477"}],"wp:attachment":[{"href":"https:\/\/enolife.com.ar\/es\/wp-json\/wp\/v2\/media?parent=25464"}],"wp:term":[{"taxonomy":"category","embeddable":true,"href":"https:\/\/enolife.com.ar\/es\/wp-json\/wp\/v2\/categories?post=25464"},{"taxonomy":"post_tag","embeddable":true,"href":"https:\/\/enolife.com.ar\/es\/wp-json\/wp\/v2\/tags?post=25464"}],"curies":[{"name":"wp","href":"https:\/\/api.w.org\/{rel}","templated":true}]}}