{"id":25135,"date":"2020-12-14T13:02:08","date_gmt":"2020-12-14T13:02:08","guid":{"rendered":"http:\/\/enolife.com.ar\/es\/?p=25135"},"modified":"2020-12-18T23:10:49","modified_gmt":"2020-12-18T23:10:49","slug":"cuando-el-mercado-se-mueve-es-buen-momento-para-hacer-rebranding-de-tu-marca-de-vino","status":"publish","type":"post","link":"https:\/\/enolife.com.ar\/es\/cuando-el-mercado-se-mueve-es-buen-momento-para-hacer-rebranding-de-tu-marca-de-vino\/","title":{"rendered":"Cuando el mercado se mueve, es buen momento para hacer \u00abrebranding\u00bb de tu marca de vino"},"content":{"rendered":"\n<h4 class=\"wp-block-heading\"><em><strong>Vinventions organiza todos los a\u00f1os desde su sede europea el foro \u00abThe exchange, intercambio de ideas para el marketing de vino\u00bb. La \u00faltima charla se enfoc\u00f3 en los cambios de marca, redise\u00f1os de identidad  o \u00abrebranding\u00bb, con ejemplos de cu\u00e1ndo y por qu\u00e9 conviene tomar decisiones al respecto. A continuaci\u00f3n compartimos el resumen de la actividad, publicado originalmente por la web espa\u00f1ola Tecnovino. <\/strong><\/em><\/h4>\n\n\n\n<div style=\"height:68px\" aria-hidden=\"true\" class=\"wp-block-spacer\"><\/div>\n\n\n\n<div class=\"wp-block-image\"><figure class=\"alignleft size-large\"><img loading=\"lazy\" decoding=\"async\" width=\"415\" height=\"390\" src=\"https:\/\/enolife.com.ar\/es\/wp-content\/uploads\/2020\/12\/Tecnovino-The-Exchange-Online-marca-de-vino-2-1.jpg\" alt=\"\" class=\"wp-image-25447\" srcset=\"https:\/\/enolife.com.ar\/es\/wp-content\/uploads\/2020\/12\/Tecnovino-The-Exchange-Online-marca-de-vino-2-1.jpg 415w, https:\/\/enolife.com.ar\/es\/wp-content\/uploads\/2020\/12\/Tecnovino-The-Exchange-Online-marca-de-vino-2-1-300x282.jpg 300w\" sizes=\"auto, (max-width: 415px) 100vw, 415px\" \/><\/figure><\/div>\n\n\n\n<p>Afrontar un cambio de marca o redise\u00f1o de la identidad, eso engloba el <em>rebranding<\/em> y fue el tema en el que pusieron el foco desde el foro \u00abThe Exchange\u00bb que organiza la firma <strong>Vinventions<\/strong>, l\u00edder mundial en soluciones para cierres de vino, con planta y oficinas en <strong>Mendoza y San Juan, Argentina.<\/strong><\/p>\n\n\n\n<p>\u00ab\u00bfEs momento de hacer <em>rebranding<\/em> de mi marca de vino?\u00bb. El disertante invitado en esta \u00faltima charla, convocada desde Espa\u00f1a, fue <strong>Narc\u00eds&nbsp;Sauleda<\/strong>,&nbsp;dise\u00f1ador creativo en Gran Breta\u00f1a y asesor de marcas&nbsp;l\u00edderes en sostenibilidad e innovaci\u00f3n, como <strong>Amazon, Intrepid Travel, Empello, The Bright Hub<\/strong>, entre otras.<\/p>\n\n\n\n<p>La gerenta de m\u00e1rketing de Vinventions Espa\u00f1a, <strong>Ester Bachs<\/strong>, explic\u00f3 que \u00abcomo todas las empresas, hemos visto c\u00f3mo la pandemia ha tra\u00eddo cambios, incluso en los h\u00e1bitos del consumidor. La consultora brit\u00e1nica <strong>Wine Intelligence<\/strong>, con sedes en Londres y Madrid, expone los resultados de un estudio del comportamiento del consumidor de vino en la era poscovid19,  y explica que&nbsp;el cambio en las actitudes de consumo de vino est\u00e1 ligado a los nuevos h\u00e1bitos sociales y econ\u00f3micos&nbsp;que todos hemos tenido que adoptar como consecuencia de la pandemia\u00bb.<\/p>\n\n\n\n<div style=\"height:20px\" aria-hidden=\"true\" class=\"wp-block-spacer\"><\/div>\n\n\n\n<blockquote class=\"wp-block-quote is-layout-flow wp-block-quote-is-layout-flow\"><p>En la primera etapa de la cuarentena, el consumo de vino creci\u00f3 bastante&#8230; sobre todo para tomarlo como bebida relajante al terminar el d\u00eda\u00bb.<\/p><cite>Ester Bachs, gerenta de m\u00e1rketing de Vinventions Espa\u00f1a<\/cite><\/blockquote>\n\n\n\n<div style=\"height:20px\" aria-hidden=\"true\" class=\"wp-block-spacer\"><\/div>\n\n\n\n<p>Entre este cambio de h\u00e1bitos y nuevas tendencias, considera el informe de Wine Intelligence, \u00abel vino sigue siendo una prioridad para el consumidor internacional&nbsp;y&nbsp;crece en importancia en el carrito de compras, sobre todo, para tomarlo como bebida relajante al terminar el d\u00eda. Esto supone que el consumidor ha migrado algunas de sus ocasiones: antes quiz\u00e1s se tomaba una copa con el men\u00fa del d\u00eda o despu\u00e9s del trabajo, pero ahora con el sector de la hoteler\u00eda y los restaurantes afectados por los cierres, no tiene las mismas ocasiones\u00bb.<\/p>\n\n\n\n<div class=\"wp-block-image\"><figure class=\"alignleft\"><img decoding=\"async\" src=\"https:\/\/media-exp1.licdn.com\/dms\/image\/C4D03AQGVLu3VHcbwJA\/profile-displayphoto-shrink_800_800\/0\/1516503862416?e=1613606400&amp;v=beta&amp;t=hxLpb_SfyFEOnOsi4Ww6jPJbJCxiJyInug3NE4qAaTM\" alt=\"Foto de perfil de Ester Bachs\"\/><figcaption><strong>Ester Bachs<\/strong><\/figcaption><\/figure><\/div>\n\n\n\n<p>Bachs quiso recordar&nbsp;\u00abque en una&nbsp;primera etapa del confinamiento&nbsp;y todas las incertidumbres,&nbsp;el consumo de vino creci\u00f3 bastante, siendo uno de los productos que se agotaban r\u00e1pidamente en supermercados, despensas y viner\u00edas (al igual que el papel higi\u00e9nico, levadura, chocolate, entre otros). Y eso trajo consigo un inter\u00e9s por otros formatos alternativos a la botella standard. Las ventas online de vino subieron y se han consolidado en el sector. Mucha gente ahora prefiere comprarlo por internet, ya que muchas tiendas f\u00edsicas han construido sus webs y ampliado sus servicios log\u00edsticos\u00bb.<\/p>\n\n\n\n<p>Por eso, se\u00f1al\u00f3 la especialista, \u00abla crisis tambi\u00e9n ha tra\u00eddo oportunidades para el sector que \u00e9ste puede aprovechar para reinventar formatos, canales de venta y formas de relacionarse con los consumidores. Y adem\u00e1s las marcas tienen que cambiar el tipo de mensajes que lanzan al cliente, para no ser oportunistas en esta pandemia que nos afecta a todos\u00bb.<\/p>\n\n\n\n<div style=\"height:20px\" aria-hidden=\"true\" class=\"wp-block-spacer\"><\/div>\n\n\n\n<p class=\"has-medium-font-size\"><strong>La marca, como un ser vivo<\/strong><\/p>\n\n\n\n<p>Narc\u00eds Sauleda expuso que&nbsp;\u00abuna marca tiene que estar viva y en movimiento, acorde con el mercado\u00bb. Por este motivo, hacer un <em>rebranding<\/em>&nbsp;\u00abdepende del estado de la marca, de lo que pasa en el mercado\u2026 Un rebrand no necesita ser total,&nbsp;puede ser en parte. Y otra cosa a tener en cuenta es que el rebranding de una marca tiene el riesgo de perder equidad de marca\u00bb.<\/p>\n\n\n\n<div style=\"height:20px\" aria-hidden=\"true\" class=\"wp-block-spacer\"><\/div>\n\n\n\n<h4 class=\"has-vivid-red-color has-text-color wp-block-heading\">El especialista Sauleda pone el \u00e9nfasis en que&nbsp;\u00abun rebrand se hace cuando la estrategia o el mercado lo pide\u00bb.<\/h4>\n\n\n\n<div style=\"height:20px\" aria-hidden=\"true\" class=\"wp-block-spacer\"><\/div>\n\n\n\n<p>Y aclar\u00f3 el t\u00e9rmino equidad de marca:&nbsp;\u00ablas cualidades, s\u00edmbolos, lealtad de los clientes, la percepci\u00f3n, b\u00e1sicamente la herencia vinculada a una marca establecida.&nbsp;Una marca y una empresa van juntos, yo lo describo como una cebolla, por capas, en una capa m\u00e1s externa del coraz\u00f3n puedes ver tu posicionamiento con el porqu\u00e9 de una marca (<em>reason why)<\/em>. Y hay que saber con qui\u00e9n est\u00e1s hablando (los clientes) y saber enfocarlo. La \u00faltima capa es todo lo que se ve, el logo, los anuncios\u2026\u00bb.<\/p>\n\n\n\n<div style=\"height:20px\" aria-hidden=\"true\" class=\"wp-block-spacer\"><\/div>\n\n\n\n<p class=\"has-medium-font-size\"><strong>Razones por las que se deber\u00edan hacer cambios<\/strong><\/p>\n\n\n\n<p>Sauleda pone los puntos sobre las \u00edes:&nbsp;\u00abAsumo que saben que una&nbsp;marca&nbsp;va&nbsp;m\u00e1s all\u00e1 de un logo o de una etiqueta, estamos hablando de marca como&nbsp;estrategia. Empezando por el &#8216;por qu\u00e9&#8217; &#8211;<em>The reason why<\/em>&#8211; y enlazando con el posicionamiento, es decir, el cliente -competencia- diferenciador. Y sabiendo esto pod\u00e9s describir tu tono de voz, personalidad y la manera de comunicar tanto verbal como visual\u00bb.<\/p>\n\n\n\n<div style=\"height:20px\" aria-hidden=\"true\" class=\"wp-block-spacer\"><\/div>\n\n\n\n<div class=\"wp-block-image\"><figure class=\"aligncenter\"><img decoding=\"async\" src=\"https:\/\/www.esdesignbarcelona.com\/sites\/default\/files\/la_identidad_visual_de_marca_y_su_efecto_en_los_consumidores_1.jpg\" alt=\"La identidad visual de marca y su efecto en los consumidores | ESDESIGN\"\/><\/figure><\/div>\n\n\n\n<div style=\"height:20px\" aria-hidden=\"true\" class=\"wp-block-spacer\"><\/div>\n\n\n\n<p>As\u00ed, Sauleda sugiere los motivos para hacer un <em>rebranding<\/em>:<\/p>\n\n\n\n<ul class=\"wp-block-list\"><li><strong>La&nbsp;primera&nbsp;raz\u00f3n:&nbsp;\u00abMy reason why&nbsp;ha cambiado\u00bb.<\/strong> Como ejemplo resalta las marcas que se embarcan en el mundo sostenible y lo ponen en su ADN. Y precisamente explica que&nbsp;\u00abla sostenibilidad va a ser un atributo obligatorio, puestos que los Gobiernos est\u00e1n estableciendo leyes muy r\u00e1pidamente y ya no va a ser un <em>selling point<\/em>\u00ab.&nbsp;Y a\u00f1ade&nbsp;\u00abque no puede ser un lavado de cara tiene que ser coherente en todo: desde la vendimia hasta el tap\u00f3n\u00bb. Y suma otro motivo, es el caso de un&nbsp;\u00abcambio de director o CEO\u00bb&nbsp;que viene aparejado con que&nbsp;\u00abla visi\u00f3n empresarial ha cambiado\u00bb.<br><\/li><li><strong>Cambio de posicionamiento.<\/strong> Los ejemplos que proporciona se centran en que \u00abel mercado cambia todo el tiempo o entra en escena un nuevo competidor. O que el cliente ha cambiado o que se necesita ampliar clientela. \u00a1Ojo con esto! Porque no podemos llegar a todo el mundo (no hablamos de la misma manera a una persona de 40 que a un millennial). A esto le suman nuevos targets y tendencias, como los j\u00f3venes preocupados por medio ambiente, millennials y GenZ no beben de la misma manera que hac\u00edan otras generaciones\u00bb. Y se da&nbsp;\u00abel auge del packaging instagrameable\u00bb.<\/li><\/ul>\n\n\n\n<ul class=\"wp-block-list\"><li><strong>Expansi\u00f3n y\/o internacionalizaci\u00f3n.<\/strong>&nbsp;Se centra en casos como cuando&nbsp;\u00abla marca no se traduce bien o cambio de <em>naming<\/em> de vinos para pa\u00edses terceros. Otro caso es que la marca est\u00e9 registrada en otro pa\u00eds\u00bb.<\/li><li><strong>La&nbsp;marca&nbsp;se ve&nbsp;cansada<\/strong>, puede ser que se vea&nbsp;\u00abdesfasada\u00bb,&nbsp;y remata detallando que&nbsp;\u00abcon vinos tradicionales a veces un peque\u00f1o refresco de marca basta, ya que la herencia es importante\u00bb.<br><\/li><li><strong>Y por supuesto con la&nbsp;reputaci\u00f3n&nbsp;da\u00f1ada.<\/strong> Aqu\u00ed menciona el ejemplo de \u00abMc Donald\u2019s, que ten\u00eda mala fama y cambiaron a verde para parecer m\u00e1s saludables\u00bb.<br><\/li><li><strong>Fusi\u00f3n con otras empresas.<\/strong><br><\/li><li><strong>La mayor\u00eda de las veces un&nbsp;rebranding no se da por una sola raz\u00f3n, sino por varias.<\/strong><\/li><\/ul>\n\n\n\n<div style=\"height:20px\" aria-hidden=\"true\" class=\"wp-block-spacer\"><\/div>\n\n\n\n<p class=\"has-medium-font-size\"><strong>Los cambios inducidos por la venta online<\/strong><\/p>\n\n\n\n<p>Ester Bachs pone el foco en el incremento de las&nbsp;ventas de vino online&nbsp;que ha sido exponencial con la pandemia y que parece que es un h\u00e1bito que ha llegado para quedarse. As\u00ed, introduce este tema que seguro va a dar qu\u00e9 pensar a muchas marcas de vino y bodegas:&nbsp;\u00abSi el consumidor se habit\u00faa a la compra online y ya no visita la tienda f\u00edsica, \u00bfesto implicar\u00e1 un esfuerzo de dise\u00f1o en las etiquetas?&nbsp;No es lo mismo tomar una botella de forma f\u00edsica y leer la etiqueta y la contraetiqueta, que ver una foto peque\u00f1a en un marketplace\u2026 \u00bfHay alguna tendencia que puedas adelantar en las botellas?\u00bb.<\/p>\n\n\n\n<div style=\"height:20px\" aria-hidden=\"true\" class=\"wp-block-spacer\"><\/div>\n\n\n\n<div class=\"wp-block-image\"><figure class=\"aligncenter size-large is-resized\"><img loading=\"lazy\" decoding=\"async\" src=\"https:\/\/enolife.com.ar\/es\/wp-content\/uploads\/2020\/12\/ESTRATEGIA_MARKETING-1024x681.jpg\" alt=\"\" class=\"wp-image-25440\" width=\"548\" height=\"364\" srcset=\"https:\/\/enolife.com.ar\/es\/wp-content\/uploads\/2020\/12\/ESTRATEGIA_MARKETING-1024x681.jpg 1024w, https:\/\/enolife.com.ar\/es\/wp-content\/uploads\/2020\/12\/ESTRATEGIA_MARKETING-300x200.jpg 300w, https:\/\/enolife.com.ar\/es\/wp-content\/uploads\/2020\/12\/ESTRATEGIA_MARKETING-768x511.jpg 768w, https:\/\/enolife.com.ar\/es\/wp-content\/uploads\/2020\/12\/ESTRATEGIA_MARKETING-1536x1022.jpg 1536w, https:\/\/enolife.com.ar\/es\/wp-content\/uploads\/2020\/12\/ESTRATEGIA_MARKETING-2048x1362.jpg 2048w, https:\/\/enolife.com.ar\/es\/wp-content\/uploads\/2020\/12\/ESTRATEGIA_MARKETING-1170x778.jpg 1170w, https:\/\/enolife.com.ar\/es\/wp-content\/uploads\/2020\/12\/ESTRATEGIA_MARKETING-780x516.jpg 780w, https:\/\/enolife.com.ar\/es\/wp-content\/uploads\/2020\/12\/ESTRATEGIA_MARKETING-585x389.jpg 585w\" sizes=\"auto, (max-width: 548px) 100vw, 548px\" \/><\/figure><\/div>\n\n\n\n<div style=\"height:20px\" aria-hidden=\"true\" class=\"wp-block-spacer\"><\/div>\n\n\n\n<p>Sauleda responde lo siguiente:&nbsp;\u00abLa imagen a\u00fan cobrar\u00e1 m\u00e1s importancia\u00bb. Y recomienda, en el caso de la venta online, \u00abintentar que las etiquetas sean como iconos de Instagram, que sean piezas de arte, que las haga \u00fanicas y reconocibles para desearlas tener y compartir las fotos\u00bb. Y recomienda siempre \u00abir con&nbsp;cuidado, puesto que hay que entender por qu\u00e9 hacer el <em>rebranding<\/em>, si considero que tras el covid el enfoque s\u00f3lo es la venta online, s\u00ed es necesario el <em>rebranding<\/em>, ser\u00e1 diferente vender en el lineal que online\u00bb.<\/p>\n\n\n\n<div style=\"height:20px\" aria-hidden=\"true\" class=\"wp-block-spacer\"><\/div>\n\n\n\n<p class=\"has-medium-font-size\"><strong>El dise\u00f1o de la etiqueta influye hasta un 95% en la decisi\u00f3n de compra<\/strong><\/p>\n\n\n\n<p>Por supuesto&nbsp;es importante saber a qui\u00e9n dirigimos el producto. El dise\u00f1ador expone que&nbsp;\u00absi se decide ir hacia los millennials, toca enfocarlo hacia ellos o crear una nueva marca para este p\u00fablico. Con etiquetas que se muevan o acciones m\u00e1s atractivas, o el nombre que se va a elegir\u00bb.<\/p>\n\n\n\n<div style=\"height:20px\" aria-hidden=\"true\" class=\"wp-block-spacer\"><\/div>\n\n\n\n<figure class=\"wp-block-gallery columns-3 is-cropped wp-block-gallery-1 is-layout-flex wp-block-gallery-is-layout-flex\"><ul class=\"blocks-gallery-grid\"><li class=\"blocks-gallery-item\"><figure><img loading=\"lazy\" decoding=\"async\" width=\"673\" height=\"506\" src=\"https:\/\/enolife.com.ar\/es\/wp-content\/uploads\/2020\/12\/673x6731251995991_etiquetas2.jpg\" alt=\"\" data-id=\"25426\" data-link=\"https:\/\/enolife.com.ar\/es\/?attachment_id=25426\" class=\"wp-image-25426\" srcset=\"https:\/\/enolife.com.ar\/es\/wp-content\/uploads\/2020\/12\/673x6731251995991_etiquetas2.jpg 673w, https:\/\/enolife.com.ar\/es\/wp-content\/uploads\/2020\/12\/673x6731251995991_etiquetas2-300x226.jpg 300w, https:\/\/enolife.com.ar\/es\/wp-content\/uploads\/2020\/12\/673x6731251995991_etiquetas2-585x440.jpg 585w\" sizes=\"auto, (max-width: 673px) 100vw, 673px\" \/><\/figure><\/li><li class=\"blocks-gallery-item\"><figure><img loading=\"lazy\" decoding=\"async\" width=\"480\" height=\"352\" src=\"https:\/\/enolife.com.ar\/es\/wp-content\/uploads\/2020\/12\/img2016629566.jpg\" alt=\"\" data-id=\"25427\" data-link=\"https:\/\/enolife.com.ar\/es\/?attachment_id=25427\" class=\"wp-image-25427\" srcset=\"https:\/\/enolife.com.ar\/es\/wp-content\/uploads\/2020\/12\/img2016629566.jpg 480w, https:\/\/enolife.com.ar\/es\/wp-content\/uploads\/2020\/12\/img2016629566-300x220.jpg 300w\" sizes=\"auto, (max-width: 480px) 100vw, 480px\" \/><\/figure><\/li><li class=\"blocks-gallery-item\"><figure><img loading=\"lazy\" decoding=\"async\" width=\"300\" height=\"300\" src=\"https:\/\/enolife.com.ar\/es\/wp-content\/uploads\/2020\/12\/391.jpg\" alt=\"\" data-id=\"25428\" data-link=\"https:\/\/enolife.com.ar\/es\/?attachment_id=25428\" class=\"wp-image-25428\" srcset=\"https:\/\/enolife.com.ar\/es\/wp-content\/uploads\/2020\/12\/391.jpg 300w, https:\/\/enolife.com.ar\/es\/wp-content\/uploads\/2020\/12\/391-150x150.jpg 150w\" sizes=\"auto, (max-width: 300px) 100vw, 300px\" \/><\/figure><\/li><li class=\"blocks-gallery-item\"><figure><img loading=\"lazy\" decoding=\"async\" width=\"512\" height=\"384\" src=\"https:\/\/enolife.com.ar\/es\/wp-content\/uploads\/2020\/12\/unnamed-3.jpg\" alt=\"\" data-id=\"25425\" data-link=\"https:\/\/enolife.com.ar\/es\/?attachment_id=25425\" class=\"wp-image-25425\" srcset=\"https:\/\/enolife.com.ar\/es\/wp-content\/uploads\/2020\/12\/unnamed-3.jpg 512w, https:\/\/enolife.com.ar\/es\/wp-content\/uploads\/2020\/12\/unnamed-3-300x225.jpg 300w\" sizes=\"auto, (max-width: 512px) 100vw, 512px\" \/><\/figure><\/li><li class=\"blocks-gallery-item\"><figure><img loading=\"lazy\" decoding=\"async\" width=\"484\" height=\"301\" src=\"https:\/\/enolife.com.ar\/es\/wp-content\/uploads\/2020\/12\/1-Christian-AudigierR.jpg\" alt=\"\" data-id=\"25429\" data-link=\"https:\/\/enolife.com.ar\/es\/?attachment_id=25429\" class=\"wp-image-25429\" srcset=\"https:\/\/enolife.com.ar\/es\/wp-content\/uploads\/2020\/12\/1-Christian-AudigierR.jpg 484w, https:\/\/enolife.com.ar\/es\/wp-content\/uploads\/2020\/12\/1-Christian-AudigierR-300x187.jpg 300w\" sizes=\"auto, (max-width: 484px) 100vw, 484px\" \/><\/figure><\/li><li class=\"blocks-gallery-item\"><figure><img loading=\"lazy\" decoding=\"async\" width=\"317\" height=\"159\" src=\"https:\/\/enolife.com.ar\/es\/wp-content\/uploads\/2020\/12\/images-3.jpg\" alt=\"\" data-id=\"25430\" data-full-url=\"https:\/\/enolife.com.ar\/es\/wp-content\/uploads\/2020\/12\/images-3.jpg\" data-link=\"https:\/\/enolife.com.ar\/es\/?attachment_id=25430\" class=\"wp-image-25430\" srcset=\"https:\/\/enolife.com.ar\/es\/wp-content\/uploads\/2020\/12\/images-3.jpg 317w, https:\/\/enolife.com.ar\/es\/wp-content\/uploads\/2020\/12\/images-3-300x150.jpg 300w\" sizes=\"auto, (max-width: 317px) 100vw, 317px\" \/><\/figure><\/li><\/ul><\/figure>\n\n\n\n<div style=\"height:20px\" aria-hidden=\"true\" class=\"wp-block-spacer\"><\/div>\n\n\n\n<p>Este asunto centr\u00f3 algunas de las preguntas que hicieron los asistentes virtuales al foro The Exchange:&nbsp;\u00bfHasta qu\u00e9 punto influye la imagen de la etiqueta en un vino? En este caso Ester Bachs responde y es clara al respecto: \u00abHasta un 95% de la atenci\u00f3n del cliente y su decisi\u00f3n de compra. \u00a1Solo por la etiqueta!\u00bb. <\/p>\n\n\n\n<p>A esta afirmaci\u00f3n se suma Narc\u00eds Sauleda, que comenta que \u00e9l compra muchas veces por la etiqueta, \u00absobre todo, para regalos. Igual que el vino no sabe igual en un vaso que en copa o el precio, incluso el sabor se puede percibir dependiendo de la etiqueta\u00bb.<\/p>\n\n\n\n<div style=\"height:20px\" aria-hidden=\"true\" class=\"wp-block-spacer\"><\/div>\n\n\n\n<blockquote class=\"wp-block-quote is-layout-flow wp-block-quote-is-layout-flow\"><p>A veces compro el vino principalmente por la etiqueta, sobre todo para regalos\u00bb.<\/p><cite>Narc\u00eds Sauleda, dise\u00f1ador creativo espa\u00f1ol de Amazon y otras marcas internacionales<\/cite><\/blockquote>\n\n\n\n<div style=\"height:20px\" aria-hidden=\"true\" class=\"wp-block-spacer\"><\/div>\n\n\n\n<p>En cuanto a qu\u00e9 incluir y comunicar en los dise\u00f1os y etiquetas de las marcas de vino, Ester Bachs matiza que&nbsp;\u00abmuchas veces queremos comunicar muchas cosas en el mundo del vino y hay consumidores que solo quieren beber, que sepa bien, que sea divertido, que es m\u00e1s lo que quiere comunicar una cerveza y un refresco.&nbsp;Posiblemente&nbsp;hay que adecuar estos t\u00e9rminos e ir m\u00e1s a juego con el mercado\u00bb.<\/p>\n\n\n\n<div style=\"height:20px\" aria-hidden=\"true\" class=\"wp-block-spacer\"><\/div>\n\n\n\n<p class=\"has-background has-pale-cyan-blue-background-color\">Sobre la&nbsp;importancia que tienen el envase y la etiqueta&nbsp;desde la visi\u00f3n de un&nbsp;dise\u00f1ador&nbsp;y para que el consumidor resulte atra\u00eddo a comprar el producto, Sauleda lo valora como vital:&nbsp;\u00abComo todo producto que se vende en estanter\u00eda. Compet\u00eds visualmente con muchas marcas\u00bb.<\/p>\n\n\n\n<div style=\"height:20px\" aria-hidden=\"true\" class=\"wp-block-spacer\"><\/div>\n\n\n\n<figure class=\"wp-block-gallery columns-3 is-cropped wp-block-gallery-2 is-layout-flex wp-block-gallery-is-layout-flex\"><ul class=\"blocks-gallery-grid\"><li class=\"blocks-gallery-item\"><figure><img loading=\"lazy\" decoding=\"async\" width=\"478\" height=\"453\" src=\"https:\/\/enolife.com.ar\/es\/wp-content\/uploads\/2020\/12\/kill2.jpg\" alt=\"\" data-id=\"25434\" data-link=\"https:\/\/enolife.com.ar\/es\/?attachment_id=25434\" class=\"wp-image-25434\" srcset=\"https:\/\/enolife.com.ar\/es\/wp-content\/uploads\/2020\/12\/kill2.jpg 478w, https:\/\/enolife.com.ar\/es\/wp-content\/uploads\/2020\/12\/kill2-300x284.jpg 300w\" sizes=\"auto, (max-width: 478px) 100vw, 478px\" \/><\/figure><\/li><li class=\"blocks-gallery-item\"><figure><img loading=\"lazy\" decoding=\"async\" width=\"320\" height=\"320\" src=\"https:\/\/enolife.com.ar\/es\/wp-content\/uploads\/2020\/12\/sospechoso.jpg\" alt=\"\" data-id=\"25435\" data-link=\"https:\/\/enolife.com.ar\/es\/?attachment_id=25435\" class=\"wp-image-25435\" srcset=\"https:\/\/enolife.com.ar\/es\/wp-content\/uploads\/2020\/12\/sospechoso.jpg 320w, https:\/\/enolife.com.ar\/es\/wp-content\/uploads\/2020\/12\/sospechoso-300x300.jpg 300w, https:\/\/enolife.com.ar\/es\/wp-content\/uploads\/2020\/12\/sospechoso-150x150.jpg 150w\" sizes=\"auto, (max-width: 320px) 100vw, 320px\" \/><\/figure><\/li><li class=\"blocks-gallery-item\"><figure><img loading=\"lazy\" decoding=\"async\" width=\"1024\" height=\"768\" src=\"https:\/\/enolife.com.ar\/es\/wp-content\/uploads\/2020\/12\/Etiquetas-ganadores-ediciones-anteriores-Care-Nouveau-1024x768.jpeg\" alt=\"\" data-id=\"25436\" data-full-url=\"https:\/\/enolife.com.ar\/es\/wp-content\/uploads\/2020\/12\/Etiquetas-ganadores-ediciones-anteriores-Care-Nouveau-scaled.jpeg\" data-link=\"https:\/\/enolife.com.ar\/es\/?attachment_id=25436\" class=\"wp-image-25436\" srcset=\"https:\/\/enolife.com.ar\/es\/wp-content\/uploads\/2020\/12\/Etiquetas-ganadores-ediciones-anteriores-Care-Nouveau-1024x768.jpeg 1024w, https:\/\/enolife.com.ar\/es\/wp-content\/uploads\/2020\/12\/Etiquetas-ganadores-ediciones-anteriores-Care-Nouveau-300x225.jpeg 300w, https:\/\/enolife.com.ar\/es\/wp-content\/uploads\/2020\/12\/Etiquetas-ganadores-ediciones-anteriores-Care-Nouveau-768x576.jpeg 768w, https:\/\/enolife.com.ar\/es\/wp-content\/uploads\/2020\/12\/Etiquetas-ganadores-ediciones-anteriores-Care-Nouveau-1536x1152.jpeg 1536w, https:\/\/enolife.com.ar\/es\/wp-content\/uploads\/2020\/12\/Etiquetas-ganadores-ediciones-anteriores-Care-Nouveau-2048x1536.jpeg 2048w, https:\/\/enolife.com.ar\/es\/wp-content\/uploads\/2020\/12\/Etiquetas-ganadores-ediciones-anteriores-Care-Nouveau-1170x878.jpeg 1170w, https:\/\/enolife.com.ar\/es\/wp-content\/uploads\/2020\/12\/Etiquetas-ganadores-ediciones-anteriores-Care-Nouveau-585x439.jpeg 585w\" sizes=\"auto, (max-width: 1024px) 100vw, 1024px\" \/><\/figure><\/li><li class=\"blocks-gallery-item\"><figure><img loading=\"lazy\" decoding=\"async\" width=\"387\" height=\"130\" src=\"https:\/\/enolife.com.ar\/es\/wp-content\/uploads\/2020\/12\/images-5.jpg\" alt=\"\" data-id=\"25433\" data-link=\"https:\/\/enolife.com.ar\/es\/?attachment_id=25433\" class=\"wp-image-25433\" srcset=\"https:\/\/enolife.com.ar\/es\/wp-content\/uploads\/2020\/12\/images-5.jpg 387w, https:\/\/enolife.com.ar\/es\/wp-content\/uploads\/2020\/12\/images-5-300x101.jpg 300w\" sizes=\"auto, (max-width: 387px) 100vw, 387px\" \/><\/figure><\/li><\/ul><\/figure>\n\n\n\n<div style=\"height:20px\" aria-hidden=\"true\" class=\"wp-block-spacer\"><\/div>\n\n\n\n<p>Los asistentes se interesaron por ejemplos de dise\u00f1o en este sentido, y el especialista recogi\u00f3 el guante:&nbsp;\u00abMe he encontrado algunos vinos con dise\u00f1os bastante <em>punkies<\/em> que creo que o son visionarios (y prematuros) o son m\u00e1s dise\u00f1os con discursos de otros productos, como las cervezas\u00bb. <\/p>\n\n\n\n<div style=\"height:20px\" aria-hidden=\"true\" class=\"wp-block-spacer\"><\/div>\n\n\n\n<p class=\"has-medium-font-size\"><strong>Cada mercado, un mundo<\/strong><\/p>\n\n\n\n<p>Otra de las preguntas fue si para triunfar en un pa\u00eds u otro&nbsp;hay especificaciones en cuanto a dise\u00f1o para cada mercado.&nbsp;Sauleda dio su opini\u00f3n y una serie de recomendaciones:&nbsp;\u00abEn pa\u00edses como Australia o Inglaterra, el cierre de rosca est\u00e1 muy demandado por su practicidad y portabilidad a todas partes. S\u00ed, la tapa a rosca es muy de vino del nuevo mundo. Pero el tap\u00f3n de corcho o corcho sint\u00e9tico yo creo que le da m\u00e1s <em>cach\u00e9<\/em>, como en el caso del vino franc\u00e9s, espa\u00f1ol o italiano\u00bb.<\/p>\n\n\n\n<p>Volvi\u00f3 a hacer hincapi\u00e9 en que&nbsp;\u00abuna de las razones para hacer un <em>rebranding<\/em> es porque en cada pa\u00eds los s\u00edmbolos y colores cambian. Y despu\u00e9s los&nbsp;nombres,&nbsp;ver que suenan bien, que se puedan pronunciar\u00bb.<\/p>\n\n\n\n<div style=\"height:20px\" aria-hidden=\"true\" class=\"wp-block-spacer\"><\/div>\n\n\n\n<p class=\"has-medium-font-size\"><strong>Todos tenemos una identidad que nos hace \u00fanicos<\/strong><\/p>\n\n\n\n<p>Como consejo final recomend\u00f3&nbsp;\u00abver qu\u00e9 nos hace \u00fanicos, buscar el punto diferencial, contemplar qu\u00e9 hacen los dem\u00e1s pero no copiar, buscar la <em>reason why<\/em> y&nbsp;encontrar qu\u00e9 es lo que hace especial a la marca, quiz\u00e1s es uno de los trabajos m\u00e1s dif\u00edciles de hacer&nbsp;pero una vez solucionado, resulta todo mucho m\u00e1s f\u00e1cil\u00bb.<\/p>\n\n\n\n<p>Ester Bachs resumi\u00f3 lo tratado en esta edici\u00f3n de The Exchange en ver&nbsp;\u00abpor qu\u00e9 se hace el producto,&nbsp;salir a vender aquello que nos hace \u00fanicos&nbsp;y defenderlo a muerte y aunque se adapte a distintos mercados, p\u00fablicos\u2026 de nuevo es importante conocer qu\u00e9 nos hace \u00fanicos y que se nos reconozca por ello\u00bb.&nbsp;Y por supuesto que&nbsp;el cliente quiera este producto, algo en lo que coincidieron tanto Sauleda como Bachs.<\/p>\n\n\n\n<p>Ester Bachs quiso terminar The Exchange con una frase: <\/p>\n\n\n\n<div style=\"height:20px\" aria-hidden=\"true\" class=\"wp-block-spacer\"><\/div>\n\n\n\n<h4 class=\"has-vivid-red-color has-text-color wp-block-heading\">\u00abEl m\u00e1rketing es como invitar a alguien a una cita y Narc\u00eds Sauleda seguramente me contestar\u00eda que el <em><strong>branding<\/strong> <\/em>es lo que te hace decir que s\u00ed\u00bb. <\/h4>\n\n\n\n<div style=\"height:20px\" aria-hidden=\"true\" class=\"wp-block-spacer\"><\/div>\n\n\n\n<p>Desde luego su respuesta fue&nbsp;\u00abtotalmente\u00bb. Y a\u00f1adi\u00f3:&nbsp;\u00abHay que continuar esa cita a futuro\u00bb.<\/p>\n\n\n\n<div style=\"height:20px\" aria-hidden=\"true\" class=\"wp-block-spacer\"><\/div>\n\n\n\n<p>En este coloquio y en las siguientes reflexiones sobre <em>rebranding<\/em> y el m\u00e1rketing, Bachs dej\u00f3 una reflexi\u00f3n final:&nbsp;\u00abTrabajemos el m\u00e1rketing para descubrir nuevos mercados y audiencias y confiemos la gesti\u00f3n de marca a profesionales del <em>branding<\/em>&nbsp;que nos acompa\u00f1an en este viaje\u00bb.<\/p>\n\n\n\n<div style=\"height:32px\" aria-hidden=\"true\" class=\"wp-block-spacer\"><\/div>\n\n\n\n<p class=\"has-small-font-size\"><em><strong>Fuente: Tecnovino<\/strong><\/em><\/p>\n\n\n\n<div style=\"height:29px\" aria-hidden=\"true\" class=\"wp-block-spacer\"><\/div>\n\n\n\n<div style=\"height:20px\" aria-hidden=\"true\" class=\"wp-block-spacer\"><\/div>\n","protected":false},"excerpt":{"rendered":"<p>Vinventions organiza todos los a\u00f1os desde su sede europea el foro \u00abThe exchange, intercambio de&hellip;<\/p>\n","protected":false},"author":3,"featured_media":25442,"comment_status":"open","ping_status":"open","sticky":false,"template":"","format":"standard","meta":{"footnotes":""},"categories":[9],"tags":[],"class_list":["post-25135","post","type-post","status-publish","format-standard","has-post-thumbnail","hentry","category-negocios"],"_links":{"self":[{"href":"https:\/\/enolife.com.ar\/es\/wp-json\/wp\/v2\/posts\/25135","targetHints":{"allow":["GET"]}}],"collection":[{"href":"https:\/\/enolife.com.ar\/es\/wp-json\/wp\/v2\/posts"}],"about":[{"href":"https:\/\/enolife.com.ar\/es\/wp-json\/wp\/v2\/types\/post"}],"author":[{"embeddable":true,"href":"https:\/\/enolife.com.ar\/es\/wp-json\/wp\/v2\/users\/3"}],"replies":[{"embeddable":true,"href":"https:\/\/enolife.com.ar\/es\/wp-json\/wp\/v2\/comments?post=25135"}],"version-history":[{"count":0,"href":"https:\/\/enolife.com.ar\/es\/wp-json\/wp\/v2\/posts\/25135\/revisions"}],"wp:featuredmedia":[{"embeddable":true,"href":"https:\/\/enolife.com.ar\/es\/wp-json\/wp\/v2\/media\/25442"}],"wp:attachment":[{"href":"https:\/\/enolife.com.ar\/es\/wp-json\/wp\/v2\/media?parent=25135"}],"wp:term":[{"taxonomy":"category","embeddable":true,"href":"https:\/\/enolife.com.ar\/es\/wp-json\/wp\/v2\/categories?post=25135"},{"taxonomy":"post_tag","embeddable":true,"href":"https:\/\/enolife.com.ar\/es\/wp-json\/wp\/v2\/tags?post=25135"}],"curies":[{"name":"wp","href":"https:\/\/api.w.org\/{rel}","templated":true}]}}