{"id":25122,"date":"2020-12-10T15:11:28","date_gmt":"2020-12-10T15:11:28","guid":{"rendered":"http:\/\/enolife.com.ar\/es\/?p=25122"},"modified":"2020-12-10T15:11:59","modified_gmt":"2020-12-10T15:11:59","slug":"la-um-invita-a-conocer-como-se-aplica-la-inteligencia-artificial-en-el-mundo-del-vino","status":"publish","type":"post","link":"https:\/\/enolife.com.ar\/es\/la-um-invita-a-conocer-como-se-aplica-la-inteligencia-artificial-en-el-mundo-del-vino\/","title":{"rendered":"La UM invita a conocer c\u00f3mo se aplica la inteligencia artificial en el mundo del vino"},"content":{"rendered":"\n<h4 class=\"wp-block-heading\"><em><strong>Hoy 10\/12 a las 18.30 hs, la Universidad de Mendoza y la Academia Argentina de la Vid y el Vino ofrecen una conferencia por el cierre del a\u00f1o acad\u00e9mico 2020 a cargo del en\u00f3logo de bodega Rutini Mariano Di Paola y del astr\u00f3nomo y analista tecnol\u00f3gico Esteban Tabl\u00f3n sobre \u00abInteligencia artificial en el mundo del vino, experiencia Rutini\u00bb. <\/strong><\/em><\/h4>\n\n\n\n<div style=\"height:20px\" aria-hidden=\"true\" class=\"wp-block-spacer\"><\/div>\n\n\n\n\n\n<div style=\"height:66px\" aria-hidden=\"true\" class=\"wp-block-spacer\"><\/div>\n\n\n\n<p>En 2019, <strong>Rutini<\/strong> se convirti\u00f3 en la primera bodega con un <strong>Departamento de Inteligencia Artificial<\/strong>, invirtiendo en rob\u00f3tica, im\u00e1genes satelitales y un sistema de Big Data. De este modo la empresa puede analizar hoy el estado evolutivo de sus vi\u00f1edos, sistematizar informaci\u00f3n y generar conocimiento para tomar mejores decisiones de negocio. A cargo de este proyecto est\u00e1n el en\u00f3logo <strong>Mariano Di Paola<\/strong> y el analista tecnol\u00f3gico <strong>Esteban Tabl\u00f3n<\/strong>, quienes presentar\u00e1n hoy 10\/12 a las 18.30 el desarrollo y resultado de dicho proyecto.<\/p>\n\n\n\n<div class=\"wp-block-image\"><figure class=\"aligncenter size-large is-resized\"><img loading=\"lazy\" decoding=\"async\" src=\"https:\/\/enolife.com.ar\/es\/wp-content\/uploads\/2020\/12\/48acf083-f05c-42cc-b764-7b90cc81273b-1024x767.jpg\" alt=\"\" class=\"wp-image-25123\" width=\"458\" height=\"344\" srcset=\"https:\/\/enolife.com.ar\/es\/wp-content\/uploads\/2020\/12\/48acf083-f05c-42cc-b764-7b90cc81273b-1024x767.jpg 1024w, https:\/\/enolife.com.ar\/es\/wp-content\/uploads\/2020\/12\/48acf083-f05c-42cc-b764-7b90cc81273b-300x225.jpg 300w, https:\/\/enolife.com.ar\/es\/wp-content\/uploads\/2020\/12\/48acf083-f05c-42cc-b764-7b90cc81273b-768x575.jpg 768w, https:\/\/enolife.com.ar\/es\/wp-content\/uploads\/2020\/12\/48acf083-f05c-42cc-b764-7b90cc81273b-1170x877.jpg 1170w, https:\/\/enolife.com.ar\/es\/wp-content\/uploads\/2020\/12\/48acf083-f05c-42cc-b764-7b90cc81273b-585x438.jpg 585w, https:\/\/enolife.com.ar\/es\/wp-content\/uploads\/2020\/12\/48acf083-f05c-42cc-b764-7b90cc81273b.jpg 1280w\" sizes=\"auto, (max-width: 458px) 100vw, 458px\" \/><\/figure><\/div>\n\n\n\n<p class=\"has-background has-luminous-vivid-amber-background-color\"><strong>Los interesados en escuchar la charla (gratuita) deben confirmar su participaci\u00f3n al mail: <a href=\"mailto:secretaria.aavv@gmail.com\">secretaria.aavv@gmail.com<\/a><\/strong> <strong>y luego ingresar a: <a href=\"http:\/\/meet.google.com\/xyo-rxje-xcs\">http:\/\/meet.google.com\/xyo-rxje-xcs<\/a><\/strong> <\/p>\n\n\n\n<div style=\"height:20px\" aria-hidden=\"true\" class=\"wp-block-spacer\"><\/div>\n\n\n\n<p><strong>El diario online El Memo, de Mendoza, entrevist\u00f3 a Esteban Tabl\u00f3n, quien cont\u00f3 detalles del proyecto en el siguiente video: <\/strong><\/p>\n\n\n\n<div style=\"height:20px\" aria-hidden=\"true\" class=\"wp-block-spacer\"><\/div>\n\n\n\n<figure class=\"wp-block-embed-youtube wp-block-embed is-type-video is-provider-youtube wp-embed-aspect-16-9 wp-has-aspect-ratio\"><div class=\"wp-block-embed__wrapper\">\n<iframe loading=\"lazy\" title=\"Esteban Tabl\u00f3n: big data para mejorar la experiencia de consumidores de vino\" width=\"1170\" height=\"658\" src=\"https:\/\/www.youtube.com\/embed\/GlyD_Z2kODE?feature=oembed\" frameborder=\"0\" allow=\"accelerometer; autoplay; clipboard-write; encrypted-media; gyroscope; picture-in-picture\" allowfullscreen><\/iframe>\n<\/div><\/figure>\n\n\n\n<div style=\"height:20px\" aria-hidden=\"true\" class=\"wp-block-spacer\"><\/div>\n\n\n\n<p class=\"has-small-font-size\"><em><strong>Fuentes: Universidad de Mendoza y El Memo<\/strong><\/em><\/p>\n","protected":false},"excerpt":{"rendered":"<p>Hoy 10\/12 a las 18.30 hs, la Universidad de Mendoza y la Academia Argentina de&hellip;<\/p>\n","protected":false},"author":3,"featured_media":25150,"comment_status":"open","ping_status":"open","sticky":false,"template":"","format":"standard","meta":{"footnotes":""},"categories":[47],"tags":[],"class_list":["post-25122","post","type-post","status-publish","format-standard","has-post-thumbnail","hentry","category-agenda"],"_links":{"self":[{"href":"https:\/\/enolife.com.ar\/es\/wp-json\/wp\/v2\/posts\/25122","targetHints":{"allow":["GET"]}}],"collection":[{"href":"https:\/\/enolife.com.ar\/es\/wp-json\/wp\/v2\/posts"}],"about":[{"href":"https:\/\/enolife.com.ar\/es\/wp-json\/wp\/v2\/types\/post"}],"author":[{"embeddable":true,"href":"https:\/\/enolife.com.ar\/es\/wp-json\/wp\/v2\/users\/3"}],"replies":[{"embeddable":true,"href":"https:\/\/enolife.com.ar\/es\/wp-json\/wp\/v2\/comments?post=25122"}],"version-history":[{"count":0,"href":"https:\/\/enolife.com.ar\/es\/wp-json\/wp\/v2\/posts\/25122\/revisions"}],"wp:featuredmedia":[{"embeddable":true,"href":"https:\/\/enolife.com.ar\/es\/wp-json\/wp\/v2\/media\/25150"}],"wp:attachment":[{"href":"https:\/\/enolife.com.ar\/es\/wp-json\/wp\/v2\/media?parent=25122"}],"wp:term":[{"taxonomy":"category","embeddable":true,"href":"https:\/\/enolife.com.ar\/es\/wp-json\/wp\/v2\/categories?post=25122"},{"taxonomy":"post_tag","embeddable":true,"href":"https:\/\/enolife.com.ar\/es\/wp-json\/wp\/v2\/tags?post=25122"}],"curies":[{"name":"wp","href":"https:\/\/api.w.org\/{rel}","templated":true}]}}