{"id":25082,"date":"2020-12-09T20:17:21","date_gmt":"2020-12-09T20:17:21","guid":{"rendered":"http:\/\/enolife.com.ar\/es\/?p=25082"},"modified":"2020-12-12T14:51:48","modified_gmt":"2020-12-12T14:51:48","slug":"del-10-al-17-12-inscriben-a-bailarines-y-actores-para-el-casting-de-la-fiesta-de-la-vendimia-2021","status":"publish","type":"post","link":"https:\/\/enolife.com.ar\/es\/del-10-al-17-12-inscriben-a-bailarines-y-actores-para-el-casting-de-la-fiesta-de-la-vendimia-2021\/","title":{"rendered":"Del 10 al 17\/12 inscriben a bailarines y actores para el casting de la Fiesta de la Vendimia 2021"},"content":{"rendered":"\n<h4 class=\"wp-block-heading\"><em><strong>Los postulantes a ocupar las 1.000 vacantes para trabajar -con cachet a convenir- en la Fiesta m\u00e1xima de Mendoza deber\u00e1n llenar un formulario disponible en el sitio web de Cultura de Mendoza, consultar los tutoriales y descargar la m\u00fasica para las audiciones virtuales. En los pr\u00f3ximos d\u00edas se abrir\u00e1 el registro para los m\u00fasicos.<\/strong><\/em><\/h4>\n\n\n\n<div style=\"height:20px\" aria-hidden=\"true\" class=\"wp-block-spacer\"><\/div>\n\n\n\n\n\n<div style=\"height:44px\" aria-hidden=\"true\" class=\"wp-block-spacer\"><\/div>\n\n\n\n<p>El gobierno de Mendoza abrir\u00e1 desde 10 de diciembre a las 10 de la ma\u00f1ana la preinscripci\u00f3n para la selecci\u00f3n de artistas (actores, actrices, bailarines y bailarinas) que participar\u00e1n en el espect\u00e1culo \u00abespecial\u00bb (filmado) Vendimia 2021 y en las presentaciones que se realizar\u00e1n en vivo para la Fiesta Nacional de la Vendimia, en marzo pr\u00f3ximo. Seg\u00fan informaron las autoridades, pr\u00f3ximamente se har\u00e1 la convocatoria para m\u00fasicos.<\/p>\n\n\n\n<div style=\"height:20px\" aria-hidden=\"true\" class=\"wp-block-spacer\"><\/div>\n\n\n\n<p class=\"has-background has-luminous-vivid-amber-background-color\"><strong>Los artistas deber\u00e1n completar formulario digital de preinscripci\u00f3n, que podr\u00e1n descargar desde el sitio <a href=\"http:\/\/www.cultura.mendoza.gov.ar\/\">www.cultura.mendoza.gov.ar<\/a><a href=\"http:\/\/sitio%20www.cultura.mendoza.gov.ar\/\">,<\/a>&nbsp;desde el jueves 10 a la ma\u00f1ana.<\/strong><\/p>\n\n\n\n<div style=\"height:20px\" aria-hidden=\"true\" class=\"wp-block-spacer\"><\/div>\n\n\n\n<p>Una vez completado el formulario de preinscripci\u00f3n, llegar\u00e1 al correo electr\u00f3nico del artista un &nbsp;aviso de preinscripci\u00f3n, indic\u00e1ndole el mail donde deber\u00e1 remitir su link del video, que al final del proceso deber\u00e1 presentar para su evaluaci\u00f3n. Cabe aclarar que es importante remitir el link bajo vinculaci\u00f3n YouTube al mail indicado.<\/p>\n\n\n\n<p>En caso de quedar seleccionado, se le comunicar\u00e1 al artista, v\u00eda email, el resultado y se le solicitar\u00e1 la documentaci\u00f3n pertinente para su contrataci\u00f3n.<\/p>\n\n\n\n<p>En el mismo sitio web,&nbsp;los interesados pueden encontrar desde hoy 9\/12 los tutoriales art\u00edsticos para realizar su video; la m\u00fasica que deber\u00e1n utilizar los bailarines y los tutoriales para subir un video a YouTube desde computadora o dispositivo m\u00f3vil.<\/p>\n\n\n\n<p>Es importante tener en cuenta que la preinscripci\u00f3n, la inscripci\u00f3n y la remisi\u00f3n de link de video deber\u00e1n realizarse antes de las 0 horas del jueves 17 de diciembre.<\/p>\n\n\n\n<div style=\"height:20px\" aria-hidden=\"true\" class=\"wp-block-spacer\"><\/div>\n\n\n\n<p class=\"has-medium-font-size\"><strong>Acuerdo entre el gobierno provincial y los artistas<\/strong><\/p>\n\n\n\n<p>En el mes de noviembre pasado, el gobierno de Mendoza y los representantes de los artistas que actuar\u00e1n en la Fiesta de la Vendimia 2021 llegaron a un acuerdo sobre las modalidades de trabajo y contrataci\u00f3n.  Tras varios encuentros con diferentes asociaciones art\u00edsticas, el Ejecutivo de la provincia acord\u00f3 la participaci\u00f3n&nbsp;de&nbsp;1.000 int\u00e9rpretes,&nbsp;que protagonizar\u00e1n la parte cultural del festejo.&nbsp;&nbsp;<\/p>\n\n\n\n<p>Del acuerdo participaron la&nbsp;ministra de Cultura y Turismo, <strong>Mariana Juri<\/strong>; el ministro de Gobierno, Trabajo y Justicia, <strong>V\u00edctor Iba\u00f1ez<\/strong>;&nbsp;el l\u00edder de la Asociaci\u00f3n Argentina de Actores, <strong>Rolando Moscardelli<\/strong>; por la Asociaci\u00f3n Mendocina de Profesionales de la Danza, <strong>Sara Ver\u00f3n<\/strong>; por la Asociaci\u00f3n Movimiento por la Danza, <strong>Patricia Motos<\/strong>; por la Asociaci\u00f3n de M\u00fasicos de Cuyo, <strong>Zaharay Ortega<\/strong>; por la Asociaci\u00f3n So\u00f1arte, <strong>Ana Laura Ortolani<\/strong>; por el Movimiento Independiente de M\u00fasicos Mendocinos y Afines, <strong>Carlos Casciani<\/strong>, y por la Asociaci\u00f3n de M\u00fasicos Independientes de San Rafael, <strong>Carmen Cervantes<\/strong>.<\/p>\n\n\n\n<p>En el convenio se pact\u00f3 qu\u00e9 la contrataci\u00f3n de artistas se har\u00e1 operativa a trav\u00e9s de las modalidades \u201ccachet\u201d o \u201csubsidio con contraprestaci\u00f3n\u201d, seg\u00fan corresponda. La selecci\u00f3n de los int\u00e9rpretes ser\u00e1 a trav\u00e9s de un casting&nbsp;remoto por video de referencia, en un todo de acuerdo a los requerimientos art\u00edsticos solicitados por la direcci\u00f3n art\u00edstica del especial audiovisual.<\/p>\n\n\n\n<p>Tambi\u00e9n se acord\u00f3 que, tras la selecci\u00f3n de los artistas, en los casos en que por cualquier raz\u00f3n -art\u00edsticas, de puesta en escena, salud, protocolo, etc\u00e9tera- los candidatos aceptados no sean requeridos o no puedan participar en el \u00abespecial\u00bb o en los microeventos, se les pagar\u00e1 de cualquier manera a trav\u00e9s de contratos bajo modalidad de \u00absubsidio con contraprestaci\u00f3n\u00bb de servicio art\u00edstico personal.<\/p>\n\n\n\n<div style=\"height:20px\" aria-hidden=\"true\" class=\"wp-block-spacer\"><\/div>\n\n\n\n<p class=\"has-small-font-size\"><em><strong>Fuentes: Gobierno de Mendoza y Unidiversidad<\/strong><\/em><\/p>\n","protected":false},"excerpt":{"rendered":"<p>Los postulantes a ocupar las 1.000 vacantes para trabajar -con cachet a convenir- en la&hellip;<\/p>\n","protected":false},"author":3,"featured_media":25090,"comment_status":"open","ping_status":"open","sticky":false,"template":"","format":"standard","meta":{"footnotes":""},"categories":[14],"tags":[],"class_list":["post-25082","post","type-post","status-publish","format-standard","has-post-thumbnail","hentry","category-news"],"_links":{"self":[{"href":"https:\/\/enolife.com.ar\/es\/wp-json\/wp\/v2\/posts\/25082","targetHints":{"allow":["GET"]}}],"collection":[{"href":"https:\/\/enolife.com.ar\/es\/wp-json\/wp\/v2\/posts"}],"about":[{"href":"https:\/\/enolife.com.ar\/es\/wp-json\/wp\/v2\/types\/post"}],"author":[{"embeddable":true,"href":"https:\/\/enolife.com.ar\/es\/wp-json\/wp\/v2\/users\/3"}],"replies":[{"embeddable":true,"href":"https:\/\/enolife.com.ar\/es\/wp-json\/wp\/v2\/comments?post=25082"}],"version-history":[{"count":0,"href":"https:\/\/enolife.com.ar\/es\/wp-json\/wp\/v2\/posts\/25082\/revisions"}],"wp:featuredmedia":[{"embeddable":true,"href":"https:\/\/enolife.com.ar\/es\/wp-json\/wp\/v2\/media\/25090"}],"wp:attachment":[{"href":"https:\/\/enolife.com.ar\/es\/wp-json\/wp\/v2\/media?parent=25082"}],"wp:term":[{"taxonomy":"category","embeddable":true,"href":"https:\/\/enolife.com.ar\/es\/wp-json\/wp\/v2\/categories?post=25082"},{"taxonomy":"post_tag","embeddable":true,"href":"https:\/\/enolife.com.ar\/es\/wp-json\/wp\/v2\/tags?post=25082"}],"curies":[{"name":"wp","href":"https:\/\/api.w.org\/{rel}","templated":true}]}}