{"id":25075,"date":"2020-12-09T22:58:36","date_gmt":"2020-12-09T22:58:36","guid":{"rendered":"http:\/\/enolife.com.ar\/es\/?p=25075"},"modified":"2020-12-13T16:29:52","modified_gmt":"2020-12-13T16:29:52","slug":"la-feria-prowein-dusseldorf-se-pospone-hasta-marzo-de-2022","status":"publish","type":"post","link":"https:\/\/enolife.com.ar\/es\/la-feria-prowein-dusseldorf-se-pospone-hasta-marzo-de-2022\/","title":{"rendered":"La Feria ProWein D\u00fcsseldorf se pospone hasta marzo de 2022"},"content":{"rendered":"\n<h4 class=\"wp-block-heading\"><em><strong>La prestigiosa Feria alemana, una de m\u00e1s grandes del mundo para vinos y bebidas alcoh\u00f3licas se posterga de nuevo: no se celebrar\u00e1 en marzo de 2021 como estaba previsto sino entre el 27 y el 29 de marzo de 2022. El motivo: las limitaciones de la pandemia. En la \u00faltima edici\u00f3n, en 2019, fue visitada por 61.500 compradores de todo el mundo y Argentina particip\u00f3 con 150 bodegas.<\/strong><\/em><\/h4>\n\n\n\n<div style=\"height:20px\" aria-hidden=\"true\" class=\"wp-block-spacer\"><\/div>\n\n\n\n\n\n<div style=\"height:45px\" aria-hidden=\"true\" class=\"wp-block-spacer\"><\/div>\n\n\n\n<p>Desde hace 25 a\u00f1os, ProWein es una de las ferias l\u00edderes en el mundo para vinos y bebidas espirituosas. Constituye una cita obligada para profesionales de la viticultura, la producci\u00f3n, el comercio y la gastronom\u00eda.&nbsp;Cada a\u00f1o, ofrece tres d\u00edas de negocios concentrados y un programa complementario muy atractivo.<\/p>\n\n\n\n<div style=\"height:20px\" aria-hidden=\"true\" class=\"wp-block-spacer\"><\/div>\n\n\n\n<p class=\"has-background has-very-light-gray-background-color\">La \u00faltima edici\u00f3n, en 2019, cont\u00f3 con la presencia&nbsp;<strong>de 6.800 expositores de m\u00e1s de 60 pa\u00edses<\/strong>, entre los que se cont\u00f3 Argentina con <strong>150 bodegas y m\u00e1s de 2.500 etiquetas <\/strong>provenientes de las provincias de Chubut, Mendoza, R\u00edo Negro, Neuqu\u00e9n, Salta, San Juan y La Rioj, en m\u00e1s de 1000 m2 de superficie de exposici\u00f3n. La feria recibi\u00f3 un total de&nbsp;<strong>61.500 visitantes<\/strong>&nbsp;de 142 pa\u00edses de la industria del retail y del mundo de la gastronom\u00eda.<\/p>\n\n\n\n<div style=\"height:20px\" aria-hidden=\"true\" class=\"wp-block-spacer\"><\/div>\n\n\n\n<div class=\"wp-block-image\"><figure class=\"aligncenter is-resized\"><img loading=\"lazy\" decoding=\"async\" src=\"https:\/\/www.tecnovino.com\/wp-content\/uploads\/2019\/11\/Tecnovino-ProWein-2020-1.jpg\" alt=\"Tecnovino ProWein 2020 1\" class=\"wp-image-87777\" width=\"535\" height=\"356\"\/><figcaption><strong>ProWein 2019 <\/strong><\/figcaption><\/figure><\/div>\n\n\n\n<div style=\"height:20px\" aria-hidden=\"true\" class=\"wp-block-spacer\"><\/div>\n\n\n\n<p>La fecha programada para el 2020 fue cancelada en su momento para el 2021. Ante este primer cambio los organizadores publicaban en su sitio web que \u00abComo feria comercial l\u00edder en el mundo y socio de la industria desde hace mucho tiempo, hemos desarrollado un nuevo concepto de eventos e higiene para estos momentos especiales, en estrecha consulta con las autoridades competentes haciendo todo lo posible para mantener las restricciones para visitantes y expositores\u00bb<\/p>\n\n\n\n<p>Pero la pandemia no afloja en Europa y los organizadores de ProWein, la empresa&nbsp;Messe&nbsp;D\u00fcsseldorf, se vieron en la obligaci\u00f3n de revaluar realizaci\u00f3n de la edici\u00f3n 2021. El motivo fundamental de volver a posponer la fecha un a\u00f1o m\u00e1s (al 2022) fue la decisi\u00f3n del gobierno de Alemania, del 25\/11, seg\u00fan la cual todav\u00eda no se pueden celebrar ferias, haciendo imprevisible nuevos avances sobre la situaci\u00f3n. <\/p>\n\n\n\n<div style=\"height:20px\" aria-hidden=\"true\" class=\"wp-block-spacer\"><\/div>\n\n\n\n<div class=\"wp-block-image\"><figure class=\"alignleft size-large is-resized\"><img loading=\"lazy\" decoding=\"async\" src=\"https:\/\/enolife.com.ar\/es\/wp-content\/uploads\/2020\/12\/Wienkamp_01.jpg\" alt=\"\" class=\"wp-image-25110\" width=\"172\" height=\"183\" srcset=\"https:\/\/enolife.com.ar\/es\/wp-content\/uploads\/2020\/12\/Wienkamp_01.jpg 484w, https:\/\/enolife.com.ar\/es\/wp-content\/uploads\/2020\/12\/Wienkamp_01-281x300.jpg 281w\" sizes=\"auto, (max-width: 172px) 100vw, 172px\" \/><figcaption><strong>Erhard&nbsp;Wienkamp<\/strong><\/figcaption><\/figure><\/div>\n\n\n\n<p>\u00abNo hemos tomado esta decisi\u00f3n a la ligera, al contrario, hemos examinado muy detenidamente en colaboraci\u00f3n con nuestros socios y expositores los puntos a favor y en contra de las ferias en un momento de la pandemia tan din\u00e1mico como es este. El factor decisivo fue, principalmente, el inter\u00e9s de nuestros expositores y visitantes\u00bb, explic\u00f3&nbsp;Erhard&nbsp;Wienkamp, director de Messe D\u00fcsseldorf GmbH.<\/p>\n\n\n\n<p>En este sentido, el momento de la decisi\u00f3n jug\u00f3 un papel muy importante:&nbsp;\u00abLos expositores podr\u00e1n ahora centrarse en las pr\u00f3ximas citas de ProWein y prepararse para ello. De esta manera, podemos garantizar la seguridad de planificaci\u00f3n que es necesaria para que el negocio tenga \u00e9xito\u00bb. En l\u00ednea con esta estrategia a largo plazo,&nbsp;las fechas para ProWein 2022 ya se han fijado, y ser\u00e1n del 27 al 29 de marzo de 2022.<\/p>\n\n\n\n<div style=\"height:20px\" aria-hidden=\"true\" class=\"wp-block-spacer\"><\/div>\n\n\n\n<p class=\"has-small-font-size\"><em><strong>Fuentes: Tecnovino, Prowein, Uni\u00f3n vitivin\u00edcola Argentina y Wines of Argentina<\/strong><\/em><\/p>\n\n\n\n<div style=\"height:56px\" aria-hidden=\"true\" class=\"wp-block-spacer\"><\/div>\n\n\n\n<p><\/p>\n","protected":false},"excerpt":{"rendered":"<p>La prestigiosa Feria alemana, una de m\u00e1s grandes del mundo para vinos y bebidas alcoh\u00f3licas&hellip;<\/p>\n","protected":false},"author":3,"featured_media":25115,"comment_status":"open","ping_status":"open","sticky":false,"template":"","format":"standard","meta":{"footnotes":""},"categories":[10],"tags":[],"class_list":["post-25075","post","type-post","status-publish","format-standard","has-post-thumbnail","hentry","category-ferias"],"_links":{"self":[{"href":"https:\/\/enolife.com.ar\/es\/wp-json\/wp\/v2\/posts\/25075","targetHints":{"allow":["GET"]}}],"collection":[{"href":"https:\/\/enolife.com.ar\/es\/wp-json\/wp\/v2\/posts"}],"about":[{"href":"https:\/\/enolife.com.ar\/es\/wp-json\/wp\/v2\/types\/post"}],"author":[{"embeddable":true,"href":"https:\/\/enolife.com.ar\/es\/wp-json\/wp\/v2\/users\/3"}],"replies":[{"embeddable":true,"href":"https:\/\/enolife.com.ar\/es\/wp-json\/wp\/v2\/comments?post=25075"}],"version-history":[{"count":0,"href":"https:\/\/enolife.com.ar\/es\/wp-json\/wp\/v2\/posts\/25075\/revisions"}],"wp:featuredmedia":[{"embeddable":true,"href":"https:\/\/enolife.com.ar\/es\/wp-json\/wp\/v2\/media\/25115"}],"wp:attachment":[{"href":"https:\/\/enolife.com.ar\/es\/wp-json\/wp\/v2\/media?parent=25075"}],"wp:term":[{"taxonomy":"category","embeddable":true,"href":"https:\/\/enolife.com.ar\/es\/wp-json\/wp\/v2\/categories?post=25075"},{"taxonomy":"post_tag","embeddable":true,"href":"https:\/\/enolife.com.ar\/es\/wp-json\/wp\/v2\/tags?post=25075"}],"curies":[{"name":"wp","href":"https:\/\/api.w.org\/{rel}","templated":true}]}}