{"id":25016,"date":"2020-12-09T02:34:03","date_gmt":"2020-12-09T02:34:03","guid":{"rendered":"http:\/\/enolife.com.ar\/es\/?p=25016"},"modified":"2020-12-10T14:51:49","modified_gmt":"2020-12-10T14:51:49","slug":"quedan-dos-dias-para-anotarse-como-cosechador-en-mendoza","status":"publish","type":"post","link":"https:\/\/enolife.com.ar\/es\/quedan-dos-dias-para-anotarse-como-cosechador-en-mendoza\/","title":{"rendered":"\u00daltimos dos d\u00edas para anotarse como cosechador en Mendoza"},"content":{"rendered":"\n<h4 class=\"wp-block-heading\"><em><strong>El jueves 10\/12 se cierra la convocatoria para quienes quieran trabajar en la temporada de cosecha 2020\/2021. El programa \u00abReinventa\u00bb, del gobierno de la provincia, busca acercar oferta y demanda de mano de obra agr\u00edcola. Ya hay 9.600 inscriptos para recolectar frutas, verduras y hortalizas, de los cuales el 42% son mujeres y el 32% no tiene experiencia en tareas agr\u00edcolas.<\/strong><\/em><\/h4>\n\n\n\n<div style=\"height:20px\" aria-hidden=\"true\" class=\"wp-block-spacer\"><\/div>\n\n\n<a href=\"https:\/\/www.facebook.com\/SindicatoContratitas\/\" aria-label=\"banner contratistas 1700&#215;500\"><img loading=\"lazy\" decoding=\"async\" src=\"https:\/\/enolife.com.ar\/es\/wp-content\/uploads\/2020\/08\/banner-contratistas-1700x500-1.jpg\" alt=\"\"  srcset=\"https:\/\/enolife.com.ar\/es\/wp-content\/uploads\/2020\/08\/banner-contratistas-1700x500-1.jpg 1700w, https:\/\/enolife.com.ar\/es\/wp-content\/uploads\/2020\/08\/banner-contratistas-1700x500-1-300x88.jpg 300w, https:\/\/enolife.com.ar\/es\/wp-content\/uploads\/2020\/08\/banner-contratistas-1700x500-1-1024x301.jpg 1024w, https:\/\/enolife.com.ar\/es\/wp-content\/uploads\/2020\/08\/banner-contratistas-1700x500-1-768x226.jpg 768w, https:\/\/enolife.com.ar\/es\/wp-content\/uploads\/2020\/08\/banner-contratistas-1700x500-1-1536x452.jpg 1536w, https:\/\/enolife.com.ar\/es\/wp-content\/uploads\/2020\/08\/banner-contratistas-1700x500-1-1170x344.jpg 1170w, https:\/\/enolife.com.ar\/es\/wp-content\/uploads\/2020\/08\/banner-contratistas-1700x500-1-585x172.jpg 585w\" sizes=\"auto, (max-width: 1700px) 100vw, 1700px\" width=\"1700\" height=\"500\"   \/><\/a>\n\n\n<div style=\"height:45px\" aria-hidden=\"true\" class=\"wp-block-spacer\"><\/div>\n\n\n\n<p>\u201cAl momento contamos con m\u00e1s de 9.600 mendocinos y mendocinas que han ingresado sus datos a trav\u00e9s del registro de informaci\u00f3n nominal para vendimia y tareas agr\u00edcolas (Reinventa), que buscan mejorar sus ingresos\u201d, coment\u00f3 al respecto <strong>Emilce Vega Espinoza<\/strong>, directora Territorial de Empleo y Capacitaci\u00f3n.<\/p>\n\n\n\n<p>\u201cLa iniciativa se puso en marcha para dar respuesta a las necesidades de mano de obra por parte del sector agr\u00edcola de cara a la temporada de cosecha que ya se inici\u00f3\u201d, agreg\u00f3 la funcionaria.<\/p>\n\n\n\n<div style=\"height:20px\" aria-hidden=\"true\" class=\"wp-block-spacer\"><\/div>\n\n\n\n<p class=\"has-medium-font-size\"><strong>El 75% de los inscriptos son mendocinos<\/strong><\/p>\n\n\n\n<p>De acuerdo a un informe elaborado por la Direcci\u00f3n a cargo de Vega Espinoza, del total de personas registradas a trav\u00e9s del programa, m\u00e1s del 75% son oriundos de alguno de los departamentos que conforman el Gran Mendoza.<\/p>\n\n\n\n<p>En este sentido, desde Econom\u00eda se\u00f1alaron que se han realizado diversas reuniones de trabajo con las diferentes direcciones de Desarrollo Econ\u00f3mico de toda la provincia a los efectos de difundir esta base de datos que se ha generado producto del proyecto, y para incentivar la toma de mano de obra local en todos los sectores productivos de la provincia.<\/p>\n\n\n\n<p>En cuanto a la demanda de trabajadores, la funcionaria se\u00f1al\u00f3 que se realizan encuentros con las c\u00e1maras, para que \u00e9stas puedan comunicar sus necesidades a la direcci\u00f3n de Empleo, para que conozcan el objetivo de Reinventa y para que soliciten la mano de obra que requieren.<\/p>\n\n\n\n<div style=\"height:30px\" aria-hidden=\"true\" class=\"wp-block-spacer\"><\/div>\n\n\n\n<p class=\"has-background has-luminous-vivid-amber-background-color\"><strong>Informes y registro<\/strong>: Todos aquellos mendocinos interesados en ser parte de la temporada de cosecha y acarreo 2020\/21, deber\u00e1n <strong>ingresar al siguiente link: <a rel=\"noreferrer noopener\" href=\"https:\/\/www.mendoza.gov.ar\/economia\/programa-re-i-n-ven-t-a\/\" target=\"_blank\">portal web<\/a>&nbsp;<\/strong>y cargar toda la informaci\u00f3n requerida.<\/p>\n\n\n\n<div style=\"height:24px\" aria-hidden=\"true\" class=\"wp-block-spacer\"><\/div>\n\n\n\n<p>Vale destacar que el registro s\u00f3lo tiene por objetivo reunir a las partes a los efectos de allanar el camino tanto para productores y empresarios interesados en contratar mano de obra como as\u00ed tambi\u00e9n para los potenciales trabajadores. La relaci\u00f3n laboral que se establezca luego ser\u00e1 un acuerdo entre privados que estar\u00e1 sujeta a las normas y controles propias de la actividad agraria en las que intervienen otros organismos como el Ministerio de Trabajo de la provincia, o de la Naci\u00f3n.<\/p>\n\n\n\n<div style=\"height:20px\" aria-hidden=\"true\" class=\"wp-block-spacer\"><\/div>\n\n\n\n<p class=\"has-medium-font-size\"><strong>Mayor\u00eda de j\u00f3venes de entre 18 y 25 a\u00f1os<\/strong><\/p>\n\n\n\n<p>Otro de los datos que se desprende del informe elaborado desde la Direcci\u00f3n Territorial de Empleo y Capacitaci\u00f3n tiene que ver con que del total de los mendocinos que han cargado sus datos a trav\u00e9s del registro nominal, el 68% cuenta con alg\u00fan tipo de experiencia en cosecha u otras labores agr\u00edcolas mientras que el 32% restante no la tiene y se las est\u00e1 capacitando a tal fin.<\/p>\n\n\n\n<p>Por otro lado, se conoci\u00f3 que el 58% del total de mendocinos que forman parte del registro son hombres y el 42% mujeres.<\/p>\n\n\n\n<p>A su vez, el sistema lanz\u00f3 que, del total de datos registrados, el 45% corresponde a j\u00f3venes de entre 18 y 25 a\u00f1os, sigui\u00e9ndoles en un 18% quienes tienen entre 26 y 30 a\u00f1os. El tercer lugar en rango de edades (12%) corresponde a quienes tienen entre 31 y 35 a\u00f1os, mientras que quienes informaron edades de entre 36 y 40 a\u00f1os ocupan el cuarto lugar con un 8% aproximadamente.<\/p>\n\n\n\n<p>El resto de los porcentajes se distribuye en cifras similares entre quienes tienen entre 41 y 50 a\u00f1os (4 y 5%) y ya en valores mucho menores, 1 a 3%, quienes tienen entre 51 y 60 a\u00f1os.<\/p>\n\n\n\n<div style=\"height:24px\" aria-hidden=\"true\" class=\"wp-block-spacer\"><\/div>\n\n\n\n<p class=\"has-small-font-size\"><em><strong>Fuente: Gobierno de Mendoza<\/strong><\/em><\/p>\n","protected":false},"excerpt":{"rendered":"<p>El jueves 10\/12 se cierra la convocatoria para quienes quieran trabajar en la temporada de&hellip;<\/p>\n","protected":false},"author":3,"featured_media":25026,"comment_status":"open","ping_status":"open","sticky":false,"template":"","format":"standard","meta":{"footnotes":""},"categories":[5],"tags":[],"class_list":["post-25016","post","type-post","status-publish","format-standard","has-post-thumbnail","hentry","category-fincas"],"_links":{"self":[{"href":"https:\/\/enolife.com.ar\/es\/wp-json\/wp\/v2\/posts\/25016","targetHints":{"allow":["GET"]}}],"collection":[{"href":"https:\/\/enolife.com.ar\/es\/wp-json\/wp\/v2\/posts"}],"about":[{"href":"https:\/\/enolife.com.ar\/es\/wp-json\/wp\/v2\/types\/post"}],"author":[{"embeddable":true,"href":"https:\/\/enolife.com.ar\/es\/wp-json\/wp\/v2\/users\/3"}],"replies":[{"embeddable":true,"href":"https:\/\/enolife.com.ar\/es\/wp-json\/wp\/v2\/comments?post=25016"}],"version-history":[{"count":0,"href":"https:\/\/enolife.com.ar\/es\/wp-json\/wp\/v2\/posts\/25016\/revisions"}],"wp:featuredmedia":[{"embeddable":true,"href":"https:\/\/enolife.com.ar\/es\/wp-json\/wp\/v2\/media\/25026"}],"wp:attachment":[{"href":"https:\/\/enolife.com.ar\/es\/wp-json\/wp\/v2\/media?parent=25016"}],"wp:term":[{"taxonomy":"category","embeddable":true,"href":"https:\/\/enolife.com.ar\/es\/wp-json\/wp\/v2\/categories?post=25016"},{"taxonomy":"post_tag","embeddable":true,"href":"https:\/\/enolife.com.ar\/es\/wp-json\/wp\/v2\/tags?post=25016"}],"curies":[{"name":"wp","href":"https:\/\/api.w.org\/{rel}","templated":true}]}}