{"id":24894,"date":"2020-12-04T14:36:31","date_gmt":"2020-12-04T14:36:31","guid":{"rendered":"http:\/\/enolife.com.ar\/es\/?p=24894"},"modified":"2020-12-08T03:43:08","modified_gmt":"2020-12-08T03:43:08","slug":"mendoza-unica-region-vitivinicola-del-mundo-donde-los-comunicadores-del-vino-tienen-su-dia","status":"publish","type":"post","link":"https:\/\/enolife.com.ar\/es\/mendoza-unica-region-vitivinicola-del-mundo-donde-los-comunicadores-del-vino-tienen-su-dia\/","title":{"rendered":"Mendoza, \u00fanica regi\u00f3n vitivin\u00edcola del mundo donde los comunicadores del vino tienen su d\u00eda"},"content":{"rendered":"\n<h4 class=\"wp-block-heading\"><em><strong>El 1\/12\/20, la C\u00e1mara de Diputados de la provincia dio sanci\u00f3n final a un proyecto de ley que establece que cada 14 de abril se celebrar\u00e1 el \u00abD\u00eda del Periodista Vitivin\u00edcola\u00bb, en homenaje al recordado Gabriel Bustos Herrera (foto principal), escritor especialista en vitivinicultura y econom\u00eda pol\u00edtica. As\u00ed, desde el Estado, en un reconocimiento in\u00e9dito a nivel global, se destaca la labor de los profesionales que elaboran y difunden las noticias de la industria madre de Mendoza. <\/strong><\/em><\/h4>\n\n\n\n<div style=\"height:20px\" aria-hidden=\"true\" class=\"wp-block-spacer\"><\/div>\n\n\n\n<p>La norma sancionada el 1 de diciembre, que instituye la fecha <strong>14 de abril como \u00abD\u00eda del Periodista Vitivin\u00edcola\u00bb en Mendoza<\/strong>, ven\u00eda siendo impulsada desde hace a\u00f1os por el <strong>C\u00edrculo Argentino de Periodistas y Escritores Vitivin\u00edcolas (Capevi)<\/strong> y por el periodista <strong>Oscar Pinco<\/strong>. M\u00e1s recientemente, en la C\u00e1mara Alta, el senador provincial&nbsp;<strong>Bartolom\u00e9 Robles (PJ)<\/strong>, representante de San Mart\u00edn y conocido mentor del varietal bonarda, recogi\u00f3 la idea y reimpuls\u00f3 su tratamiento en la Legislatura. Tras la aprobaci\u00f3n en ese \u00e1mbito, la diputada <strong>Daniela Garc\u00eda (UCR)<\/strong> tom\u00f3 la posta y consigui\u00f3 finalmente que se instituyera la fecha, en homenaje al periodista mendocino <strong>Gabriel Bustos Herrera<\/strong>, fallecido el 14 de abril de 2012.&nbsp;<\/p>\n\n\n\n<div style=\"height:20px\" aria-hidden=\"true\" class=\"wp-block-spacer\"><\/div>\n\n\n\n<figure class=\"wp-block-gallery columns-2 is-cropped wp-block-gallery-1 is-layout-flex wp-block-gallery-is-layout-flex\"><ul class=\"blocks-gallery-grid\"><li class=\"blocks-gallery-item\"><figure><img loading=\"lazy\" decoding=\"async\" width=\"512\" height=\"450\" src=\"https:\/\/enolife.com.ar\/es\/wp-content\/uploads\/2020\/12\/barto.jpg\" alt=\"\" data-id=\"24901\" data-link=\"https:\/\/enolife.com.ar\/es\/?attachment_id=24901\" class=\"wp-image-24901\" srcset=\"https:\/\/enolife.com.ar\/es\/wp-content\/uploads\/2020\/12\/barto.jpg 512w, https:\/\/enolife.com.ar\/es\/wp-content\/uploads\/2020\/12\/barto-300x264.jpg 300w\" sizes=\"auto, (max-width: 512px) 100vw, 512px\" \/><figcaption class=\"blocks-gallery-item__caption\"><strong>Barto Robles<\/strong><\/figcaption><\/figure><\/li><li class=\"blocks-gallery-item\"><figure><img loading=\"lazy\" decoding=\"async\" width=\"512\" height=\"450\" src=\"https:\/\/enolife.com.ar\/es\/wp-content\/uploads\/2020\/12\/daniela.jpg\" alt=\"\" data-id=\"24902\" data-full-url=\"https:\/\/enolife.com.ar\/es\/wp-content\/uploads\/2020\/12\/daniela.jpg\" data-link=\"https:\/\/enolife.com.ar\/es\/?attachment_id=24902\" class=\"wp-image-24902\" srcset=\"https:\/\/enolife.com.ar\/es\/wp-content\/uploads\/2020\/12\/daniela.jpg 512w, https:\/\/enolife.com.ar\/es\/wp-content\/uploads\/2020\/12\/daniela-300x264.jpg 300w\" sizes=\"auto, (max-width: 512px) 100vw, 512px\" \/><figcaption class=\"blocks-gallery-item__caption\"><strong>Daniela Garc\u00eda<\/strong><\/figcaption><\/figure><\/li><\/ul><\/figure>\n\n\n\n<div style=\"height:20px\" aria-hidden=\"true\" class=\"wp-block-spacer\"><\/div>\n\n\n\n<p>Para la redacci\u00f3n del texto de esta Ley 9282 colabor\u00f3 el Capevi, y de esta manera Mendoza se convirti\u00f3 en la primera regi\u00f3n vitivin\u00edcola del mundo en crear un d\u00eda espec\u00edfico con fuerza de ley en reconocimiento a los periodistas, comunicadores y escritores del vino.<\/p>\n\n\n\n<div style=\"height:20px\" aria-hidden=\"true\" class=\"wp-block-spacer\"><\/div>\n\n\n\n<div class=\"wp-block-image\"><figure class=\"aligncenter size-large is-resized\"><img loading=\"lazy\" decoding=\"async\" src=\"https:\/\/enolife.com.ar\/es\/wp-content\/uploads\/2020\/12\/p1030183.jpg\" alt=\"\" class=\"wp-image-24900\" width=\"508\" height=\"380\" srcset=\"https:\/\/enolife.com.ar\/es\/wp-content\/uploads\/2020\/12\/p1030183.jpg 577w, https:\/\/enolife.com.ar\/es\/wp-content\/uploads\/2020\/12\/p1030183-300x225.jpg 300w\" sizes=\"auto, (max-width: 508px) 100vw, 508px\" \/><figcaption><em>Gabriel Bustos Herrera recibe de la mano de Oscar Pinco el \u00abPremio a la Trayectoria\u00bb de Capevi, en abril de 2011.<\/em><\/figcaption><\/figure><\/div>\n\n\n\n<div style=\"height:20px\" aria-hidden=\"true\" class=\"wp-block-spacer\"><\/div>\n\n\n\n<p>El periodista <strong>Gabriel Bustos Herrera<\/strong> recibi\u00f3 en 2002 el&nbsp;<strong>Premio Nacional Adepa<\/strong>&nbsp;(Asociaci\u00f3n de Entidades Period\u00edsticas de la Rep\u00fablica Argentina), en la especialidad&nbsp;<strong>\u201cEconom\u00eda Pol\u00edtica\u201d<\/strong>. En 2011,&nbsp;fue distinguido con el&nbsp;<strong>\u201cPremio a la Trayectoria\u201d<\/strong>&nbsp;por parte del&nbsp;Capevi, galard\u00f3n que entregan los periodistas vitivin\u00edcolas a uno de sus pares, rescatando los valores de un profesional de trayectoria, que a lo largo de su carrera, le brind\u00f3 un importante aporte a la comunicaci\u00f3n del sector vitivin\u00edcola y a la cultura del vino en general.<\/p>\n\n\n\n<p>Pinco, uno de los impulsores de esta norma, entrevistado por la publicaci\u00f3n de negocios <strong>Punto a Punto<\/strong>, expres\u00f3: \u00ab<em>Conseguir que quede instituido el D\u00eda del Periodista Vitivin\u00edcola, y con fuerza de ley, es un anhelo que ven\u00edamos persiguiendo desde hace varios a\u00f1os. No hay ninguna ley en ninguna parte del mundo que reconozca a los comunicadores del vino, y eso enaltece a Mendoza, y no solo a los periodistas y escritores vitivin\u00edcolas, sino al sector en general. Adem\u00e1s, el reconocimiento a nuestra labor jerarquiza esta tarea que ejercemos con profesionalismo<\/em>\u00ab.<\/p>\n\n\n\n<div style=\"height:20px\" aria-hidden=\"true\" class=\"wp-block-spacer\"><\/div>\n\n\n\n<div class=\"wp-block-image\"><figure class=\"aligncenter size-large\"><img loading=\"lazy\" decoding=\"async\" width=\"797\" height=\"391\" src=\"https:\/\/enolife.com.ar\/es\/wp-content\/uploads\/2020\/12\/periodistas.jpg\" alt=\"\" class=\"wp-image-24905\" srcset=\"https:\/\/enolife.com.ar\/es\/wp-content\/uploads\/2020\/12\/periodistas.jpg 797w, https:\/\/enolife.com.ar\/es\/wp-content\/uploads\/2020\/12\/periodistas-300x147.jpg 300w, https:\/\/enolife.com.ar\/es\/wp-content\/uploads\/2020\/12\/periodistas-768x377.jpg 768w, https:\/\/enolife.com.ar\/es\/wp-content\/uploads\/2020\/12\/periodistas-585x287.jpg 585w\" sizes=\"auto, (max-width: 797px) 100vw, 797px\" \/><figcaption><em>Mujeres y hombres de la prensa mendocina especialistas en vitivinicultura, en una formaci\u00f3n de 2019, durante un agasajo de Acovi por el D\u00eda del Periodista.<\/em><\/figcaption><\/figure><\/div>\n\n\n\n<div style=\"height:20px\" aria-hidden=\"true\" class=\"wp-block-spacer\"><\/div>\n\n\n\n<p>En relaci\u00f3n al Capevi, Pinco apunt\u00f3 que tras la sanci\u00f3n de esta&nbsp;<strong>ley, \u00ab<\/strong><em>vamos a relanzar la entidad, y si bien ya estaban escritos los estatutos, vamos a realizar las inscripciones correspondientes para funcionar dentro de los marcos legales que indica la Direcci\u00f3n de Personas Jur\u00eddicas y Registro P\u00fablico de la Provincia de Mendoza, porque la sede ser\u00e1 en nuestra provincia por representar m\u00e1s del 70% de la actividad vitivin\u00edcola del pa\u00eds, pero estar\u00e1 abierta a comunicadores del vino de toda la Argentina<\/em>\u00ab.<\/p>\n\n\n\n<div style=\"height:31px\" aria-hidden=\"true\" class=\"wp-block-spacer\"><\/div>\n","protected":false},"excerpt":{"rendered":"<p>El 1\/12\/20, la C\u00e1mara de Diputados de la provincia dio sanci\u00f3n final a un proyecto&hellip;<\/p>\n","protected":false},"author":3,"featured_media":24899,"comment_status":"open","ping_status":"open","sticky":false,"template":"","format":"standard","meta":{"footnotes":""},"categories":[14],"tags":[],"class_list":["post-24894","post","type-post","status-publish","format-standard","has-post-thumbnail","hentry","category-news"],"_links":{"self":[{"href":"https:\/\/enolife.com.ar\/es\/wp-json\/wp\/v2\/posts\/24894","targetHints":{"allow":["GET"]}}],"collection":[{"href":"https:\/\/enolife.com.ar\/es\/wp-json\/wp\/v2\/posts"}],"about":[{"href":"https:\/\/enolife.com.ar\/es\/wp-json\/wp\/v2\/types\/post"}],"author":[{"embeddable":true,"href":"https:\/\/enolife.com.ar\/es\/wp-json\/wp\/v2\/users\/3"}],"replies":[{"embeddable":true,"href":"https:\/\/enolife.com.ar\/es\/wp-json\/wp\/v2\/comments?post=24894"}],"version-history":[{"count":0,"href":"https:\/\/enolife.com.ar\/es\/wp-json\/wp\/v2\/posts\/24894\/revisions"}],"wp:featuredmedia":[{"embeddable":true,"href":"https:\/\/enolife.com.ar\/es\/wp-json\/wp\/v2\/media\/24899"}],"wp:attachment":[{"href":"https:\/\/enolife.com.ar\/es\/wp-json\/wp\/v2\/media?parent=24894"}],"wp:term":[{"taxonomy":"category","embeddable":true,"href":"https:\/\/enolife.com.ar\/es\/wp-json\/wp\/v2\/categories?post=24894"},{"taxonomy":"post_tag","embeddable":true,"href":"https:\/\/enolife.com.ar\/es\/wp-json\/wp\/v2\/tags?post=24894"}],"curies":[{"name":"wp","href":"https:\/\/api.w.org\/{rel}","templated":true}]}}