{"id":24891,"date":"2020-12-05T13:31:12","date_gmt":"2020-12-05T13:31:12","guid":{"rendered":"http:\/\/enolife.com.ar\/es\/?p=24891"},"modified":"2020-12-08T18:19:13","modified_gmt":"2020-12-08T18:19:13","slug":"ayuda-economica-inteligente-la-avm-entrego-semillas-de-hortalizas-a-1-000-familias-de-vinateros","status":"publish","type":"post","link":"https:\/\/enolife.com.ar\/es\/ayuda-economica-inteligente-la-avm-entrego-semillas-de-hortalizas-a-1-000-familias-de-vinateros\/","title":{"rendered":"Ayuda econ\u00f3mica inteligente: la AVM entreg\u00f3 semillas de hortalizas a 1.000 familias de vi\u00f1ateros"},"content":{"rendered":"\n<h4 class=\"wp-block-heading\"><em><strong>Sembrar y cosechar alimentos de la huerta familiar provee alimentos saludables y contribuye a aliviar la crisis econ\u00f3mica. Con ese esp\u00edritu, la Asociaci\u00f3n de Vi\u00f1ateros de Mendoza entreg\u00f3 kits de semillas hort\u00edcolas y material t\u00e9cnico a trabajadores de vi\u00f1a de distintos puntos de Mendoza. <\/strong><\/em><\/h4>\n\n\n\n<div style=\"height:20px\" aria-hidden=\"true\" class=\"wp-block-spacer\"><\/div>\n\n\n\n\n\n<div style=\"height:36px\" aria-hidden=\"true\" class=\"wp-block-spacer\"><\/div>\n\n\n\n<p>Con el objetivo de mejorar la alimentaci\u00f3n y colaborar con la econom\u00eda de la familia del campo en tiempo de pandemia, la Asociaci\u00f3n de Vi\u00f1ateros de Mendoza trabaj\u00f3 durante todo el mes de noviembre entregando kits de semillas hort\u00edcolas y material t\u00e9cnico a 1.000 beneficiarios. <\/p>\n\n\n\n<p>Con esta iniciativa, la Asociaci\u00f3n de Vi\u00f1ateros de Mendoza, como entidad que defiende los intereses de los productores vit\u00edcolas, quiso participar de manera concreta en el territorio, realizando en forma personalizada una entrega de semillas con variedades de estaci\u00f3n para el autoconsumo. Miembros de la comisi\u00f3n directiva, consejeros y colaboradores distribuyeron el pack de semillas a 1.000 familias agrarias.<\/p>\n\n\n\n<p>\u201cEn varias reuniones manifestamos el deseo de ayudar a los productores y al personal que trabaja en las fincas. Todo, en el marco de una pandemia mundial y en un contexto de aislamiento que increment\u00f3 las ya dif\u00edciles situaciones que transitamos los productores. Esta idea surge del di\u00e1logo con nuestros consejeros de los distintos oasis quienes sostuvieron que, con esta campa\u00f1a, entregamos un apoyo institucional. Tambi\u00e9n que junto al trabajo de las familias y la esperanza que caracteriza a los que labramos la tierra, podamos atemperar la situaci\u00f3n econ\u00f3mica reinante\u201d, expres\u00f3 Eduardo C\u00f3rdoba, presidente de la Asociaci\u00f3n de Vi\u00f1ateros de Mendoza.<\/p>\n\n\n\n<div style=\"height:20px\" aria-hidden=\"true\" class=\"wp-block-spacer\"><\/div>\n\n\n\n<p class=\"has-background has-pale-cyan-blue-background-color\"><strong>El pack<\/strong> entregado tiene semillas que se pueden plantar y cosechar en la temporada privamera-verano: <strong>acelga, albahaca, mel\u00f3n, lechuga, tomate, perejil, zanahoria y zapallo.<\/strong><\/p>\n\n\n\n<figure class=\"wp-block-image size-large\"><img loading=\"lazy\" decoding=\"async\" width=\"1024\" height=\"819\" src=\"https:\/\/enolife.com.ar\/es\/wp-content\/uploads\/2020\/12\/WhatsApp-Image-2020-12-01-at-09.31.53-1024x819.jpeg\" alt=\"\" class=\"wp-image-24929\" srcset=\"https:\/\/enolife.com.ar\/es\/wp-content\/uploads\/2020\/12\/WhatsApp-Image-2020-12-01-at-09.31.53-1024x819.jpeg 1024w, https:\/\/enolife.com.ar\/es\/wp-content\/uploads\/2020\/12\/WhatsApp-Image-2020-12-01-at-09.31.53-300x240.jpeg 300w, https:\/\/enolife.com.ar\/es\/wp-content\/uploads\/2020\/12\/WhatsApp-Image-2020-12-01-at-09.31.53-768x614.jpeg 768w, https:\/\/enolife.com.ar\/es\/wp-content\/uploads\/2020\/12\/WhatsApp-Image-2020-12-01-at-09.31.53-1170x936.jpeg 1170w, https:\/\/enolife.com.ar\/es\/wp-content\/uploads\/2020\/12\/WhatsApp-Image-2020-12-01-at-09.31.53-585x468.jpeg 585w, https:\/\/enolife.com.ar\/es\/wp-content\/uploads\/2020\/12\/WhatsApp-Image-2020-12-01-at-09.31.53.jpeg 1280w\" sizes=\"auto, (max-width: 1024px) 100vw, 1024px\" \/><\/figure>\n\n\n\n<div style=\"height:20px\" aria-hidden=\"true\" class=\"wp-block-spacer\"><\/div>\n\n\n\n<p>El objetivo fue llegar a los productores y conocer sus problem\u00e1ticas. Adem\u00e1s de la entrega de semillas, se tomaron datos de vi\u00f1ateros y trabajadores rurales para proseguir con nuevos programas y servir de nexo en materia de informaci\u00f3n y asesoramiento. Cabe se\u00f1alar que AVM cuenta con colaboradores profesionales que asesoran de manera gratuita en materia fiscal, legal y t\u00e9cnica agraria. Todo esto, seg\u00fan explican los directivos, como un conjunto de aristas que forman una barrera de contenci\u00f3n, m\u00e1s all\u00e1 de la misi\u00f3n institucional de defender los intereses de los vi\u00f1ateros.<\/p>\n\n\n\n<div style=\"height:20px\" aria-hidden=\"true\" class=\"wp-block-spacer\"><\/div>\n\n\n\n<blockquote class=\"wp-block-quote is-layout-flow wp-block-quote-is-layout-flow\"><p>La familia vi\u00f1atera puede obtener hortalizas de calidad y atemperar los costos de los vegetales de la canasta b\u00e1sica\u00bb.<\/p><cite>Yoana Aliotta, asesora t\u00e9cnica de la AVM<\/cite><\/blockquote>\n\n\n\n<div style=\"height:20px\" aria-hidden=\"true\" class=\"wp-block-spacer\"><\/div>\n\n\n\n<p>\u201cEl pack consta de una bolsa con semillas y un calendario de siembra de temporada primavera-verano. Acelga, albahaca, mel\u00f3n, lechuga, tomate, perejil, zanahoria y zapallo fueron las especies elegidas en esta oportunidad, con las indicaciones de las distancias necesarias para plantar y la cantidad de d\u00edas aproximados para la cosecha\u201d, aclararon los colaboradores que distribuyeron las semillas.<\/p>\n\n\n\n<p>As\u00ed, la familia vi\u00f1atera puede aprovechar las bondades de la tierra para obtener hortalizas de excelente calidad y atemperar los costos de los vegetales que se consumen en la canasta b\u00e1sica\u201d, dijo Yoana Aliotta, una de las asesoras t\u00e9cnicas de la entidad.<\/p>\n\n\n\n<div style=\"height:20px\" aria-hidden=\"true\" class=\"wp-block-spacer\"><\/div>\n\n\n\n<p class=\"has-background has-luminous-vivid-amber-background-color\"><strong>Los interesados en recabar informaci\u00f3n pueden contactarse por las redes sociales de la Asociaci\u00f3n de Vi\u00f1ateros de Mendoza en <a href=\"https:\/\/www.facebook.com\/asociacionvinaterosmza\/\">Facebook<\/a>, y <a href=\"https:\/\/twitter.com\/avm_mendoza\">Twitter<\/a>. <br>Y tambi\u00e9n por email a: <a href=\"mailto:asociacionvinaterosmza@gmail.com\">asociacionvinaterosmza@gmail.com<\/a><\/strong><\/p>\n\n\n\n<div style=\"height:20px\" aria-hidden=\"true\" class=\"wp-block-spacer\"><\/div>\n\n\n\n<p>Por \u00faltimo, Mat\u00edas Manzanares, en referencia al sentido de la campa\u00f1a, afirm\u00f3: \u201cCabe destacar que desde siempre la Asociaci\u00f3n de Vi\u00f1ateros de Mendoza brega por defender los intereses de los productores vit\u00edcolas. Debemos mantener alta la idea de defender los valores de las uvas, que son la materia prima de los vinos que se consumen en el mercado interno y en el mundo. Pero tambi\u00e9n debemos tener en cuenta otras aristas para estar m\u00e1s cerca del productor, colaborando con la dif\u00edcil situaci\u00f3n econ\u00f3mica que deja una actividad en crisis desde hace muchos a\u00f1os, aparejado a la pandemia mundial de coronavirus\u201d.<\/p>\n\n\n\n<div style=\"height:22px\" aria-hidden=\"true\" class=\"wp-block-spacer\"><\/div>\n\n\n\n<p><\/p>\n","protected":false},"excerpt":{"rendered":"<p>Sembrar y cosechar alimentos de la huerta familiar provee alimentos saludables y contribuye a aliviar&hellip;<\/p>\n","protected":false},"author":3,"featured_media":24928,"comment_status":"open","ping_status":"open","sticky":false,"template":"","format":"standard","meta":{"footnotes":""},"categories":[14],"tags":[],"class_list":["post-24891","post","type-post","status-publish","format-standard","has-post-thumbnail","hentry","category-news"],"_links":{"self":[{"href":"https:\/\/enolife.com.ar\/es\/wp-json\/wp\/v2\/posts\/24891","targetHints":{"allow":["GET"]}}],"collection":[{"href":"https:\/\/enolife.com.ar\/es\/wp-json\/wp\/v2\/posts"}],"about":[{"href":"https:\/\/enolife.com.ar\/es\/wp-json\/wp\/v2\/types\/post"}],"author":[{"embeddable":true,"href":"https:\/\/enolife.com.ar\/es\/wp-json\/wp\/v2\/users\/3"}],"replies":[{"embeddable":true,"href":"https:\/\/enolife.com.ar\/es\/wp-json\/wp\/v2\/comments?post=24891"}],"version-history":[{"count":0,"href":"https:\/\/enolife.com.ar\/es\/wp-json\/wp\/v2\/posts\/24891\/revisions"}],"wp:featuredmedia":[{"embeddable":true,"href":"https:\/\/enolife.com.ar\/es\/wp-json\/wp\/v2\/media\/24928"}],"wp:attachment":[{"href":"https:\/\/enolife.com.ar\/es\/wp-json\/wp\/v2\/media?parent=24891"}],"wp:term":[{"taxonomy":"category","embeddable":true,"href":"https:\/\/enolife.com.ar\/es\/wp-json\/wp\/v2\/categories?post=24891"},{"taxonomy":"post_tag","embeddable":true,"href":"https:\/\/enolife.com.ar\/es\/wp-json\/wp\/v2\/tags?post=24891"}],"curies":[{"name":"wp","href":"https:\/\/api.w.org\/{rel}","templated":true}]}}