{"id":24829,"date":"2020-12-09T15:05:03","date_gmt":"2020-12-09T15:05:03","guid":{"rendered":"http:\/\/enolife.com.ar\/es\/?p=24829"},"modified":"2020-12-12T15:57:51","modified_gmt":"2020-12-12T15:57:51","slug":"descentralizacion-y-desarrollo-regional-en-canada-ultima-charla-del-ciclo-mendoexit","status":"publish","type":"post","link":"https:\/\/enolife.com.ar\/es\/descentralizacion-y-desarrollo-regional-en-canada-ultima-charla-del-ciclo-mendoexit\/","title":{"rendered":"Descentralizaci\u00f3n y desarrollo regional en Canad\u00e1, \u00faltima charla del ciclo \u00ab#Mendoexit?\u00bb"},"content":{"rendered":"\n<h4 class=\"wp-block-heading\"><em><strong>Llega a su fin la interesante serie de conferencias organizada por el Foro Diplom\u00e1tico en Mendoza para clarificar la idea de una ut\u00f3pica autonom\u00eda de Mendoza con respecto al Estado argentino. Cabe recordar que esa sugerencia fue lanzada hace 4 a\u00f1os por el polit\u00f3logo y periodista Hugo Laricchia y retomada hace 6 meses por el diputado nacional por Mendoza Alfredo Cornejo (UCR). La \u00faltima charla ser\u00e1 el lunes 14\/12 a las 18.30 por YouTube Live, sobre el tema \u00abCanad\u00e1, monarqu\u00eda parlamentaria federal\u00bb, a cargo de las especialistas Olga Corna y Bibiana Boccolini.<\/strong><\/em><\/h4>\n\n\n\n<div style=\"height:20px\" aria-hidden=\"true\" class=\"wp-block-spacer\"><\/div>\n\n\n\n\n\n<div style=\"height:63px\" aria-hidden=\"true\" class=\"wp-block-spacer\"><\/div>\n\n\n\n<p>El \u00faltimo webinar del ciclo <strong>\u00ab#Mendoexit?\u00bb Experiencias Internacionales\u00bb<\/strong> se referir\u00e1 a <strong>Canad\u00e1<\/strong>, cuya forma de gobierno es la monarqu\u00eda parlamentaria federal. El pa\u00eds norteamericano est\u00e1 organizado en diez provincias y tres territorios. Su capital es Ottawa y la ciudad m\u00e1s poblada es Toronto. <\/p>\n\n\n\n<div style=\"height:20px\" aria-hidden=\"true\" class=\"wp-block-spacer\"><\/div>\n\n\n\n<div class=\"wp-block-image\"><figure class=\"alignleft size-large is-resized\"><img loading=\"lazy\" decoding=\"async\" src=\"https:\/\/enolife.com.ar\/es\/wp-content\/uploads\/2020\/12\/201214-1830-charla-09-flyer-1024x1024.jpeg\" alt=\"\" class=\"wp-image-25068\" width=\"380\" height=\"380\" srcset=\"https:\/\/enolife.com.ar\/es\/wp-content\/uploads\/2020\/12\/201214-1830-charla-09-flyer-1024x1024.jpeg 1024w, https:\/\/enolife.com.ar\/es\/wp-content\/uploads\/2020\/12\/201214-1830-charla-09-flyer-300x300.jpeg 300w, https:\/\/enolife.com.ar\/es\/wp-content\/uploads\/2020\/12\/201214-1830-charla-09-flyer-150x150.jpeg 150w, https:\/\/enolife.com.ar\/es\/wp-content\/uploads\/2020\/12\/201214-1830-charla-09-flyer-768x768.jpeg 768w, https:\/\/enolife.com.ar\/es\/wp-content\/uploads\/2020\/12\/201214-1830-charla-09-flyer-1170x1170.jpeg 1170w, https:\/\/enolife.com.ar\/es\/wp-content\/uploads\/2020\/12\/201214-1830-charla-09-flyer-585x585.jpeg 585w, https:\/\/enolife.com.ar\/es\/wp-content\/uploads\/2020\/12\/201214-1830-charla-09-flyer.jpeg 1280w\" sizes=\"auto, (max-width: 380px) 100vw, 380px\" \/><\/figure><\/div>\n\n\n\n<p>En este noveno y \u00faltimo encuentro del Foro Diplom\u00e1tico en Mendoza se conocer\u00e1 otra experiencia internacional en lo referente a descentralizaci\u00f3n y desarrollo regional. En esta ocasi\u00f3n participar\u00e1n, por parte de <strong>Asociaci\u00f3n Argentina de Estudios Canadienses (Asaec)<\/strong>, las especialistas <strong>Olga Corna<\/strong> y <strong>Bibiana Boccolini<\/strong>, para conversar sobre \u00abCanad\u00e1, monarqu\u00eda parlamentaria federal\u00bb.<\/p>\n\n\n\n<p>Las disertantes invitadas explicar\u00e1n c\u00f3mo funciona una monarqu\u00eda parlamentaria federal, c\u00f3mo es la relaci\u00f3n con las diez provincias y los tres territorios y c\u00f3mo es el empoderamiento a nivel local.<\/p>\n\n\n\n<p class=\"has-background has-luminous-vivid-amber-background-color\"><strong>Fecha: lunes 14\/12  a las 18.30 horas de Argentina<br>Reservas sin costos: A trav\u00e9s de Evenbrite: <a href=\"https:\/\/www.eventbrite.com.ar\/e\/fdm-ciclo-mendoexit-experiencias-internacionales-charla-09-tickets-131262623039\">\u00abCanad\u00e1, monarqu\u00eda parlamentaria federal\u00bb.<\/a><br>Transmisi\u00f3n en vivo a trav\u00e9s de YouTube Live<\/strong><\/p>\n\n\n\n<div style=\"height:20px\" aria-hidden=\"true\" class=\"wp-block-spacer\"><\/div>\n\n\n\n<p class=\"has-medium-font-size\"><strong>Canad\u00e1, una monarqu\u00eda constitucional<\/strong><\/p>\n\n\n\n<p>Canad\u00e1 es una monarqu\u00eda constitucional, un estado federal y una democracia parlamentaria. Est\u00e1 constituido por 10 provincias y 3 territorios y tiene dos idiomas oficiales: ingl\u00e9s y franc\u00e9s.<\/p>\n\n\n\n<p>La <strong>Reina Isabel II<\/strong> es reina de Canad\u00e1 y como tal, Jefa de Gobierno del pa\u00eds. Delega sus poderes a su representante, la Gobernadora General de Canad\u00e1. Son el Primer Ministro&nbsp;y su Gabinete quienes ejercen el poder ejecutivo.<\/p>\n\n\n\n<p>El Parlamento, Poder Legislativo, est\u00e1 compuesto de dos c\u00e1maras: la C\u00e1mara Alta o Senado y la C\u00e1mara Baja o C\u00e1mara de los Comunes, integrada por diputados (uno por cada circunscripci\u00f3n electoral) elegidos mediante sufragio universal.<\/p>\n\n\n\n<p>Canad\u00e1 tiene dos sistemas jur\u00eddicos:&nbsp;el derecho anglosaj\u00f3n&nbsp;<em>(common law)<\/em>&nbsp;constituye la base del derecho federal, del derecho provincial (en nueve de las 10 provincias) y del derecho de sus tres territorios. El&nbsp;C\u00f3digo Civil&nbsp;se aplica en la Provincia de Quebec.<\/p>\n","protected":false},"excerpt":{"rendered":"<p>Llega a su fin la interesante serie de conferencias organizada por el Foro Diplom\u00e1tico en&hellip;<\/p>\n","protected":false},"author":3,"featured_media":25066,"comment_status":"open","ping_status":"open","sticky":false,"template":"","format":"standard","meta":{"footnotes":""},"categories":[47],"tags":[],"class_list":["post-24829","post","type-post","status-publish","format-standard","has-post-thumbnail","hentry","category-agenda"],"_links":{"self":[{"href":"https:\/\/enolife.com.ar\/es\/wp-json\/wp\/v2\/posts\/24829","targetHints":{"allow":["GET"]}}],"collection":[{"href":"https:\/\/enolife.com.ar\/es\/wp-json\/wp\/v2\/posts"}],"about":[{"href":"https:\/\/enolife.com.ar\/es\/wp-json\/wp\/v2\/types\/post"}],"author":[{"embeddable":true,"href":"https:\/\/enolife.com.ar\/es\/wp-json\/wp\/v2\/users\/3"}],"replies":[{"embeddable":true,"href":"https:\/\/enolife.com.ar\/es\/wp-json\/wp\/v2\/comments?post=24829"}],"version-history":[{"count":0,"href":"https:\/\/enolife.com.ar\/es\/wp-json\/wp\/v2\/posts\/24829\/revisions"}],"wp:featuredmedia":[{"embeddable":true,"href":"https:\/\/enolife.com.ar\/es\/wp-json\/wp\/v2\/media\/25066"}],"wp:attachment":[{"href":"https:\/\/enolife.com.ar\/es\/wp-json\/wp\/v2\/media?parent=24829"}],"wp:term":[{"taxonomy":"category","embeddable":true,"href":"https:\/\/enolife.com.ar\/es\/wp-json\/wp\/v2\/categories?post=24829"},{"taxonomy":"post_tag","embeddable":true,"href":"https:\/\/enolife.com.ar\/es\/wp-json\/wp\/v2\/tags?post=24829"}],"curies":[{"name":"wp","href":"https:\/\/api.w.org\/{rel}","templated":true}]}}