{"id":2477,"date":"2019-08-22T01:37:20","date_gmt":"2019-08-22T01:37:20","guid":{"rendered":"http:\/\/enolife.com.ar\/es\/?p=2477"},"modified":"2019-08-26T21:21:37","modified_gmt":"2019-08-26T21:21:37","slug":"el-gobierno-avalo-las-propuestas-del-campo-y-se-comprometio-a-no-subir-retenciones","status":"publish","type":"post","link":"https:\/\/enolife.com.ar\/es\/el-gobierno-avalo-las-propuestas-del-campo-y-se-comprometio-a-no-subir-retenciones\/","title":{"rendered":"El Gobierno aval\u00f3 las propuestas del campo y se comprometi\u00f3 a no subir retenciones"},"content":{"rendered":"\n<h4 class=\"wp-block-heading\"><em><strong>Los dirigentes del agro argentino, liderados por el mendocino Carlos Iannizzotto, le pidieron al presidente Mauricio Macri mayor financiamiento para el sector, mejor infraestructura, conectividad, estabilidad y previsibilidad para los productores.<\/strong><\/em><\/h4>\n\n\n\n<hr class=\"wp-block-separator\"\/>\n\n\n\n<h4 class=\"wp-block-heading\"><strong><em>Ante versiones de que las retenciones a las empresas podr\u00edan subir de 4 a 6 pesos por d\u00f3lar exportado, el presidente se comprometi\u00f3 a no modificar el actual sistema tributario.<\/em><\/strong><\/h4>\n\n\n\n<div style=\"height:27px\" aria-hidden=\"true\" class=\"wp-block-spacer\"><\/div>\n\n\n\n<p>El\nmi\u00e9rcoles 21 de agosto, el presidente de la Naci\u00f3n, Mauricio Macri, recibi\u00f3 en Casa\nde Gobierno en Buenos Aires a los referentes del campo argentino. En una\nreuni\u00f3n que se extendi\u00f3 por m\u00e1s de 45 minutos, el mandatario firm\u00f3 un compromiso\nque le present\u00f3 la Mesa de Enlace del sector y les ratific\u00f3 a los dirigentes\ndel agro que no har\u00e1 cambios en el actual esquema de retenciones al campo. <\/p>\n\n\n\n<p>Macri\nestuvo acompa\u00f1ado por el ministro de Agricultura, Ganader\u00eda y Pesca, Luis\nEtchevehere, mientras que la Mesa de Enlace estuvo conformada por el presidente\nde la Confederaci\u00f3n Intercooperativa Agropecuaria Limitada (Coninagro), Carlos\nIannizzotto; Carlos Achetoni (Federaci\u00f3n Agraria Argentina); Dardo Chiesa\n(Confederaciones Rurales Argentinas) y Daniel Pelegrina (Sociedad Rural\nArgentina), quienes le entregaron un documento proponiendo 14 pol\u00edticas para el\nagro.<\/p>\n\n\n\n<p>Cuando finaliz\u00f3 la reuni\u00f3n, Carlos Iannizzotto, quien adem\u00e1s es directivo de la Asociaci\u00f3n de Cooperativas Vitivin\u00edcolas Argentinas (Acovi) atendi\u00f3 a los medios de comunicaci\u00f3n nacionales en una rueda de prensa y coment\u00f3 pormenores del encuentro con el presidente: \u201cHicimos hincapi\u00e9 en los puntos esenciales que necesita el pa\u00eds y el sector agroindustrial. La Mesa de Enlace est\u00e1 m\u00e1s unida que nunca, buscando los aspectos para el crecimiento, el desarrollo y el empleo\u201d.<\/p>\n\n\n\n<figure class=\"wp-block-embed-twitter wp-block-embed is-type-rich is-provider-twitter\"><div class=\"wp-block-embed__wrapper\">\n<blockquote class=\"twitter-tweet\" data-width=\"550\" data-dnt=\"true\"><p lang=\"es\" dir=\"ltr\">FIN DE LA REUNI\u00d3N <a href=\"https:\/\/twitter.com\/hashtag\/MesaDeEnlace?src=hash&amp;ref_src=twsrc%5Etfw\">#MesaDeEnlace<\/a> &#8212; <a href=\"https:\/\/twitter.com\/mauriciomacri?ref_src=twsrc%5Etfw\">@mauriciomacri<\/a> <br>Uno de los temas, fue <a href=\"https:\/\/twitter.com\/hashtag\/Retenciones?src=hash&amp;ref_src=twsrc%5Etfw\">#Retenciones<\/a>  \u2b07\ufe0f <a href=\"https:\/\/t.co\/hRoWBni7NX\">pic.twitter.com\/hRoWBni7NX<\/a><\/p>&mdash; CONINAGRO (@CONINAGRO) <a href=\"https:\/\/twitter.com\/CONINAGRO\/status\/1163874284650897408?ref_src=twsrc%5Etfw\">August 20, 2019<\/a><\/blockquote><script async src=\"https:\/\/platform.twitter.com\/widgets.js\" charset=\"utf-8\"><\/script>\n<\/div><\/figure>\n\n\n\n<p>Iannizzotto\nespecific\u00f3: \u201cDebemos establecer una sinergia en el sector, entre lo p\u00fablico y\nlo privado, no en respuesta a una pol\u00edtica de alg\u00fan partido, sino para que haya\nprevisibilidad y estabilidad para nuestros productores\u201d.<\/p>\n\n\n\n<p>A continuaci\u00f3n, Iannizzotto confirm\u00f3 que, tras los rumores de la semana pasada con respecto a un posible aumento de 4 a 6 pesos por d\u00f3lar en las retenciones por exportaciones, los funcionarios se comprometieron a no modificar el cronograma de retenciones al campo hasta 2020. \u201cEl presidente -asegur\u00f3 el l\u00edder del campo- fue enf\u00e1tico y neg\u00f3 que habr\u00e1 nuevas retenciones; el presidente aval\u00f3 nuestras propuestas por escrito, firmando el documento que nosotros presentamos, en el cual pedimos financiamiento de cr\u00e9ditos y que el sistema tributario se adec\u00fae a la situaci\u00f3n de los productores; asimismo, planteamos la necesidad de infraestructura, de conectividad, de innovaci\u00f3n y tecnolog\u00eda a nivel de econom\u00eda regionales\u201d.<\/p>\n\n\n\n<figure class=\"wp-block-embed-twitter wp-block-embed is-type-rich is-provider-twitter\"><div class=\"wp-block-embed__wrapper\">\n<blockquote class=\"twitter-tweet\" data-width=\"550\" data-dnt=\"true\"><p lang=\"es\" dir=\"ltr\">Tras la reuni\u00f3n de este mediod\u00eda en <a href=\"https:\/\/twitter.com\/CasaRosada?ref_src=twsrc%5Etfw\">@CasaRosada<\/a> entre el Presidente <a href=\"https:\/\/twitter.com\/mauriciomacri?ref_src=twsrc%5Etfw\">@mauriciomacri<\/a> y los miembros de la <a href=\"https:\/\/twitter.com\/hashtag\/MesadeEnlace?src=hash&amp;ref_src=twsrc%5Etfw\">#MesadeEnlace<\/a>. En el c\u00f3nclave, el Presidente firm\u00f3 el documento que presentamos con pol\u00edticas para el <a href=\"https:\/\/twitter.com\/hashtag\/agro?src=hash&amp;ref_src=twsrc%5Etfw\">#agro<\/a> y fue enf\u00e1tico al ratificar que no subir\u00e1 las <a href=\"https:\/\/twitter.com\/hashtag\/Retenciones?src=hash&amp;ref_src=twsrc%5Etfw\">#Retenciones<\/a> al <a href=\"https:\/\/twitter.com\/hashtag\/Campo?src=hash&amp;ref_src=twsrc%5Etfw\">#Campo<\/a> <a href=\"https:\/\/t.co\/dRgMTW9OdP\">pic.twitter.com\/dRgMTW9OdP<\/a><\/p>&mdash; ACOVI (@ACOVI_) <a href=\"https:\/\/twitter.com\/ACOVI_\/status\/1163874906997710849?ref_src=twsrc%5Etfw\">August 20, 2019<\/a><\/blockquote><script async src=\"https:\/\/platform.twitter.com\/widgets.js\" charset=\"utf-8\"><\/script>\n<\/div><\/figure>\n\n\n\n<p>Iannizzotto\nreflexion\u00f3 sobre la asunci\u00f3n del flamante ministro de Hacienda, Hern\u00e1n Lacunza:\n\u201cTodo lo que contribuya a dar tranquilidad y paz social va a ser apoyado\u201d.<\/p>\n\n\n\n<p>El\npresidente de Coninagro cont\u00f3 que ahora su sector buscar\u00e1 promover el documento\npresentado al presidente para que lo suscriban otros candidatos. En este\nsentido, remarc\u00f3 que esperan que el candidato del Frente de Todos, Alberto\nFern\u00e1ndez, est\u00e9 presente en el encuentro \u201cEl Campo y la Pol\u00edtica IV\u201d, a\nrealizarse el pr\u00f3ximo martes 27 de agosto en Puerto Madero: \u201cReitero\np\u00fablicamente la invitaci\u00f3n, ser\u00e1 un gusto contar con su presencia\u201d.<\/p>\n\n\n\n<p>Tras la\nreuni\u00f3n con Macri, a la tarde del mismo d\u00eda la c\u00fapula dirigencial de Coninagro\nse reuni\u00f3 con el candidato a presidente por Consenso Federal, Roberto Lavagna,\ny con su equipo de asesores y posibles funcionarios. Luego, hicieron lo mismo\ncon los aspirantes a primer mandatario Juan Jos\u00e9 Gomez Centuri\u00f3n (Frente NOS) y\nJos\u00e9 Luis Espert (Despertar).<\/p>\n\n\n\n<p><strong><em>Fuente:\nConinagro<\/em><\/strong><\/p>\n","protected":false},"excerpt":{"rendered":"<p>Los dirigentes del agro argentino, liderados por el mendocino Carlos Iannizzotto, le pidieron al presidente&hellip;<\/p>\n","protected":false},"author":3,"featured_media":2486,"comment_status":"open","ping_status":"open","sticky":false,"template":"","format":"standard","meta":{"footnotes":""},"categories":[14],"tags":[],"class_list":["post-2477","post","type-post","status-publish","format-standard","has-post-thumbnail","hentry","category-news"],"_links":{"self":[{"href":"https:\/\/enolife.com.ar\/es\/wp-json\/wp\/v2\/posts\/2477","targetHints":{"allow":["GET"]}}],"collection":[{"href":"https:\/\/enolife.com.ar\/es\/wp-json\/wp\/v2\/posts"}],"about":[{"href":"https:\/\/enolife.com.ar\/es\/wp-json\/wp\/v2\/types\/post"}],"author":[{"embeddable":true,"href":"https:\/\/enolife.com.ar\/es\/wp-json\/wp\/v2\/users\/3"}],"replies":[{"embeddable":true,"href":"https:\/\/enolife.com.ar\/es\/wp-json\/wp\/v2\/comments?post=2477"}],"version-history":[{"count":0,"href":"https:\/\/enolife.com.ar\/es\/wp-json\/wp\/v2\/posts\/2477\/revisions"}],"wp:featuredmedia":[{"embeddable":true,"href":"https:\/\/enolife.com.ar\/es\/wp-json\/wp\/v2\/media\/2486"}],"wp:attachment":[{"href":"https:\/\/enolife.com.ar\/es\/wp-json\/wp\/v2\/media?parent=2477"}],"wp:term":[{"taxonomy":"category","embeddable":true,"href":"https:\/\/enolife.com.ar\/es\/wp-json\/wp\/v2\/categories?post=2477"},{"taxonomy":"post_tag","embeddable":true,"href":"https:\/\/enolife.com.ar\/es\/wp-json\/wp\/v2\/tags?post=2477"}],"curies":[{"name":"wp","href":"https:\/\/api.w.org\/{rel}","templated":true}]}}