{"id":24756,"date":"2020-12-08T00:06:24","date_gmt":"2020-12-08T00:06:24","guid":{"rendered":"http:\/\/enolife.com.ar\/es\/?p=24756"},"modified":"2020-12-09T15:26:55","modified_gmt":"2020-12-09T15:26:55","slug":"un-nuevo-dirigente-del-sector-vitivinicola-se-suma-a-la-cupula-de-la-fem-nicolas-vicchi-de-acovi","status":"publish","type":"post","link":"https:\/\/enolife.com.ar\/es\/un-nuevo-dirigente-del-sector-vitivinicola-se-suma-a-la-cupula-de-la-fem-nicolas-vicchi-de-acovi\/","title":{"rendered":"Un nuevo dirigente del sector vitivin\u00edcola se suma a la c\u00fapula de la FEM: Nicol\u00e1s Vicchi, de Acovi"},"content":{"rendered":"\n<h4 class=\"wp-block-heading\"><em><strong>En su reciente Asamblea General Ordinaria Anual, la Federaci\u00f3n Econ\u00f3mica de Mendoza (FEM) renov\u00f3 su presidencia por los pr\u00f3ximos 2 a\u00f1os, con la asunci\u00f3n de Alfredo Cecchi, empresario oliv\u00edcola de San Carlos. Cecchi reemplaza a Alberto Carleti, quien ahora ser\u00e1 presidente honorario. Pero la buena noticia para el sector vitivin\u00edcola es que el joven subgerente de la Asociaci\u00f3n de Cooperativas Vitivin\u00edcolas de Argentina, Nicol\u00e1s Vicchi (31) se integra al cuerpo directivo de la FEM en car\u00e1cter de vicepresidente por el Oasis Este. <\/strong><\/em><\/h4>\n\n\n\n<hr class=\"wp-block-separator\"\/>\n\n\n\n<h4 class=\"wp-block-heading\"><em><strong>Vicchi, abogado de profesi\u00f3n, se suma as\u00ed a otros tres destacados reconocidos dirigentes de la vitivinicultura local, que ya integraban el directorio de la entidad: Sergio Villanueva (secretario de Producci\u00f3n, por la Uni\u00f3n Vitivin\u00edcola Argentina, UVA), Marcelo Federici (protesorero de Industria, por Fecovita) y Eduardo C\u00f3rdoba (comisi\u00f3n de Producci\u00f3n, por la AVM). <\/strong><\/em><\/h4>\n\n\n\n<div style=\"height:28px\" aria-hidden=\"true\" class=\"wp-block-spacer\"><\/div>\n\n\n\n<p>En su Asamblea General Ordinaria Anual, realizada a fines de noviembre en forma virtual, la <strong>Federaci\u00f3n Econ\u00f3mica de Mendoza (FEM)<\/strong> design\u00f3 como nuevo presidente por los pr\u00f3ximos dos a\u00f1os al empresario <strong>Alfredo Cecchi<\/strong>. Cecchi reemplaza en el cargo a <strong>Alberto Carlet<\/strong>i, que condujo la entidad desde mayo de 2018 hasta la fecha.<\/p>\n\n\n\n<p>Acovi, en la persona de su subgerente <strong>Nicol\u00e1s Vicchi<\/strong>, ocupa ahora la vicepresidencia por el Oasis Este. \u201cAgradecemos la oportunidad de representar al sector productivo en la comisi\u00f3n directiva de la FEM. Tenemos un gran desaf\u00edo en reactivar la econom\u00eda de nuestra provincia, fortaleciendo las instituciones representativas y apostando por un desarrollo integral de nuestra matriz productiva\u201d, se\u00f1al\u00f3 Vicchi.<\/p>\n\n\n\n<p>Carleti, por su parte, ser\u00e1 ahora presidente honorario, cargo que tambi\u00e9n ejercer\u00e1 Adolfo Tr\u00edpodi.<\/p>\n\n\n\n<p>Cabe recordar que Cecchi se desempe\u00f1aba en la FEM como vicepresidente de Producci\u00f3n y actualmente es titular de la Federaci\u00f3n Argentina de Parques Industriales (FAPI).<\/p>\n\n\n\n<p>Mediante un trabajo coordinado con los distintos sectores que conforman la FEM, entidad asociada a la Confederaci\u00f3n Argentina de la Mediana Empresa (CAME), las nuevas autoridades se&nbsp;abocar\u00e1n&nbsp;ahora a proyectar la instituci\u00f3n hacia los cuatro oasis productivos de la provincia y al plano nacional.<\/p>\n\n\n\n<div style=\"height:20px\" aria-hidden=\"true\" class=\"wp-block-spacer\"><\/div>\n\n\n\n<p class=\"has-background has-pale-cyan-blue-background-color\"><strong>Las nuevas autoridades de la FEM<\/strong><br><br><strong>Presidente<\/strong>: Alfredo Cecchi (Asociaci\u00f3n de Industriales de San Carlos)<br><strong>Secretario general<\/strong>: Alejandro Orlando (Aierh)<br><strong>Tesorero<\/strong>: Daniel Donna (C\u00e1mara de Consultores de Mendoza)<br><strong>Presidentes honorarios<\/strong>: Alberto Carleti (C\u00e1mara de Comercio, Industria Agricultura y Turismo de Tunuy\u00e1n, CIAT) y Adolfo Tr\u00edpodi (Cecitys)<\/p>\n\n\n\n<p><strong>Vicepresidencias:<\/strong><br><strong>Industria<\/strong>: Mario Do\u00f1a (C\u00e1mara de San Mart\u00edn)<br><strong>Comercio<\/strong>: Juan Roth (C\u00e1mara de Tunuy\u00e1n)<br><strong>Producci\u00f3n<\/strong>: Adolfo Brennan (Cofam)<br><strong>Conocimiento<\/strong>: Sergio Martini (ACDE).<br><strong>Oasis Norte<\/strong>: Santiago Laugero (C\u00e1mara Hoteleros de Mendoza)<br><strong>Oasis Sur<\/strong>: Nicol\u00e1s Mart\u00ednez (C\u00e1mara San Rafael)<br><strong>Oasis Centro<\/strong>: Sebasti\u00e1n Lafalla (C\u00e1mara de Tupungato)<br><strong>Oasis Este<\/strong>: Nicol\u00e1s Vicchi (Acovi)<br><br><strong>Prosecretar\u00edas:<\/strong><br><strong>Industria<\/strong>: Domingo Franchetti (Amena)<br><strong>Comercio<\/strong>: Adri\u00e1n Al\u00edn (Cecitys)<br><strong>Producci\u00f3n<\/strong>: Sergio Villanueva (UVA)<br><strong>Conocimiento<\/strong>: Rodolfo Giro (Polo TIC)<br><strong>Oasis Norte<\/strong>: Santiago Day (Aehga)<br><strong>Oasis Sur<\/strong>: Nicol\u00e1s Alonso (C\u00e1mara de General Alvear)<br><strong>Oasis Centro<\/strong>: Carolina Mart\u00ednez (C\u00e1mara de Tunuy\u00e1n)<br><strong>Oasis&nbsp;Este<\/strong>: Fernanda Reina (Asociaci\u00f3n Civil C\u00e1mara de Mujeres Empresarias y Emprendedoras de Mendoza)<br><br>P<strong>rotesorer\u00edas:<\/strong><br><strong>Industria<\/strong>: Marcelo Federici (Fecovita)<br><strong>Comercio<\/strong>: Mayra Girala (C\u00e1mara de San Rafael)<br><strong>Producci\u00f3n<\/strong>: Graciela Rovera (Comercio Exterior)<br><strong>Conocimiento<\/strong>: Pablo Quiroga (C\u00e1mara de Farmacias de Mendoza)<br><strong>Oasis Norte<\/strong>: Gerardo Fern\u00e1ndez (Cecim)<br><strong>Oasis Sur<\/strong>: Gustavo Miras (C\u00e1mara de Malarg\u00fce)<br><strong>Oasis Centro<\/strong>: Ariel Zucarelli (Asocam)<br><strong>Oasis Este<\/strong>: Marcos Arboit (C\u00e1mara Empresaria de Jun\u00edn)<br><br><strong>Comisiones y referentes:<\/strong><br><strong>Turismo<\/strong>: Adri\u00e1n Gonz\u00e1lez (C\u00e1mara de Hoteleros de Mendoza)<br><strong>Mujeres<\/strong>: Fernanda Reina y Cecilia Pinto (Asociaci\u00f3n Civil C\u00e1mara de Mujeres Empresarias y Emprendedoras de Mendoza)<br><strong>J\u00f3venes<\/strong>: Nicol\u00e1s Alonso Barotto (C\u00e1mara de Gral. Alvear)<br>RSE: Fernando Barbera (Aehga)<br><strong>Comercio exterior<\/strong>: Graciela Rovera (Comercio Exterior).<br><strong>Energ\u00eda y Miner\u00eda<\/strong>: Sergio Martini (ACDE)<br><strong>Producci\u00f3n<\/strong>: Eduardo C\u00f3rdoba (Asociaci\u00f3n de Vi\u00f1ateros de Mendoza)<br><strong>Parques Industriales<\/strong>: Alejandro Orlando (Aierh)<br><strong>Comercio<\/strong>: Freddy Fabiancic (C\u00e1mara de Godoy Cruz)<br><strong>Educaci\u00f3n y Conocimiento<\/strong>: Monserrat Bahamonde (Asinmet)<br><strong>Industria del Conocimiento<\/strong>: Pedro Uribarrena (CACE)<br><strong>T\u00e9cnica:<\/strong> Walter Ton (T\u00e9cnica)<br><strong>Revisor de Cuentas titular<\/strong>: Luis Mercado (CIM)<br><strong>Revisor de Cuentas suplente<\/strong>: Javier Gantuz (C\u00e1mara de Franquicias de Mendoza)<br><strong>Revisor de Cuentas suplente<\/strong>: Jos\u00e9 Brain (C\u00e1mara de Libreros)<\/p>\n\n\n\n<div style=\"height:29px\" aria-hidden=\"true\" class=\"wp-block-spacer\"><\/div>\n","protected":false},"excerpt":{"rendered":"<p>En su reciente Asamblea General Ordinaria Anual, la Federaci\u00f3n Econ\u00f3mica de Mendoza (FEM) renov\u00f3 su&hellip;<\/p>\n","protected":false},"author":3,"featured_media":24996,"comment_status":"open","ping_status":"open","sticky":false,"template":"","format":"standard","meta":{"footnotes":""},"categories":[14],"tags":[],"class_list":["post-24756","post","type-post","status-publish","format-standard","has-post-thumbnail","hentry","category-news"],"_links":{"self":[{"href":"https:\/\/enolife.com.ar\/es\/wp-json\/wp\/v2\/posts\/24756","targetHints":{"allow":["GET"]}}],"collection":[{"href":"https:\/\/enolife.com.ar\/es\/wp-json\/wp\/v2\/posts"}],"about":[{"href":"https:\/\/enolife.com.ar\/es\/wp-json\/wp\/v2\/types\/post"}],"author":[{"embeddable":true,"href":"https:\/\/enolife.com.ar\/es\/wp-json\/wp\/v2\/users\/3"}],"replies":[{"embeddable":true,"href":"https:\/\/enolife.com.ar\/es\/wp-json\/wp\/v2\/comments?post=24756"}],"version-history":[{"count":0,"href":"https:\/\/enolife.com.ar\/es\/wp-json\/wp\/v2\/posts\/24756\/revisions"}],"wp:featuredmedia":[{"embeddable":true,"href":"https:\/\/enolife.com.ar\/es\/wp-json\/wp\/v2\/media\/24996"}],"wp:attachment":[{"href":"https:\/\/enolife.com.ar\/es\/wp-json\/wp\/v2\/media?parent=24756"}],"wp:term":[{"taxonomy":"category","embeddable":true,"href":"https:\/\/enolife.com.ar\/es\/wp-json\/wp\/v2\/categories?post=24756"},{"taxonomy":"post_tag","embeddable":true,"href":"https:\/\/enolife.com.ar\/es\/wp-json\/wp\/v2\/tags?post=24756"}],"curies":[{"name":"wp","href":"https:\/\/api.w.org\/{rel}","templated":true}]}}