{"id":24664,"date":"2020-12-02T03:41:29","date_gmt":"2020-12-02T03:41:29","guid":{"rendered":"http:\/\/enolife.com.ar\/es\/?p=24664"},"modified":"2020-12-05T13:31:57","modified_gmt":"2020-12-05T13:31:57","slug":"disenan-la-ruta-del-vino-mas-larga-del-mundo-1-250-km-hermanando-argentina-y-chile","status":"publish","type":"post","link":"https:\/\/enolife.com.ar\/es\/disenan-la-ruta-del-vino-mas-larga-del-mundo-1-250-km-hermanando-argentina-y-chile\/","title":{"rendered":"Dise\u00f1an la Ruta del Vino m\u00e1s larga del mundo: 1.250 km hermanando Argentina y Chile"},"content":{"rendered":"\n<h4 class=\"wp-block-heading\"><em><strong>El&nbsp;Inprotur&nbsp;de Argentina, el&nbsp;Sernatur&nbsp;de Chile y la&nbsp;Organizaci\u00f3n Mundial del EnoTurismo&nbsp;(OMET) promueven, apoyan y promocionan la creaci\u00f3n de lo que llamaron la Ruta del Vino m\u00e1s Larga del Mundo (1.250 Km. de cultura vin\u00edcola), favoreciendo la uni\u00f3n entre las regiones chilenas y argentinas de Coquimbo, San Juan, La Rioja, Catamarca y Santiago del Estero. Argentina y Chile, como pa\u00edses enotur\u00edsticos cuentan con m\u00e1s de 250 y 130 bodegas visitables, respectivamente.<\/strong><\/em><\/h4>\n\n\n\n<div style=\"height:20px\" aria-hidden=\"true\" class=\"wp-block-spacer\"><\/div>\n\n\n\n\n\n<div style=\"height:53px\" aria-hidden=\"true\" class=\"wp-block-spacer\"><\/div>\n\n\n\n<p>La ruta enotur\u00edstica impulsada por la <strong>Organizaci\u00f3n Mundial de EnoTurismo (OMET)<\/strong> revive el viaje que hicieron los conquistadores y cl\u00e9rigos espa\u00f1oles, quienes, tras fundar la primera ciudad costera de <strong>Chile<\/strong>, <strong>La Serena<\/strong>, cruzaron la Cordillera de los Andes, ya entreviendo la uni\u00f3n bioce\u00e1nica, para levantar la ciudad m\u00e1s antigua de <strong>Argentina, Santiago del Estero.<\/strong> Posteriormente, por ese mismo camino, trajeron desde Chile las primeras plantas de vid, consolidando as\u00ed las bases comunes de la viticultura en ambos pa\u00edses y en el Cono Sur, en una hist\u00f3rica gesta <strong>entre 1553 y 1556<\/strong>.<\/p>\n\n\n\n<div style=\"height:20px\" aria-hidden=\"true\" class=\"wp-block-spacer\"><\/div>\n\n\n\n<div class=\"wp-block-image\"><figure class=\"aligncenter size-large is-resized\"><img loading=\"lazy\" decoding=\"async\" src=\"https:\/\/enolife.com.ar\/es\/wp-content\/uploads\/2020\/12\/3751420.jpg\" alt=\"\" class=\"wp-image-24729\" width=\"565\" height=\"399\" srcset=\"https:\/\/enolife.com.ar\/es\/wp-content\/uploads\/2020\/12\/3751420.jpg 700w, https:\/\/enolife.com.ar\/es\/wp-content\/uploads\/2020\/12\/3751420-300x212.jpg 300w, https:\/\/enolife.com.ar\/es\/wp-content\/uploads\/2020\/12\/3751420-585x414.jpg 585w\" sizes=\"auto, (max-width: 565px) 100vw, 565px\" \/><\/figure><\/div>\n\n\n\n<div style=\"height:20px\" aria-hidden=\"true\" class=\"wp-block-spacer\"><\/div>\n\n\n\n<p>En una reciente intervenci\u00f3n para presentar este proyecto dentro del ciclo \u00abLos Viajes de la Vid y el Vino\u00bb, el presidente de la OMET, <strong>Jos\u00e9 Antonio Vidal<\/strong>, se\u00f1al\u00f3 que \u201cla iniciativa se adec\u00faa a lo que OMET entiende como Ruta (inclusi\u00f3n de m\u00e1s de un pa\u00eds), y promueve el desarrollo de la colaboraci\u00f3n p\u00fablico-privada, contemplando la competitividad, la investigaci\u00f3n acad\u00e9mica, la innovaci\u00f3n y la sostenibilidad como sus ejes esenciales\u00bb.<\/p>\n\n\n\n<p>\u00abDesde la OMET -agreg\u00f3 Vidal- animamos a todos los pa\u00edses a favorecer este tipo de iniciativas\u00bb. En esta l\u00ednea de acci\u00f3n, el <strong>30 de noviembre la OMET present\u00f3 lo que ser\u00e1 la&nbsp;Ruta Ib\u00e9rica del EnoTurismo<\/strong>&nbsp;(Alianza entre las Asociaciones de EnoTurismo de Espa\u00f1a -AEE- y Portugal -Apeno-)<\/p>\n\n\n\n<div style=\"height:20px\" aria-hidden=\"true\" class=\"wp-block-spacer\"><\/div>\n\n\n\n<blockquote class=\"wp-block-quote is-layout-flow wp-block-quote-is-layout-flow\"><p>Desde la OMET animamos a todos los pa\u00edses a favorecer este tipo de iniciativas binacionales, que promueven la hermandad del enoturismo\u00bb.<\/p><cite>Jos\u00e9 Antonio Vidal, presidente de la OMET<\/cite><\/blockquote>\n\n\n\n<div style=\"height:20px\" aria-hidden=\"true\" class=\"wp-block-spacer\"><\/div>\n\n\n\n<div class=\"wp-block-image\"><figure class=\"aligncenter is-resized\"><img loading=\"lazy\" decoding=\"async\" src=\"https:\/\/www.tecnovino.com\/wp-content\/uploads\/2018\/06\/Tecnovino-Enoturismo-de-Espana-Jose-Antonio-Vidal.jpg\" alt=\"El enoturismo mundial se organiza en funci\u00f3n de los objetivos de desarrollo  sostenible de la ONU | ENOLIFE | La vida del vino\" width=\"475\" height=\"290\"\/><figcaption><strong>Jos\u00e9 Antonio Vidal<\/strong><\/figcaption><\/figure><\/div>\n\n\n\n<div style=\"height:20px\" aria-hidden=\"true\" class=\"wp-block-spacer\"><\/div>\n\n\n\n<p>El presidente de OMET continu\u00f3 afirmando que \u201cen tiempos especialmente dif\u00edciles como los actuales, es necesario&nbsp;redefinir conceptos&nbsp;en turismo y enoturismo, orientados a la satisfacci\u00f3n de la nueva demanda, marcada por la&nbsp;seguridad sanitaria. En este sentido, Vidal apunt\u00f3:<\/p>\n\n\n\n<ul class=\"wp-block-list\"><li>La cooperaci\u00f3n&nbsp;p\u00fablico-privada, p\u00fablica-p\u00fablica y privada-privada&nbsp;ser\u00e1 m\u00e1s esencial que nunca.<\/li><li>Las empresas que a\u00fan no lo hayan hecho, han de redefinirse hacia un&nbsp;<strong>enfoque inclusivo y sostenible<\/strong>.<\/li><li>Todos deber\u00e1n trabajar la&nbsp;confianza<strong>&nbsp;<\/strong>para seguir estando en la decisi\u00f3n de compra de los consumidores.<\/li><\/ul>\n\n\n\n<p>Seg\u00fan manifestaron desde la OMET, existe una gran ventana de oportunidad vinculada a las bondades que ofrece un sector tan integral y transversal como es el enoturismo, que implica&nbsp;estrategias innovadoras. Y esta Ruta las contempla.<\/p>\n\n\n\n<div style=\"height:20px\" aria-hidden=\"true\" class=\"wp-block-spacer\"><\/div>\n\n\n\n<h4 class=\"wp-block-heading\"><strong>Una Red Mundial del Conocimiento<\/strong><\/h4>\n\n\n\n<p>OMET se define como&nbsp;una Red Mundial del Conocimiento&nbsp;(a trav\u00e9s de OMET Academy)&nbsp;y del Emprendimiento Enotur\u00edstico, integrada tanto por el sector p\u00fablico (gobiernos centrales, regionales, locales y destinos), como por empresas y asociaciones que conforman la cadena de valor, bajo dos tipolog\u00edas de miembros -asociados y observadores-, dependiendo de que los pa\u00edses est\u00e9n ya consolidados enotur\u00edsticamente o est\u00e9n en v\u00edas de serlo.<\/p>\n\n\n\n<p>OMET tiene como gran objetivo contribuir al desarrollo econ\u00f3mico de los territorios mediante su promoci\u00f3n en los mercados dom\u00e9stico y global, dentro de un modelo de gobierno inclusivo, alineado con los Objetivos de la Agenda 2030 de las Naciones Unidas.<\/p>\n\n\n\n<div style=\"height:20px\" aria-hidden=\"true\" class=\"wp-block-spacer\"><\/div>\n\n\n\n<p class=\"has-small-font-size\"><em><strong>Fuente: Organizaci\u00f3n Mundial de EnoTurismo (OMET)<\/strong><\/em><\/p>\n","protected":false},"excerpt":{"rendered":"<p>El&nbsp;Inprotur&nbsp;de Argentina, el&nbsp;Sernatur&nbsp;de Chile y la&nbsp;Organizaci\u00f3n Mundial del EnoTurismo&nbsp;(OMET) promueven, apoyan y promocionan la creaci\u00f3n&hellip;<\/p>\n","protected":false},"author":3,"featured_media":24734,"comment_status":"open","ping_status":"open","sticky":false,"template":"","format":"standard","meta":{"footnotes":""},"categories":[11],"tags":[],"class_list":["post-24664","post","type-post","status-publish","format-standard","has-post-thumbnail","hentry","category-enoturismo"],"_links":{"self":[{"href":"https:\/\/enolife.com.ar\/es\/wp-json\/wp\/v2\/posts\/24664","targetHints":{"allow":["GET"]}}],"collection":[{"href":"https:\/\/enolife.com.ar\/es\/wp-json\/wp\/v2\/posts"}],"about":[{"href":"https:\/\/enolife.com.ar\/es\/wp-json\/wp\/v2\/types\/post"}],"author":[{"embeddable":true,"href":"https:\/\/enolife.com.ar\/es\/wp-json\/wp\/v2\/users\/3"}],"replies":[{"embeddable":true,"href":"https:\/\/enolife.com.ar\/es\/wp-json\/wp\/v2\/comments?post=24664"}],"version-history":[{"count":0,"href":"https:\/\/enolife.com.ar\/es\/wp-json\/wp\/v2\/posts\/24664\/revisions"}],"wp:featuredmedia":[{"embeddable":true,"href":"https:\/\/enolife.com.ar\/es\/wp-json\/wp\/v2\/media\/24734"}],"wp:attachment":[{"href":"https:\/\/enolife.com.ar\/es\/wp-json\/wp\/v2\/media?parent=24664"}],"wp:term":[{"taxonomy":"category","embeddable":true,"href":"https:\/\/enolife.com.ar\/es\/wp-json\/wp\/v2\/categories?post=24664"},{"taxonomy":"post_tag","embeddable":true,"href":"https:\/\/enolife.com.ar\/es\/wp-json\/wp\/v2\/tags?post=24664"}],"curies":[{"name":"wp","href":"https:\/\/api.w.org\/{rel}","templated":true}]}}