{"id":24487,"date":"2020-11-30T13:48:04","date_gmt":"2020-11-30T13:48:04","guid":{"rendered":"http:\/\/enolife.com.ar\/es\/?p=24487"},"modified":"2020-12-01T03:03:00","modified_gmt":"2020-12-01T03:03:00","slug":"los-anotados-para-trabajar-en-las-cosechas-ya-reciben-capacitacion-presencial","status":"publish","type":"post","link":"https:\/\/enolife.com.ar\/es\/los-anotados-para-trabajar-en-las-cosechas-ya-reciben-capacitacion-presencial\/","title":{"rendered":"Los anotados para trabajar en las cosechas ya reciben capacitaci\u00f3n presencial"},"content":{"rendered":"\n<h4 class=\"wp-block-heading\"><em><strong>Luego de varias clases de ayuda online sobre c\u00f3mo recolectar uva y otras frutas y hortalizas, algunos de los 6.000 cosechadores mendocinos inscriptos en el programa \u00abReinventa\u00bb comenzaron a ser instruidos \u00aben vivo y directo\u00bb por los expertos de la Subsecretar\u00eda de Agricultura de la provincia. La primer clase presencial se realiz\u00f3 en las instalaciones del Sindicato de Obreros y Empleados Vitivin\u00edcolas de Argentina (Soeva) en Maip\u00fa (foto principal).<\/strong><\/em> <\/h4>\n\n\n\n<hr class=\"wp-block-separator\"\/>\n\n\n\n<h4 class=\"wp-block-heading\"><em><strong>Cabe se\u00f1alar que algunas seccionales mendocinas de Soeva han trabajado activamente junto al gobierno de Mendoza en la organizaci\u00f3n de este operativo de cosecha. Ahora, cabe esperar que el reclamo gremial sobre un justo pago de salarios a estos trabajadores sea satisfecho en tiempo y forma por las empresas empleadoras.<\/strong><\/em><\/h4>\n\n\n\n<div style=\"height:22px\" aria-hidden=\"true\" class=\"wp-block-spacer\"><\/div>\n\n\n\n\n\n<div style=\"height:51px\" aria-hidden=\"true\" class=\"wp-block-spacer\"><\/div>\n\n\n\n<p>El gobierno de Mendoza, a trav\u00e9s de las Subsecretar\u00edas de Agricultura y Ganader\u00eda del Ministerio de Econom\u00eda y Energ\u00eda, continua con las capacitaciones a cosechadores que forman parte del <strong>Registro de Informaci\u00f3n Nominal para Vendimia y Tareas Agr\u00edcolas (Reinventa)<\/strong>.<\/p>\n\n\n\n<p>Cabe se\u00f1alar que este programa fue lanzado hace dos meses en previsi\u00f3n de que los cosechadores golondrina que para estas \u00e9pocas del a\u00f1o llegan a Mendoza, esta vez, por el covid, no pudieron atravesar las fronteras provinciales y la recolecci\u00f3n corriera peligro. Entonces, se abri\u00f3 el registro para darle oportunidad a todos los mendocinos que quisieran aprender el oficio, cosechar y ganarse unos buenos pesos. El Reinventa result\u00f3 exitoso, al punto que ya se inscribieron <strong>m\u00e1s de 6.000 candidatos<\/strong> -seg\u00fan el ministerio de Econom\u00eda-, muchos de los cuales ya fueron capacitados y ya est\u00e1n cosechando. &nbsp;<\/p>\n\n\n\n<p>Los participantes de los encuentros de capacitaci\u00f3n, al principio s\u00f3lo online y ahora presenciales, son aquellos mendocinos que se registraron a trav\u00e9s del programa Reinventa, orientado a reunir oferta y demanda para dar respuesta a las tareas de cosecha y otras labores agr\u00edcolas, y que efectivamente solicitaron ser capacitados mediante el formulario de inscripci\u00f3n. &nbsp;<\/p>\n\n\n\n<p>De la reuni\u00f3n del pasado viernes 27\/11 participaron <strong>Valentina Navarro Canafoglia<\/strong>, directora de Agricultura y <strong>Fabi\u00e1n Egea<\/strong> y <strong>Alejandra L\u00f3pez<\/strong>, asesores de la <strong>Direcci\u00f3n de Agricultura<\/strong>. Estos \u00faltimos desarrollaron contenidos sobre procedimientos de cosecha de frutales, seguridad e higiene durante los trabajos de cosecha y los protocolos que se deben implementar para reducir al m\u00e1ximo posible las posibilidades de propagaci\u00f3n del coronavirus.<\/p>\n\n\n\n<div style=\"height:20px\" aria-hidden=\"true\" class=\"wp-block-spacer\"><\/div>\n\n\n\n<p class=\"has-medium-font-size\"><strong>Una opci\u00f3n para generar trabajo local genuino<\/strong><\/p>\n\n\n\n<p>\u201cDesde nuestra direcci\u00f3n continuamos con las capacitaciones estipuladas por el registro. El objetivo de esta herramienta es poner en com\u00fan las necesidades de mano de obra por parte de productores agr\u00edcolas y agroindustriales y de quienes desean ser parte de esta temporada de cosecha. A ra\u00edz de la pandemia, esta demanda se ha visto incrementada y este registro es una opci\u00f3n m\u00e1s que ponemos a disposici\u00f3n para que los mendocinos tomen mano de obra mendocina\u201d, coment\u00f3 Navarro Canafoglia. &nbsp;<\/p>\n\n\n\n<div style=\"height:20px\" aria-hidden=\"true\" class=\"wp-block-spacer\"><\/div>\n\n\n\n<figure class=\"wp-block-gallery aligncenter columns-3 is-cropped wp-block-gallery-1 is-layout-flex wp-block-gallery-is-layout-flex\"><ul class=\"blocks-gallery-grid\"><li class=\"blocks-gallery-item\"><figure><img loading=\"lazy\" decoding=\"async\" width=\"250\" height=\"113\" src=\"https:\/\/enolife.com.ar\/es\/wp-content\/uploads\/2020\/11\/67380cb2-ec09-4708-8228-7692ffdf95b0-250x113-1.jpg\" alt=\"\" data-id=\"24515\" class=\"wp-image-24515\"\/><\/figure><\/li><li class=\"blocks-gallery-item\"><figure><img loading=\"lazy\" decoding=\"async\" width=\"250\" height=\"113\" src=\"https:\/\/enolife.com.ar\/es\/wp-content\/uploads\/2020\/11\/160d128a-bddc-446f-bc68-d401a421ecb1-250x113-1.jpg\" alt=\"\" data-id=\"24516\" data-link=\"https:\/\/enolife.com.ar\/es\/?attachment_id=24516\" class=\"wp-image-24516\"\/><\/figure><\/li><li class=\"blocks-gallery-item\"><figure><img loading=\"lazy\" decoding=\"async\" width=\"250\" height=\"113\" src=\"https:\/\/enolife.com.ar\/es\/wp-content\/uploads\/2020\/11\/54d6651e-0fb5-478f-89ee-e69a5c78bbc3-250x113-1.jpg\" alt=\"\" data-id=\"24517\" data-link=\"https:\/\/enolife.com.ar\/es\/?attachment_id=24517\" class=\"wp-image-24517\"\/><\/figure><\/li><li class=\"blocks-gallery-item\"><figure><img loading=\"lazy\" decoding=\"async\" width=\"250\" height=\"113\" src=\"https:\/\/enolife.com.ar\/es\/wp-content\/uploads\/2020\/11\/705122d4-64ab-47b9-bcaa-9882d0cca15f-250x113-2.jpg\" alt=\"\" data-id=\"24520\" data-full-url=\"https:\/\/enolife.com.ar\/es\/wp-content\/uploads\/2020\/11\/705122d4-64ab-47b9-bcaa-9882d0cca15f-250x113-2.jpg\" data-link=\"https:\/\/enolife.com.ar\/es\/?attachment_id=24520\" class=\"wp-image-24520\"\/><\/figure><\/li><\/ul><\/figure>\n\n\n\n<div style=\"height:20px\" aria-hidden=\"true\" class=\"wp-block-spacer\"><\/div>\n\n\n\n<p>Desde la Direcci\u00f3n Territorial de Empleo y Capacitaci\u00f3n a\u00f1adieron que las empresas y productores, quienes son los que est\u00e1n demandando mano de obra, se van a contactar de manera directa con los postulantes. \u201cEs por eso que es de suma importancia que, al momento de realizar la inscripci\u00f3n en el Registro, los interesados en formar parte del programa dejen todos los datos requeridos con la mayor precisi\u00f3n posible. Buscamos, a trav\u00e9s de esta herramienta, agilizar los procesos de contrataci\u00f3n al m\u00e1ximo posible poniendo a disposici\u00f3n nuestras herramientas\u201d, coment\u00f3 por su parte <strong>Emilce Vega Espinoza<\/strong>, la titular de la repartici\u00f3n. &nbsp;<\/p>\n\n\n\n<div style=\"height:20px\" aria-hidden=\"true\" class=\"wp-block-spacer\"><\/div>\n\n\n\n<blockquote class=\"wp-block-quote is-layout-flow wp-block-quote-is-layout-flow\"><p>Las empresas y productores, que est\u00e1n demandando la mano de obra, se van a contactar con los postulantes&#8230; Por eso es fundamental que al inscribirse los interesados dejen todos los datos con precisi\u00f3n\u00bb.<\/p><cite>Emilce Vega Espinoza, titular de la Direcci\u00f3n Territorial de Empleo y Capacitaci\u00f3n<\/cite><\/blockquote>\n\n\n\n<div style=\"height:20px\" aria-hidden=\"true\" class=\"wp-block-spacer\"><\/div>\n\n\n\n<p>En tanto, Fabi\u00e1n Egea, a\u00f1adi\u00f3: \u201cEstos encuentros est\u00e1n orientadas a la cosecha de frutales y tambi\u00e9n a otro tema que consideramos de suma importancia que es la seguridad y la higiene, los cuidados que se deben tener durante la cosecha y por supuesto los protocolos vigentes relacionados con el covid\u201d. &nbsp;<\/p>\n\n\n\n<p>\u201cLos participantes se mostraron muy interesados, durante el desarrollo de la charla fuimos contestando cada una de las inquietudes que nos fueron realizando. Los videos explicativos que utilizamos en el marco de la charla, estar\u00e1n disponibles a trav\u00e9s de las plataformas virtuales del ministerio de Econom\u00eda\u201d, cerr\u00f3.&nbsp;&nbsp;<\/p>\n\n\n\n<p>Vale destacar que el registro s\u00f3lo tiene por objetivo reunir a las partes a los efectos de allanar el camino tanto para productores y empresarios interesados en contratar mano de obra como para los potenciales trabajadores. &nbsp;<\/p>\n\n\n\n<p>La relaci\u00f3n laboral que se establezca luego ser\u00e1 un acuerdo entre privados que estar\u00e1 sujeta a las normas y controles propias de la actividad agraria en las que intervienen otros organismos como el Ministerio de Trabajo de la Provincia, o de la Naci\u00f3n. &nbsp;<\/p>\n\n\n\n<p><strong>Para mayor informaci\u00f3n sobre el programa,<\/strong> los interesados deber\u00e1n ingresar al Registro de Informaci\u00f3n Nominal para Vendimia y Tareas Agr\u00edcolas disponible a trav\u00e9s del siguiente <strong>link:&nbsp;<a rel=\"noreferrer noopener\" href=\"https:\/\/www.mendoza.gov.ar\/economia\/programa-re-i-n-ven-t-a\/\" target=\"_blank\">https:\/\/www.mendoza.gov.ar\/economia\/programa-re-i-n-ven-t-a\/<\/a>&nbsp;&nbsp;<\/strong><\/p>\n\n\n\n<div style=\"height:20px\" aria-hidden=\"true\" class=\"wp-block-spacer\"><\/div>\n\n\n\n<p class=\"has-small-font-size\"><em><strong>Fuente: Ministerio de Econom\u00eda del gobierno de Mendoza<\/strong><\/em><\/p>\n","protected":false},"excerpt":{"rendered":"<p>Luego de varias clases de ayuda online sobre c\u00f3mo recolectar uva y otras frutas y&hellip;<\/p>\n","protected":false},"author":3,"featured_media":24510,"comment_status":"open","ping_status":"open","sticky":false,"template":"","format":"standard","meta":{"footnotes":""},"categories":[14],"tags":[],"class_list":["post-24487","post","type-post","status-publish","format-standard","has-post-thumbnail","hentry","category-news"],"_links":{"self":[{"href":"https:\/\/enolife.com.ar\/es\/wp-json\/wp\/v2\/posts\/24487","targetHints":{"allow":["GET"]}}],"collection":[{"href":"https:\/\/enolife.com.ar\/es\/wp-json\/wp\/v2\/posts"}],"about":[{"href":"https:\/\/enolife.com.ar\/es\/wp-json\/wp\/v2\/types\/post"}],"author":[{"embeddable":true,"href":"https:\/\/enolife.com.ar\/es\/wp-json\/wp\/v2\/users\/3"}],"replies":[{"embeddable":true,"href":"https:\/\/enolife.com.ar\/es\/wp-json\/wp\/v2\/comments?post=24487"}],"version-history":[{"count":0,"href":"https:\/\/enolife.com.ar\/es\/wp-json\/wp\/v2\/posts\/24487\/revisions"}],"wp:featuredmedia":[{"embeddable":true,"href":"https:\/\/enolife.com.ar\/es\/wp-json\/wp\/v2\/media\/24510"}],"wp:attachment":[{"href":"https:\/\/enolife.com.ar\/es\/wp-json\/wp\/v2\/media?parent=24487"}],"wp:term":[{"taxonomy":"category","embeddable":true,"href":"https:\/\/enolife.com.ar\/es\/wp-json\/wp\/v2\/categories?post=24487"},{"taxonomy":"post_tag","embeddable":true,"href":"https:\/\/enolife.com.ar\/es\/wp-json\/wp\/v2\/tags?post=24487"}],"curies":[{"name":"wp","href":"https:\/\/api.w.org\/{rel}","templated":true}]}}