{"id":24354,"date":"2020-11-28T17:52:54","date_gmt":"2020-11-28T17:52:54","guid":{"rendered":"http:\/\/enolife.com.ar\/es\/?p=24354"},"modified":"2020-11-30T13:59:08","modified_gmt":"2020-11-30T13:59:08","slug":"vuelve-el-polo-junto-a-bodega-navarro-correas-y-un-nuevo-espacio-gastronomico-en-palermo","status":"publish","type":"post","link":"https:\/\/enolife.com.ar\/es\/vuelve-el-polo-junto-a-bodega-navarro-correas-y-un-nuevo-espacio-gastronomico-en-palermo\/","title":{"rendered":"Vuelve el polo, junto a Bodega Navarro Correas y un nuevo espacio gastron\u00f3mico en Palermo"},"content":{"rendered":"\n<h4 class=\"wp-block-heading\"><em><strong>El antiguo deporte que conjuga en equipo a hombres y caballos vuelve al pasto hoy 28\/11 tras 9 meses de receso obligado por la pandemia. Y por tercer a\u00f1o consecutivo la bodega mendocina Navarro Correas, del grupo Pe\u00f1aflor, acompa\u00f1a como sponsor al torneo abierto que se disputa en el Campo Argentino de Polo de Palermo, Ciudad de Buenos Aires. Adem\u00e1s de ser el anfitri\u00f3n de la competencia, Navarro Correas inaugura un espacio propio dentro del Paseo Gastron\u00f3mico del Campo, conducido por el reconocido chef de la cadena Novecento, Pablo Buzzo. All\u00ed se ofrece una atractiva carta para almuerzo, after polo y cena, en maridaje con los mejores vinos y espumantes de la bodega<\/strong><\/em><strong><em>.<\/em><\/strong> <\/h4>\n\n\n\n<div style=\"height:20px\" aria-hidden=\"true\" class=\"wp-block-spacer\"><\/div>\n\n\n\n<p>Si bien este campeonato es auspiciado por la Bodega Navarro Correas desde hace 3 a\u00f1os, este a\u00f1o la asociaci\u00f3n del vino y el deporte cobra especial significaci\u00f3n al coincidir con la vuelta a las canchas tras el aislamiento por el coronavirus. Por ello, el tradicional establecimiento vitivin\u00edcola mendocino comunica la novedad con un creativo video publicitario que juega con las palabras: \u00abEl Abierto est\u00e1 abierto\u00bb. All\u00ed se invita al p\u00fablico a disfrutar una propuesta gastron\u00f3mica durante el torneo -que finaliza el 19 de diciembre- y luego hasta el 31 de marzo de 2021, cuando cierra la temporada de verano en el Paseo Gastron\u00f3mico del Campo Argentino de Polo.<\/p>\n\n\n\n<div style=\"height:20px\" aria-hidden=\"true\" class=\"wp-block-spacer\"><\/div>\n\n\n\n<figure class=\"wp-block-embed-youtube wp-block-embed is-type-video is-provider-youtube wp-embed-aspect-16-9 wp-has-aspect-ratio\"><div class=\"wp-block-embed__wrapper\">\n<iframe loading=\"lazy\" title=\"&#039;&#039;Abierto abierto&#039;&#039; - Navarro Correas - Ponce\" width=\"1170\" height=\"658\" src=\"https:\/\/www.youtube.com\/embed\/8ii3wsVxio0?feature=oembed\" frameborder=\"0\" allow=\"accelerometer; autoplay; clipboard-write; encrypted-media; gyroscope; picture-in-picture\" allowfullscreen><\/iframe>\n<\/div><\/figure>\n\n\n\n<div style=\"height:20px\" aria-hidden=\"true\" class=\"wp-block-spacer\"><\/div>\n\n\n\n<p>Es para destacar la arquitectura de inspiraci\u00f3n francesa del Espacio Navarro Correas, que busca reflejar la elegancia caracter\u00edstica del polo argentino. Adem\u00e1s, el sitio fue especialmente dise\u00f1ado para respetar los protocolos sanitarios y las normativas vigentes de distanciamiento social.<\/p>\n\n\n\n<p>\u00abEl Espacio de Navarro Correas promete ser el paso obligado no s\u00f3lo durante el Abierto sino tambi\u00e9n durante toda la temporada de verano en el Campo de Palermo, ofreci\u00e9ndo no s\u00f3lo sus vinos y espumantes sino tambi\u00e9n tragos y la mejor gastronom\u00eda porte\u00f1a, que propone el chef Pablo Buzzo\u00bb,&nbsp;coment\u00f3 Mar\u00eda Eugenia Guttmann, gerenta de M\u00e1rketing del Grupo Pe\u00f1aflor.<\/p>\n\n\n\n<div style=\"height:20px\" aria-hidden=\"true\" class=\"wp-block-spacer\"><\/div>\n\n\n\n<div class=\"wp-block-image\"><figure class=\"aligncenter size-large\"><img loading=\"lazy\" decoding=\"async\" width=\"733\" height=\"286\" src=\"https:\/\/enolife.com.ar\/es\/wp-content\/uploads\/2020\/11\/Navarro-Correas-Espacio-Polo-1.jpg\" alt=\"\" class=\"wp-image-24387\" srcset=\"https:\/\/enolife.com.ar\/es\/wp-content\/uploads\/2020\/11\/Navarro-Correas-Espacio-Polo-1.jpg 733w, https:\/\/enolife.com.ar\/es\/wp-content\/uploads\/2020\/11\/Navarro-Correas-Espacio-Polo-1-300x117.jpg 300w, https:\/\/enolife.com.ar\/es\/wp-content\/uploads\/2020\/11\/Navarro-Correas-Espacio-Polo-1-585x228.jpg 585w\" sizes=\"auto, (max-width: 733px) 100vw, 733px\" \/><figcaption><strong>Espacio Navarro Correas en el Campo Argentino de Polo.<\/strong><\/figcaption><\/figure><\/div>\n\n\n\n<div style=\"height:20px\" aria-hidden=\"true\" class=\"wp-block-spacer\"><\/div>\n\n\n\n<p class=\"has-medium-font-size\"><strong>El men\u00fa del Espacio Navarro Correas<\/strong><\/p>\n\n\n\n<figure class=\"wp-block-gallery columns-2 is-cropped wp-block-gallery-1 is-layout-flex wp-block-gallery-is-layout-flex\"><ul class=\"blocks-gallery-grid\"><li class=\"blocks-gallery-item\"><figure><img loading=\"lazy\" decoding=\"async\" width=\"596\" height=\"844\" src=\"https:\/\/enolife.com.ar\/es\/wp-content\/uploads\/2020\/11\/Navarro-Correas-Men\u00fa-Platos.jpg\" alt=\"\" data-id=\"24367\" class=\"wp-image-24367\" srcset=\"https:\/\/enolife.com.ar\/es\/wp-content\/uploads\/2020\/11\/Navarro-Correas-Men\u00fa-Platos.jpg 596w, https:\/\/enolife.com.ar\/es\/wp-content\/uploads\/2020\/11\/Navarro-Correas-Men\u00fa-Platos-212x300.jpg 212w, https:\/\/enolife.com.ar\/es\/wp-content\/uploads\/2020\/11\/Navarro-Correas-Men\u00fa-Platos-585x828.jpg 585w\" sizes=\"auto, (max-width: 596px) 100vw, 596px\" \/><\/figure><\/li><li class=\"blocks-gallery-item\"><figure><img loading=\"lazy\" decoding=\"async\" width=\"596\" height=\"844\" src=\"https:\/\/enolife.com.ar\/es\/wp-content\/uploads\/2020\/11\/Navarro-Correas-Men\u00fa-Platos-1.jpg\" alt=\"\" data-id=\"24368\" class=\"wp-image-24368\" srcset=\"https:\/\/enolife.com.ar\/es\/wp-content\/uploads\/2020\/11\/Navarro-Correas-Men\u00fa-Platos-1.jpg 596w, https:\/\/enolife.com.ar\/es\/wp-content\/uploads\/2020\/11\/Navarro-Correas-Men\u00fa-Platos-1-212x300.jpg 212w, https:\/\/enolife.com.ar\/es\/wp-content\/uploads\/2020\/11\/Navarro-Correas-Men\u00fa-Platos-1-585x828.jpg 585w\" sizes=\"auto, (max-width: 596px) 100vw, 596px\" \/><\/figure><\/li><\/ul><\/figure>\n\n\n\n<p class=\"has-background has-luminous-vivid-amber-background-color\"><strong>El Espacio Navarro Correas est\u00e1 abierto a todo p\u00fablico. El \u00fanico requisito es realizar una reserva previa en <a href=\"https:\/\/nam10.safelinks.protection.outlook.com\/?url=https%3A%2F%2Fwww.enelpolo.com%2Freserva%2Fespacios%2F&amp;data=04%7C01%7C%7Cbc9a95d07a2a4fb60cd308d892f7d30d%7Cd83e43d1620044fbb4f6a908d91c2e22%7C0%7C0%7C637420940375797191%7CUnknown%7CTWFpbGZsb3d8eyJWIjoiMC4wLjAwMDAiLCJQIjoiV2luMzIiLCJBTiI6Ik1haWwiLCJXVCI6Mn0%3D%7C1000&amp;sdata=55QmpDQljxx%2Fk7xn9XMjV8syJUUf%2FvTO1SDDN7XvrNM%3D&amp;reserved=0\" target=\"_blank\" rel=\"noreferrer noopener\">https:\/\/www.enelpolo.com\/reserva\/espacios\/<\/a><\/strong><\/p>\n\n\n\n<div style=\"height:20px\" aria-hidden=\"true\" class=\"wp-block-spacer\"><\/div>\n\n\n\n<p class=\"has-background has-medium-font-size has-very-light-gray-background-color\"><strong>Navarro Correas, m\u00e1s de dos siglos dedicados al vino<\/strong><\/p>\n\n\n\n<div class=\"wp-block-image\"><figure class=\"alignleft size-large is-resized\"><img loading=\"lazy\" decoding=\"async\" src=\"https:\/\/enolife.com.ar\/es\/wp-content\/uploads\/2020\/11\/Navarro-Correas-el-espumante-2.jpg\" alt=\"\" class=\"wp-image-24370\" width=\"345\" height=\"251\" srcset=\"https:\/\/enolife.com.ar\/es\/wp-content\/uploads\/2020\/11\/Navarro-Correas-el-espumante-2.jpg 493w, https:\/\/enolife.com.ar\/es\/wp-content\/uploads\/2020\/11\/Navarro-Correas-el-espumante-2-300x218.jpg 300w\" sizes=\"auto, (max-width: 345px) 100vw, 345px\" \/><\/figure><\/div>\n\n\n\n<p class=\"has-background has-very-light-gray-background-color\">La bodega original fue fundada por el pionero <strong>Juan de Dios Correas en 1798<\/strong> en Godoy Cruz. Hijo de un espa\u00f1ol y una mendocina, don Juan de Dios fue tambi\u00e9n un patriota de la Independencia, que colabor\u00f3 en la campa\u00f1a Libertadora de Jos\u00e9 de San Mart\u00edn. Y lleg\u00f3 a ser gobernador de Mendoza entre 1824 y 1826. Los herederos de don Juan de Dios trabajaron incansablemente para transmitir su filosof\u00eda y la pasi\u00f3n por la industria madre de la provincia. A trav\u00e9s de la generaciones, mantuvieron como lema:&nbsp;\u00abNuestra tradici\u00f3n es hacer siempre un vino mejor\u00bb.<br><br>Hoy, la empresa cuenta con una Bodega, parque y rest\u00f3 en Godoy Cruz, Mendoza, y una finca modelo y otros establecimientos en Agrelo, Luj\u00e1n, Mendoza.<\/p>\n\n\n\n<div style=\"height:20px\" aria-hidden=\"true\" class=\"wp-block-spacer\"><\/div>\n","protected":false},"excerpt":{"rendered":"<p>El antiguo deporte que conjuga en equipo a hombres y caballos vuelve al pasto hoy&hellip;<\/p>\n","protected":false},"author":3,"featured_media":24384,"comment_status":"open","ping_status":"open","sticky":false,"template":"","format":"standard","meta":{"footnotes":""},"categories":[14],"tags":[],"class_list":["post-24354","post","type-post","status-publish","format-standard","has-post-thumbnail","hentry","category-news"],"_links":{"self":[{"href":"https:\/\/enolife.com.ar\/es\/wp-json\/wp\/v2\/posts\/24354","targetHints":{"allow":["GET"]}}],"collection":[{"href":"https:\/\/enolife.com.ar\/es\/wp-json\/wp\/v2\/posts"}],"about":[{"href":"https:\/\/enolife.com.ar\/es\/wp-json\/wp\/v2\/types\/post"}],"author":[{"embeddable":true,"href":"https:\/\/enolife.com.ar\/es\/wp-json\/wp\/v2\/users\/3"}],"replies":[{"embeddable":true,"href":"https:\/\/enolife.com.ar\/es\/wp-json\/wp\/v2\/comments?post=24354"}],"version-history":[{"count":0,"href":"https:\/\/enolife.com.ar\/es\/wp-json\/wp\/v2\/posts\/24354\/revisions"}],"wp:featuredmedia":[{"embeddable":true,"href":"https:\/\/enolife.com.ar\/es\/wp-json\/wp\/v2\/media\/24384"}],"wp:attachment":[{"href":"https:\/\/enolife.com.ar\/es\/wp-json\/wp\/v2\/media?parent=24354"}],"wp:term":[{"taxonomy":"category","embeddable":true,"href":"https:\/\/enolife.com.ar\/es\/wp-json\/wp\/v2\/categories?post=24354"},{"taxonomy":"post_tag","embeddable":true,"href":"https:\/\/enolife.com.ar\/es\/wp-json\/wp\/v2\/tags?post=24354"}],"curies":[{"name":"wp","href":"https:\/\/api.w.org\/{rel}","templated":true}]}}