{"id":2403,"date":"2019-08-18T16:24:29","date_gmt":"2019-08-18T16:24:29","guid":{"rendered":"http:\/\/enolife.com.ar\/es\/?p=2403"},"modified":"2019-08-28T21:04:29","modified_gmt":"2019-08-28T21:04:29","slug":"la-oiv-convoca-a-profesionales-menores-de-40-anos-para-sus-becas-de-investigacion","status":"publish","type":"post","link":"https:\/\/enolife.com.ar\/es\/la-oiv-convoca-a-profesionales-menores-de-40-anos-para-sus-becas-de-investigacion\/","title":{"rendered":"La OIV convoca a profesionales menores de 40 a\u00f1os para sus becas de investigaci\u00f3n"},"content":{"rendered":"\n<h4 class=\"wp-block-heading\"><em><strong>Como cada a\u00f1o, para impulsar el desarrollo de la vitivinicultura en el mundo, la Organizaci\u00f3n Internacional de la Vi\u00f1a y el Vino (OIV) llama a presentarse para obtener becas de investigaci\u00f3n. El beneficio tiene una duraci\u00f3n de entre 6 y 15 meses y apunta a otorgar formaci\u00f3n espec\u00edfica de nivel posgrado. La dotaci\u00f3n m\u00e1xima del proyecto es de 15.000 euros. <\/strong><\/em><\/h4>\n\n\n\n<div style=\"height:20px\" aria-hidden=\"true\" class=\"wp-block-spacer\"><\/div>\n\n\n\n<p>Para poder participar en el proceso de selecci\u00f3n, los candidatos deber\u00e1n ser calificados, tener voluntad de avanzar en la investigaci\u00f3n o de mejorar sus competencias y aspirar a lograr avances en los campos de vitivinicultura, enolog\u00eda, econom\u00eda, derecho, seguridad y salud.<\/p>\n\n\n\n<div style=\"height:20px\" aria-hidden=\"true\" class=\"wp-block-spacer\"><\/div>\n\n\n\n<p class=\"has-medium-font-size\"><strong>Criterios y requisitos para presentarse<\/strong><\/p>\n\n\n\n<p><strong>Perfil de la candidatura<\/strong>: El aspirante debe ser titular de un diploma de estudios universitarios superiores, con voluntad de comenzar o continuar estudios doctorales para, a su vez,&nbsp;emprender una investigaci\u00f3n en profundidad y &nbsp;perfeccionar sus conocimientos y competencias.<\/p>\n\n\n\n<p><strong>T\u00edtulos requeridos<\/strong>: Grado universitario de nivel master, con obtenci\u00f3n de un diploma, y un l\u00edmite de edad de 40 a\u00f1os.<\/p>\n\n\n\n<p><strong>Calificaciones\ncomplementarias:<\/strong> Los\ncandidatos deber\u00e1n demostrar que tienen una competencia que les permitir\u00e1\naportar una contribuci\u00f3n importante a la puesta en marcha del Plan Estrat\u00e9gico\nde la OIV.<\/p>\n\n\n\n<p><strong>Campos de\nestudio: <\/strong>Todos los\nproyectos de campos de estudio propuestos deber\u00e1n reflejar los objetivos\nestrat\u00e9gicos y las prioridades de programa previstos por la OIV conforme a su\nPlan Estrat\u00e9gico. <\/p>\n\n\n\n<p><strong>Aptitudes ling\u00fc\u00edsticas:<\/strong> Los candidatos deber\u00e1n saber leer y redactar en uno de los cinco idiomas oficiales de la OIV.<\/p>\n\n\n\n<div style=\"height:20px\" aria-hidden=\"true\" class=\"wp-block-spacer\"><\/div>\n\n\n\n<p class=\"has-medium-font-size\"><strong>Condiciones para la atribuci\u00f3n de la Beca OIV<\/strong><\/p>\n\n\n\n<div style=\"height:20px\" aria-hidden=\"true\" class=\"wp-block-spacer\"><\/div>\n\n\n\n<div class=\"wp-block-image\"><figure class=\"alignleft is-resized\"><img loading=\"lazy\" decoding=\"async\" src=\"https:\/\/enolife.com.ar\/es\/wp-content\/uploads\/2019\/08\/image-29.png\" alt=\"\" class=\"wp-image-2419\" width=\"530\" height=\"353\" srcset=\"https:\/\/enolife.com.ar\/es\/wp-content\/uploads\/2019\/08\/image-29.png 600w, https:\/\/enolife.com.ar\/es\/wp-content\/uploads\/2019\/08\/image-29-300x200.png 300w, https:\/\/enolife.com.ar\/es\/wp-content\/uploads\/2019\/08\/image-29-585x390.png 585w\" sizes=\"auto, (max-width: 530px) 100vw, 530px\" \/><\/figure><\/div>\n\n\n\n<p>La cantidad de becas otorgadas por a\u00f1o se determina en funci\u00f3n del presupuesto adoptado por la OIV.<\/p>\n\n\n\n<p>Los campos\nde estudio y de investigaci\u00f3n deben ser conformes con las l\u00edneas directrices\ndel Plan Estrat\u00e9gico en vigor. Los candidatos deber\u00e1n especificar el tipo de\nprograma de estudios o de investigaci\u00f3n que desean seguir y redactar una\npropuesta detallada de la investigaci\u00f3n que precise el estado actual de los\nconocimientos, los objetivos de la investigaci\u00f3n y su relaci\u00f3n con el Plan\nEstrat\u00e9gico de la OIV. &nbsp;Se dar\u00e1 prioridad\na los programas bien planificados.<\/p>\n\n\n\n<p>La\nresponsabilidad de la realizaci\u00f3n del programa y la entrega de resultados se\nfijar\u00e1 de com\u00fan acuerdo con el candidato. <\/p>\n\n\n\n<p>Se dar\u00e1 prioridad a los candidatos cuyo programa de investigaci\u00f3n est\u00e9 desarrollado y\/o apoyado por un centro de investigaci\u00f3n. El trabajo relacionado con la beca puede realizarse en la OIV o, en caso necesario, en un centro de investigaci\u00f3n reconocido. El candidato debe ser colocado bajo la responsabilidad de un director de estudios. <\/p>\n\n\n\n<p>La OIV nombra a un referente cient\u00edfico de un \u00f3rgano de la OIV (secretariado, grupo de expertos, etc\u00e9tera) que garantiza el seguimiento del proyecto en colaboraci\u00f3n con el centro de investigaci\u00f3n. <\/p>\n\n\n\n<p>Deber\u00e1n indicarse claramente en el formulario la direcci\u00f3n y lugar del centro de investigaci\u00f3n, el nombre del Director de estudios o de investigaci\u00f3n a contactar, (incluyendo sus n\u00fameros de tel\u00e9fono, fax y direcci\u00f3n electr\u00f3nica), as\u00ed como la posici\u00f3n que ocupa el candidato dentro del Centro de investigaci\u00f3n.<\/p>\n\n\n\n<div style=\"height:20px\" aria-hidden=\"true\" class=\"wp-block-spacer\"><\/div>\n\n\n\n<p class=\"has-medium-font-size\"><strong>Presupuesto<\/strong><\/p>\n\n\n\n<p>Los\ncandidatos deber\u00e1n presentar el presupuesto global de investigaci\u00f3n en el que\ndeber\u00e1 figurar el conjunto de los gastos y de los ingresos previsionales y en\nparticular las otras fuentes de financiaci\u00f3n, precisando: <\/p>\n\n\n\n<ul class=\"wp-block-list\"><li>El costo de los desplazamientos internacionales y nacionales; incluido el desplazamiento a la sede de la OIV en Par\u00eds.<\/li><\/ul>\n\n\n\n<ul class=\"wp-block-list\"><li>Los eventuales gastos de escolaridad.<\/li><\/ul>\n\n\n\n<ul class=\"wp-block-list\"><li>Un monto destinado a cubrir los gastos de subsistencia.<\/li><\/ul>\n\n\n\n<p>El monto m\u00e1ximo de la contribuci\u00f3n de la OIV destinado a cubrir una parte o la totalidad de los gastos correspondientes a los estudios no podr\u00e1 exceder, en ning\u00fan caso, los 15.000 euros. Si el programa de estudios en cuesti\u00f3n requiriera fondos suplementarios, el candidato deber\u00e1 buscar otras fuentes de financiaci\u00f3n para poder llevar a cabo sus estudios. El presupuesto de la beca ser\u00e1 analizado por el Director General de la OIV.<\/p>\n\n\n\n<p>Un comit\u00e9 de selecci\u00f3n compuesto por los miembros de la Mesa Ejecutiva de la OIV examinar\u00e1 cada informe y se pronunciar\u00e1 sobre las candidaturas, atribuyendo una beca al o a los candidatos seleccionados. Los montos de la beca deber\u00e1n ser confirmados por el Director General de la OIV de acuerdo con las previsiones del presupuesto de la OIV. <\/p>\n\n\n\n<div style=\"height:20px\" aria-hidden=\"true\" class=\"wp-block-spacer\"><\/div>\n\n\n\n<p class=\"has-background has-very-light-gray-background-color\"><strong>Los beneficiarios de la beca se comprometen a<\/strong>: <br><br>Presentar los resultados (intermedios y finales) de sus trabajos en una de las lenguas oficiales de la OIV en ocasi\u00f3n de una reuni\u00f3n oficial de la OIV determinada por el Secretariado de la OIV.<br><br>Entregar un informe final sobre sus trabajos en la OIV que ser\u00e1 transmitido a los Estados miembros en el idioma de presentaci\u00f3n.<br><br>Autorizar a la OIV a difundir dichos trabajos o resultados, renunciando a la percepci\u00f3n de derechos de autor.<br><br>El becario deber\u00e1 aportar la prueba de la obtenci\u00f3n de las otras fuentes de financiaci\u00f3n antes de todo pago por parte de la OIV. <\/p>\n\n\n\n<div style=\"height:20px\" aria-hidden=\"true\" class=\"wp-block-spacer\"><\/div>\n\n\n\n<p>La atribuci\u00f3n de la beca ser\u00e1 objeto de un convenio entre la OIV y el becario, que establecer\u00e1 los plazos de pago con un pago inicial, uno o varios pagos intermediario y un pago final, que ser\u00e1 efectuado solamente despu\u00e9s de la entrega del informe final sobre sus trabajos.<\/p>\n\n\n\n<div style=\"height:20px\" aria-hidden=\"true\" class=\"wp-block-spacer\"><\/div>\n\n\n\n<p class=\"has-medium-font-size\"><strong>Temas prioritarios para las becas 2019<\/strong><\/p>\n\n\n\n<div style=\"height:20px\" aria-hidden=\"true\" class=\"wp-block-spacer\"><\/div>\n\n\n\n<ul class=\"wp-block-gallery columns-3 is-cropped wp-block-gallery-1 is-layout-flex wp-block-gallery-is-layout-flex\"><li class=\"blocks-gallery-item\"><figure><img loading=\"lazy\" decoding=\"async\" width=\"600\" height=\"400\" src=\"https:\/\/enolife.com.ar\/es\/wp-content\/uploads\/2019\/08\/cambio-climatico.jpg\" alt=\"\" data-id=\"2412\" data-link=\"https:\/\/enolife.com.ar\/es\/?attachment_id=2412\" class=\"wp-image-2412\" srcset=\"https:\/\/enolife.com.ar\/es\/wp-content\/uploads\/2019\/08\/cambio-climatico.jpg 600w, https:\/\/enolife.com.ar\/es\/wp-content\/uploads\/2019\/08\/cambio-climatico-300x200.jpg 300w, https:\/\/enolife.com.ar\/es\/wp-content\/uploads\/2019\/08\/cambio-climatico-585x390.jpg 585w\" sizes=\"auto, (max-width: 600px) 100vw, 600px\" \/><\/figure><\/li><li class=\"blocks-gallery-item\"><figure><img loading=\"lazy\" decoding=\"async\" width=\"254\" height=\"199\" src=\"https:\/\/enolife.com.ar\/es\/wp-content\/uploads\/2019\/08\/digitalizacion-vinos.jpg\" alt=\"\" data-id=\"2413\" data-link=\"https:\/\/enolife.com.ar\/es\/?attachment_id=2413\" class=\"wp-image-2413\"\/><\/figure><\/li><li class=\"blocks-gallery-item\"><figure><img loading=\"lazy\" decoding=\"async\" width=\"275\" height=\"183\" src=\"https:\/\/enolife.com.ar\/es\/wp-content\/uploads\/2019\/08\/images-1.jpg\" alt=\"\" data-id=\"2415\" data-link=\"https:\/\/enolife.com.ar\/es\/?attachment_id=2415\" class=\"wp-image-2415\"\/><\/figure><\/li><li class=\"blocks-gallery-item\"><figure><img loading=\"lazy\" decoding=\"async\" width=\"730\" height=\"350\" src=\"https:\/\/enolife.com.ar\/es\/wp-content\/uploads\/2019\/08\/enologia-oiv.png\" alt=\"\" data-id=\"2416\" data-link=\"https:\/\/enolife.com.ar\/es\/?attachment_id=2416\" class=\"wp-image-2416\" srcset=\"https:\/\/enolife.com.ar\/es\/wp-content\/uploads\/2019\/08\/enologia-oiv.png 730w, https:\/\/enolife.com.ar\/es\/wp-content\/uploads\/2019\/08\/enologia-oiv-300x144.png 300w, https:\/\/enolife.com.ar\/es\/wp-content\/uploads\/2019\/08\/enologia-oiv-585x280.png 585w\" sizes=\"auto, (max-width: 730px) 100vw, 730px\" \/><\/figure><\/li><li class=\"blocks-gallery-item\"><figure><img loading=\"lazy\" decoding=\"async\" width=\"300\" height=\"168\" src=\"https:\/\/enolife.com.ar\/es\/wp-content\/uploads\/2019\/08\/joven-con-vino.jpg\" alt=\"\" data-id=\"2417\" data-link=\"https:\/\/enolife.com.ar\/es\/?attachment_id=2417\" class=\"wp-image-2417\"\/><\/figure><\/li><\/ul>\n\n\n\n<div style=\"height:20px\" aria-hidden=\"true\" class=\"wp-block-spacer\"><\/div>\n\n\n\n<p><strong>Viticultura<\/strong>: <br><br>&#8211; Adaptaci\u00f3n\/mitigaci\u00f3n del cambio clim\u00e1tico.<br>&#8211; Pr\u00e1cticas de la vitivinicultura ecol\u00f3gica.<br>&#8211; Estudios sobre la autodefensa de la vid contra las enfermedades f\u00fangicas.<\/p>\n\n\n\n<div style=\"height:20px\" aria-hidden=\"true\" class=\"wp-block-spacer\"><\/div>\n\n\n\n<p><strong>Enolog\u00eda<\/strong>:<br><br>Reducci\u00f3n del di\u00f3xido de azufre a nivel tecnol\u00f3gico y microbiol\u00f3gico.<br>Principios de la qu\u00edmica verde.<br>Autenticidad y trazabilidad de los vinos: tratamientos f\u00edsicos y m\u00e9todos de an\u00e1lisis.<br>Caracterizaci\u00f3n qu\u00edmica y funcional de los taninos enol\u00f3gicos.<br>Acci\u00f3n tecnol\u00f3gica e influencia en materia de estabilidad y filtrabilidad de las proteasas en enolog\u00eda.<\/p>\n\n\n\n<div style=\"height:20px\" aria-hidden=\"true\" class=\"wp-block-spacer\"><\/div>\n\n\n\n<p><strong>Econom\u00eda y Derecho<\/strong>:<br><br>Digitalizaci\u00f3n del sector.<br>Comercio internacional, barreras tarifarias y no tarifarias al comercio.<br>Comprensi\u00f3n de las etiquetas por parte de los consumidores.<br>Estudio de los diferentes enfoques de la sostenibilidad en el sector vitivin\u00edcola.<\/p>\n\n\n\n<div style=\"height:20px\" aria-hidden=\"true\" class=\"wp-block-spacer\"><\/div>\n\n\n\n<p><strong>Seguridad y salud<\/strong>:<br><br>Influencia del consumo de vino en las enfermedades.<br>Evoluci\u00f3n de los h\u00e1bitos de consumo, en particular, entre los j\u00f3venes.<br>Contaminantes, toxinas y aditivos, en particular sulfitos, ars\u00e9nico, zinc y cadmio.<br>Efectos biol\u00f3gicos del consumo de vino.<br>Contexto social y cultural del consumo de vino.<\/p>\n\n\n\n<div style=\"height:20px\" aria-hidden=\"true\" class=\"wp-block-spacer\"><\/div>\n\n\n\n<p class=\"has-medium-font-size\"><strong>Formularios y fechas:<\/strong><\/p>\n\n\n\n<p>Los formularios de candidatura debidamente completados deber\u00e1n ser enviados a la OIV \u2013 Becas de investigaci\u00f3n \u2013 18, rue d\u2019Aguesseau \u2013 75008 Paris \u2013 o&nbsp;<a rel=\"noreferrer noopener\" href=\"http:\/\/www.oiv.int\/es\/la-organizacion-internacional-de-la-vina-y-el-vino\/job@oiv.int\" target=\"_blank\">job@oiv.int<\/a><\/p>\n\n\n\n<div style=\"height:20px\" aria-hidden=\"true\" class=\"wp-block-spacer\"><\/div>\n\n\n\n<p class=\"has-background has-luminous-vivid-amber-background-color\"><strong>La fecha l\u00edmite de presentaci\u00f3n de las solicitudes es&nbsp;el 9 de setiembre de 2019 -antes de los 45 d\u00edas previos a la Asamblea General extraordinaria del mes de octubre.<\/strong><\/p>\n\n\n\n<div style=\"height:20px\" aria-hidden=\"true\" class=\"wp-block-spacer\"><\/div>\n\n\n\n<p>No se considerar\u00e1n las solicitudes incompletas o tard\u00edas (la fecha del sello postal o del env\u00edo del correo electr\u00f3nico da fe) ni las candidaturas que no correspondan a los criterios requeridos. <\/p>\n\n\n\n<div style=\"height:20px\" aria-hidden=\"true\" class=\"wp-block-spacer\"><\/div>\n\n\n\n<p class=\"has-medium-font-size\"><strong>Documentos a presentar para completar la candidatura <\/strong><\/p>\n\n\n\n<p class=\"has-background has-very-light-gray-background-color\"><strong>Formulario de solicitud de beca acompa\u00f1ado de fotos de identidad. Descargar: <\/strong><a rel=\"noreferrer noopener\" href=\"http:\/\/www.oiv.int\/public\/medias\/6158\/oiv-bourse-form-es.pdf\" target=\"_blank\"><strong> Formulario de candidatura<\/strong><\/a><\/p>\n\n\n\n<ul class=\"wp-block-list\"><li>Una descripci\u00f3n del centro de investigaci\u00f3n (cantidad de investigadores, principales publicaciones, situaci\u00f3n del becario dentro del centro de investigaci\u00f3n).<\/li><\/ul>\n\n\n\n<ul class=\"wp-block-list\"><li>El Curriculum Vitae detallado del candidato, incluyendo los proyectos ya realizados o en v\u00edas de realizaci\u00f3n y la lista de publicaciones.<\/li><\/ul>\n\n\n\n<ul class=\"wp-block-list\"><li>La propuesta detallada de la investigaci\u00f3n que precisa el estado actual de los conocimientos, los objetivos de la investigaci\u00f3n y su relaci\u00f3n con el Plan Estrat\u00e9gico, en 1 o 2 p\u00e1ginas como m\u00e1ximo.<\/li><\/ul>\n\n\n\n<ul class=\"wp-block-list\"><li>El presupuesto global de investigaci\u00f3n y el proyecto de presupuesto espec\u00edfico de la beca. Una copia del documento nacional de identidad o del pasaporte del candidato<\/li><\/ul>\n\n\n\n<ul class=\"wp-block-list\"><li>Una copia de los diplomas obtenidos <\/li><\/ul>\n\n\n\n<ul class=\"wp-block-list\"><li>Tres presentaciones de referencias, entregadas por tres profesores o profesionales que hayan seguido al candidato durante por lo menos un a\u00f1o. Para los proyectos de investigaci\u00f3n, una de estas tres personas deber\u00e1 ser obligatoriamente el director de investigaci\u00f3n.<\/li><\/ul>\n\n\n\n<p><strong>Fuente<\/strong>: OIV<\/p>\n\n\n\n<p><\/p>\n","protected":false},"excerpt":{"rendered":"<p>Como cada a\u00f1o, para impulsar el desarrollo de la vitivinicultura en el mundo, la Organizaci\u00f3n&hellip;<\/p>\n","protected":false},"author":2,"featured_media":2422,"comment_status":"open","ping_status":"open","sticky":false,"template":"","format":"standard","meta":{"footnotes":""},"categories":[14],"tags":[],"class_list":["post-2403","post","type-post","status-publish","format-standard","has-post-thumbnail","hentry","category-news"],"_links":{"self":[{"href":"https:\/\/enolife.com.ar\/es\/wp-json\/wp\/v2\/posts\/2403","targetHints":{"allow":["GET"]}}],"collection":[{"href":"https:\/\/enolife.com.ar\/es\/wp-json\/wp\/v2\/posts"}],"about":[{"href":"https:\/\/enolife.com.ar\/es\/wp-json\/wp\/v2\/types\/post"}],"author":[{"embeddable":true,"href":"https:\/\/enolife.com.ar\/es\/wp-json\/wp\/v2\/users\/2"}],"replies":[{"embeddable":true,"href":"https:\/\/enolife.com.ar\/es\/wp-json\/wp\/v2\/comments?post=2403"}],"version-history":[{"count":0,"href":"https:\/\/enolife.com.ar\/es\/wp-json\/wp\/v2\/posts\/2403\/revisions"}],"wp:featuredmedia":[{"embeddable":true,"href":"https:\/\/enolife.com.ar\/es\/wp-json\/wp\/v2\/media\/2422"}],"wp:attachment":[{"href":"https:\/\/enolife.com.ar\/es\/wp-json\/wp\/v2\/media?parent=2403"}],"wp:term":[{"taxonomy":"category","embeddable":true,"href":"https:\/\/enolife.com.ar\/es\/wp-json\/wp\/v2\/categories?post=2403"},{"taxonomy":"post_tag","embeddable":true,"href":"https:\/\/enolife.com.ar\/es\/wp-json\/wp\/v2\/tags?post=2403"}],"curies":[{"name":"wp","href":"https:\/\/api.w.org\/{rel}","templated":true}]}}