{"id":24022,"date":"2020-11-25T02:42:55","date_gmt":"2020-11-25T02:42:55","guid":{"rendered":"http:\/\/enolife.com.ar\/es\/?p=24022"},"modified":"2020-11-26T21:13:20","modified_gmt":"2020-11-26T21:13:20","slug":"lavalle-suspende-su-vendimia-para-destinar-los-fondos-a-productores-diezmados-por-el-granizo","status":"publish","type":"post","link":"https:\/\/enolife.com.ar\/es\/lavalle-suspende-su-vendimia-para-destinar-los-fondos-a-productores-diezmados-por-el-granizo\/","title":{"rendered":"Lavalle suspende su Vendimia para destinar los fondos a productores diezmados por el granizo"},"content":{"rendered":"\n<h4 class=\"wp-block-heading\"><em><strong>El intendente de Lavalle, Roberto Righi, comunic\u00f3 en un video que su comuna no har\u00e1 en 2021 la tradicional Fiesta \u00aben solidaridad con los productores\u00bb afectados por la fort\u00edsima tormenta de granizo del 12 de noviembre pasado. En cambio, utilizar\u00e1 el dinero previsto para ese evento para comprar semillas que se distribuir\u00e1n entre los propietarios de 6.000 ha da\u00f1adas, en muchos casos en un 100%. <\/strong><\/em><\/h4>\n\n\n\n<div style=\"height:20px\" aria-hidden=\"true\" class=\"wp-block-spacer\"><\/div>\n\n\n\n<p>Las tormentas del 12 y 13 de noviembre pasado dejaron grave destrucci\u00f3n en unas <strong>6.000 hect\u00e1reas de cultivos<\/strong> del departamento de Lavalle, al norte de Mendoza. De ese total, unas <strong>2.700 hect\u00e1reas son de vi\u00f1edos<\/strong>. En muchos de esos casos, las p\u00e9rdidas fueron totales y la producci\u00f3n demorar\u00e1 hasta <strong>3 a\u00f1os en recuperarse.<\/strong> Por este motivo, ayer el equipo de gobierno encabezado por el intendente <strong>Roberto Righi<\/strong> decidi\u00f3 suspender los actos vendimiales 2021, para acompa\u00f1ar con esos recursos a los productores afectados. <\/p>\n\n\n\n<p>A trav\u00e9s de su cuenta de Twitter, Righi difundi\u00f3 el video con la noticia. \u00abEstamos en una vi\u00f1a, en un espaldero, en donde hemos tenido un castigo importante producto de la piedra: m\u00e1s del 100 por ciento, es decir 100 por ciento de este a\u00f1o m\u00e1s parte del a\u00f1o que viene\u00bb, se lament\u00f3. <\/p>\n\n\n\n<p>Y continu\u00f3: \u00abEs por esto que el municipio &nbsp;va a destinar esos fondos para ayudar a los productores con insumos que les permitan continuar trabajando, &nbsp;adem\u00e1s de las gestiones a nivel nacional y&nbsp;provincial que se est\u00e1n realizando para conseguir aportes.\u00bb<\/p>\n\n\n\n<div style=\"height:32px\" aria-hidden=\"true\" class=\"wp-block-spacer\"><\/div>\n\n\n\n<figure class=\"wp-block-video\"><video controls src=\"https:\/\/enolife.com.ar\/es\/wp-content\/uploads\/2020\/11\/Lavalle-suspende-Vendimia-2021.-Mensaje-del-intendente-Roberto-Righi-1.mp4\"><\/video><\/figure>\n\n\n\n<div style=\"height:20px\" aria-hidden=\"true\" class=\"wp-block-spacer\"><\/div>\n\n\n\n<p>Asimismo, el intendente pidi\u00f3 a los artistas que siempre participan de la fiesta \u00abque nos puedan entender\u201d, ya que, dijo, \u00abno hay Fiesta de la Vendimia si nuestros productores est\u00e1n mal\u00bb.<\/p>\n\n\n\n<p>Respecto a la situaci\u00f3n econ\u00f3mica de los productores, se refiri\u00f3 tambi\u00e9n a los precios del vino: \u00abNo hay fiesta de la vendimia si los precios del vino no alcanzan para sostener la labor de nuestra actividad\u00bb.<\/p>\n\n\n\n<div style=\"height:32px\" aria-hidden=\"true\" class=\"wp-block-spacer\"><\/div>\n","protected":false},"excerpt":{"rendered":"<p>El intendente de Lavalle, Roberto Righi, comunic\u00f3 en un video que su comuna no har\u00e1&hellip;<\/p>\n","protected":false},"author":3,"featured_media":24057,"comment_status":"open","ping_status":"open","sticky":false,"template":"","format":"standard","meta":{"footnotes":""},"categories":[14],"tags":[],"class_list":["post-24022","post","type-post","status-publish","format-standard","has-post-thumbnail","hentry","category-news"],"_links":{"self":[{"href":"https:\/\/enolife.com.ar\/es\/wp-json\/wp\/v2\/posts\/24022","targetHints":{"allow":["GET"]}}],"collection":[{"href":"https:\/\/enolife.com.ar\/es\/wp-json\/wp\/v2\/posts"}],"about":[{"href":"https:\/\/enolife.com.ar\/es\/wp-json\/wp\/v2\/types\/post"}],"author":[{"embeddable":true,"href":"https:\/\/enolife.com.ar\/es\/wp-json\/wp\/v2\/users\/3"}],"replies":[{"embeddable":true,"href":"https:\/\/enolife.com.ar\/es\/wp-json\/wp\/v2\/comments?post=24022"}],"version-history":[{"count":0,"href":"https:\/\/enolife.com.ar\/es\/wp-json\/wp\/v2\/posts\/24022\/revisions"}],"wp:featuredmedia":[{"embeddable":true,"href":"https:\/\/enolife.com.ar\/es\/wp-json\/wp\/v2\/media\/24057"}],"wp:attachment":[{"href":"https:\/\/enolife.com.ar\/es\/wp-json\/wp\/v2\/media?parent=24022"}],"wp:term":[{"taxonomy":"category","embeddable":true,"href":"https:\/\/enolife.com.ar\/es\/wp-json\/wp\/v2\/categories?post=24022"},{"taxonomy":"post_tag","embeddable":true,"href":"https:\/\/enolife.com.ar\/es\/wp-json\/wp\/v2\/tags?post=24022"}],"curies":[{"name":"wp","href":"https:\/\/api.w.org\/{rel}","templated":true}]}}