{"id":23943,"date":"2020-11-24T20:56:50","date_gmt":"2020-11-24T20:56:50","guid":{"rendered":"http:\/\/enolife.com.ar\/es\/?p=23943"},"modified":"2020-11-30T03:37:45","modified_gmt":"2020-11-30T03:37:45","slug":"quien-se-ha-tomado-todo-el-vino-preguntan-la-mona-jimenez-y-el-freestyler-mendocino-sub","status":"publish","type":"post","link":"https:\/\/enolife.com.ar\/es\/quien-se-ha-tomado-todo-el-vino-preguntan-la-mona-jimenez-y-el-freestyler-mendocino-sub\/","title":{"rendered":"\u00bfQui\u00e9n se ha tomado todo el vino?, preguntan La Mona Jim\u00e9nez y el freestyler mendocino Sub"},"content":{"rendered":"\n<h4 class=\"wp-block-heading\"><em><strong>Para celebrar el D\u00eda de la Bebida Nacional -24\/11-, el famoso cuartetero cordob\u00e9s Carlos \u00abLa Mona\u00bb Jim\u00e9nez (69), y el talentoso rapero mendocino Sub (Franco Alaniz, 23) combinaron sus ingenios y crearon una poderosa versi\u00f3n del tema \u00abQui\u00e9n se ha tomado todo el vino\u00bb para celebrar a nuestra bebida. La iniciativa de juntarlos y la producci\u00f3n del videoclip son obra del Fondo Vitivin\u00edcola Mendoza, la Coviar y el reconocido m\u00fasico tambi\u00e9n local Daniel Mart\u00edn.<\/strong><\/em><\/h4>\n\n\n\n<div style=\"height:20px\" aria-hidden=\"true\" class=\"wp-block-spacer\"><\/div>\n\n\n\n<figure class=\"wp-block-embed-youtube wp-block-embed is-type-video is-provider-youtube wp-embed-aspect-16-9 wp-has-aspect-ratio\"><div class=\"wp-block-embed__wrapper\">\n<iframe loading=\"lazy\" title=\"Qui\u00e9n se ha tomado todo el vino - La Mona Jim\u00e9nez y Sub\" width=\"1170\" height=\"658\" src=\"https:\/\/www.youtube.com\/embed\/LNMxpRcvBfM?feature=oembed\" frameborder=\"0\" allow=\"accelerometer; autoplay; clipboard-write; encrypted-media; gyroscope; picture-in-picture\" allowfullscreen><\/iframe>\n<\/div><\/figure>\n\n\n\n<div style=\"height:20px\" aria-hidden=\"true\" class=\"wp-block-spacer\"><\/div>\n\n\n\n<p>Posiblemente los&nbsp;caminos de la m\u00fasica no los hubieran cruzado, pero el vino y su cultura s\u00ed. Y convocados por el Fondo y la Corporaci\u00f3n Vitivin\u00edcola (Coviar),&nbsp;<strong>Carlos \u00abLa Mona\u00bb Jim\u00e9nez<\/strong>&nbsp;y&nbsp;<strong>Sub<\/strong>&nbsp;protagonizan este impactante videoclip que se estrena para celebrar que desde hace diez a\u00f1os&nbsp;<strong>el vino argentino es la Bebida Nacional<\/strong>. <\/p>\n\n\n\n<p>Son casi cuatro minutos que obligan a dejarse llevar por el ritmo de esta versi\u00f3n del hit \u00ab\u00bfQui\u00e9n se ha tomado todo el vino?\u00bb, un tema que est\u00e1 en el ADN argento tanto como el vino. Con esta informaci\u00f3n gen\u00e9tica y musical, ambos artistas se paran en un lugar genuino para interpretar la versi\u00f3n, creada por el reconocido compositor y productor Daniel Mart\u00edn, que une el cuarteto, el rap, el rock y el pop, atravesando g\u00e9neros y generaciones, en un encuentro que marca un hito en la cultura popular y en la comunicaci\u00f3n del vino.<\/p>\n\n\n\n<div style=\"height:20px\" aria-hidden=\"true\" class=\"wp-block-spacer\"><\/div>\n\n\n\n<p class=\"has-background has-very-light-gray-background-color\"><strong>Mansa letra:<br><\/strong><br>\u00bfQui\u00e9n se ha tomado todo el vino \u201cargentino\u201d? SubMona<br>No s\u00e9 qu\u00e9 pasa en esta ciudad.<br>No s\u00e9 qu\u00e9 pasa, no puedo entender,<br>Estoy a punto de morir de sed<br>Por qu\u00e9 no encuentro algo para tomar.<br>Diganme, solo quiero saber\u2026<br>\u00bfQui\u00e9n se ha tomado todo el vino?<br>\u00bfQui\u00e9n?<br><br>En esta ciudad la vid forma vida,<br>Cultura incluida en nuestra familia.<br>Desde temprano, todos juntos,<br>Listos para ir a la vi\u00f1a.<br>Momentos que no se olvidan<br>Obteniendo el racimo de la simpat\u00eda<br>Despu\u00e9s de 2 o 3 seguro que ves<br>Mi cara de alegr\u00eda.<br>Y qu\u00e9 le vamos a hacer<br>Si tan solo quiero beber<br>Yo lo miro, ustedes tambi\u00e9n<br>Y la verdad que no logro entender<br>Quiero tener un sauvignon, chardonay, sodeadito, cabernet,<br>Pinot, merlot o malbec.<br>Necesito de alguna manera loca<br>Que muera esta sed.<br><br>Oye nena, que quieres decir<br>Por qu\u00e9 no puedo ya calmar mi sed<br>Esta ciudad parece un desierto<br>Y si no hay vino no podemos tocar<br>Diganm\u00e9, solo quiero saber<br>\u00bfQui\u00e9n se ha tomado todo el vino?<br>\u00bfQui\u00e9n?<br><br>Desierto, en este desierto se implora<br>Una mejor manera para pasar las horas<br>Disfruto el hoy, el momento es ahora<br>Me encanta fluir, no se paga pero se valora<br>Como yo valoro sentirme vivo<br>Hacer un encuentro de estilos<br>Entre un cordob\u00e9s y un mendocino<br>Ya no se pregunten<br>qui\u00e9n se va a tomar el vino<br><br>\u00bfQu\u00e9 te pasa?<br><br>Pasa que quiero ver todas las manos<br>De un lado al otro pas\u00e1ndose el trago<br>Vaciando la uva que se ha embotellado<br><br>\u00bfQu\u00e9 te pasa?<br><br>Que ya no sufrimos el verano<br>Los dioses me enviaron el jugo m\u00e1s sano,<br>El Vino Nos Une y est\u00e1 demostrado.<br><br>\u00bfQui\u00e9n se ha tomado todo el vino?<br>\u00bfQui\u00e9n se ha tomado todo el vino?<br>\u00bfQui\u00e9n se ha tomado todo el vino?<\/p>\n\n\n\n<div style=\"height:20px\" aria-hidden=\"true\" class=\"wp-block-spacer\"><\/div>\n\n\n\n<p class=\"has-medium-font-size\"><strong>Sub (Franco Alaniz)<\/strong><\/p>\n\n\n\n<div style=\"height:20px\" aria-hidden=\"true\" class=\"wp-block-spacer\"><\/div>\n\n\n\n<div class=\"wp-block-image\"><figure class=\"aligncenter size-large\"><img loading=\"lazy\" decoding=\"async\" width=\"637\" height=\"392\" src=\"https:\/\/enolife.com.ar\/es\/wp-content\/uploads\/2020\/11\/image-31.png\" alt=\"\" class=\"wp-image-24002\" srcset=\"https:\/\/enolife.com.ar\/es\/wp-content\/uploads\/2020\/11\/image-31.png 637w, https:\/\/enolife.com.ar\/es\/wp-content\/uploads\/2020\/11\/image-31-300x185.png 300w, https:\/\/enolife.com.ar\/es\/wp-content\/uploads\/2020\/11\/image-31-585x360.png 585w\" sizes=\"auto, (max-width: 637px) 100vw, 637px\" \/><\/figure><\/div>\n\n\n\n<div style=\"height:20px\" aria-hidden=\"true\" class=\"wp-block-spacer\"><\/div>\n\n\n\n<p>En Mendoza, Sub es conocido por dedicar sus rap con letras improvisadas a quienes pasan por la puerta de la Galer\u00eda Caracol, en la principal calle del centro local, Avenida San Mart\u00edn. <\/p>\n\n\n\n<p>Desde los 13 a\u00f1os, edad en la que descubre las batallas de <em>freestyle<\/em>, el mendocino tom\u00f3 la determinaci\u00f3n de dedicarle su vida a \u00e9ste genero m\u00fasical y comenz\u00f3 a construir su nombre en el <em>under<\/em> local asistiendo a competencias como Rapublik o soltando <em>freestyle<\/em> en Plaza Libertad. <\/p>\n\n\n\n<p>En 2017, en el teatro \u201cGrita Silencio\u201d, Sub se prepar\u00f3 para participar por primera vez en una regional de&nbsp;Red&nbsp;Bull Batalla de los Gallos; lamentablemente qued\u00f3 eliminado en la \u00faltima batalla de la ronda de octavos frente a MP. <\/p>\n\n\n\n<p>A fin de ese a\u00f1o tuvo la oportunidad de viajar a Buenos Aires para estar presente en la BDM Gold y se enfrenta a grandes mc\u2019s del under como Klan, Mamba y Zonda en un fuego cruzado, pero termina perdiendo en la ronda de octavos de final vs Louse. <\/p>\n\n\n\n<p>En 2018 vuelve a intentarlo en las regionales que Red&nbsp;Bull arm\u00f3 en Mendoza, all\u00ed se impuso a Jaff en octavos, a Cartu en cuartos y perdi\u00f3 con Nova en semifinales. Disput\u00f3 el tercer puesto con Nube y al ganarle de forma directa logr\u00f3 la clasificaci\u00f3n a la Final Nacional. <\/p>\n\n\n\n<p>Una vez en la gran nacional Sub se enfrenta a Dybbuk, uno de los nombres fuertes del under de Buenos Aires y logra vencerlo sin problemas. En cuartos vence a Roli, campe\u00f3n regional de Rosario, y pierde con Dozer, finalmente el campe\u00f3n de ese a\u00f1o.&nbsp;El tercer puesto se lo disputa a Klan y se lo apropia, gan\u00e1ndose el pase directo a la Nacional 2019.<\/p>\n\n\n\n<p>Ese a\u00f1o, adem\u00e1s, Franco consigui\u00f3 el torneo BDM Gold y se gan\u00f3 por primera el derecho a representar a su pa\u00eds en el exterior como campe\u00f3n nacional. <\/p>\n\n\n\n<p>El la edici\u00f3n deluxe de ese a\u00f1o se enfrenta al campe\u00f3n chileno de los gallos en 2014 Kaiser, y aunque dan un batall\u00f3n no logra la victoria y cae en la ronda de octavos. <\/p>\n\n\n\n<p>Toda esta experiencia lo prepara para el 2019 nos cansamos de ver grandes batallas de Sub en Cruce de campeones vs Ragz, Zaina, Mister H y Wolf; en la internacional The Fucking King en la ciudad de C\u00f3rdoba vs Klan, Lewan y Zticma; e incluso lleg\u00f3 a obtener el campeonato internacional de Kingdom Free 2v2 en dupla con el santafesino Stuart. <\/p>\n\n\n\n<p>En su participaci\u00f3n en la Red&nbsp;Bull Nacional del a\u00f1o pasado el mc vuelve a enfrentar cara a cara a Klan, esta vez en primera ronda y vuelve a eliminarlo de la competencia. Finalmente en la ronda de cuartos de final es eliminado por MKS. <\/p>\n\n\n\n<p>Adem\u00e1s de su talento para el freestyle Sub ha logrado muy buenas producciones musicales, por una parte con su grupo&nbsp;<strong>Triforifai<\/strong>, conformado en conjunto con Peqo Flow y Van Herzt. Y por otra, en su proyecto como solista al que se dedic\u00f3 especialmente desde finales de 2019: \u201cSacrificio\u201d acumula 364.600 visualizaciones y \u201cSue\u00f1os\u201d 2.2 millones en Youtube. <\/p>\n\n\n\n<p>Si algo no le falta al oriundo de Mendoza es perseverancia y constancia, su carrera tiene una muy buena proyecci\u00f3n, sin dudas a\u00fan tiene mucho por demostrar y podremos seguir disfrut\u00e1ndolo en esta nueva edici\u00f3n 2020 de Red&nbsp;Bull Batalla.<\/p>\n\n\n\n<div style=\"height:20px\" aria-hidden=\"true\" class=\"wp-block-spacer\"><\/div>\n\n\n\n<p class=\"has-medium-font-size\"><strong>Carlos \u00abLa Mona\u00bb Jimenez<\/strong><\/p>\n\n\n\n<div style=\"height:20px\" aria-hidden=\"true\" class=\"wp-block-spacer\"><\/div>\n\n\n\n<div class=\"wp-block-image\"><figure class=\"aligncenter\"><img decoding=\"async\" src=\"https:\/\/www.cmj.com.ar\/wp-content\/uploads\/2016\/09\/IMG_9156.jpg\" alt=\"Quien se ha tomado todo el vino&quot; en ingles y con La Mona - La Mona Jim\u00e9nez\"\/><\/figure><\/div>\n\n\n\n<div style=\"height:20px\" aria-hidden=\"true\" class=\"wp-block-spacer\"><\/div>\n\n\n\n<p>Juan Carlos Jim\u00e9nez Rufino, m\u00e1s conocido como&nbsp;La Mona Jim\u00e9nez, naci\u00f3 el 11 de enero en la ciudad de C\u00f3rdoba, Argentina. Es un int\u00e9rprete y&nbsp;compositor argentino del g\u00e9nero cuarteto. Entre las canciones m\u00e1s conocidas de su repertorio se encuentra \u00ab\u00bfQui\u00e9n se ha tomado todo el vino?\u00bb, una de las canciones m\u00e1s populares del g\u00e9nero.<\/p>\n\n\n\n<p>La Mona Jim\u00e9nez debut\u00f3 como bailar\u00edn y cantante de folklore. A los 15 a\u00f1os particip\u00f3 en un casting para ser cantante en el&nbsp;Cuarteto Berna, un joven grupo de cuarteto caracter\u00edstico.<\/p>\n\n\n\n<p>Luego de unos a\u00f1os, integr\u00f3 el grupo&nbsp;Cuarteto de Oro, el cual estaba dirigido por su t\u00edo, Coquito Ramal\u00f3. En 1984 (a los 33 a\u00f1os) con 26 LP grabados, Jim\u00e9nez se retir\u00f3 del Cuarteto de Oro para armar su propio proyecto solista.<\/p>\n\n\n\n<p>Edit\u00f3 m\u00e1s de 90 discos y vendi\u00f3 m\u00e1s de 36 millones de copias en todo el pa\u00eds. Hizo llegar el cuarteto a pa\u00edses como  Chile, Brasil, Uruguay, Paraguay, Cand\u00e1 y EE.UU.<\/p>\n\n\n\n<p>Es caracter\u00edstico de sus presentaciones un idioma de se\u00f1as manuales mientras canta. El lenguaje de se\u00f1as fue inventado por \u00e9l a lo largo de los a\u00f1os, y representa principalmente letras del alfabeto, barrios y ciudades cordobesas, provincias argentinas y pa\u00edses donde ha realizado sus presentaciones. \u200bEl origen de esto es contado en su libro \u00abLa Mona\u00bb en donde relata que en sus bailes la gente siempre llevaba banderas de barrios y bandas para que La Mona los nombrara pero causaban que los espectadores que se ubicaban al fondo del lugar no pudieran ver el escenario, para solucionar este problema, inventa este idioma particular.<\/p>\n\n\n\n<p>Ha cantado con una abundante cantidad de reconocidos artistas de otros g\u00e9neros musicales, entre los cuales se destacan&nbsp;Fito P\u00e1ez, Charly Garc\u00eda, Andr\u00e9s Calamaro, Manu Chao, Pato Fontanet, Mart\u00edn Fabio, Pity \u00c1lvarez, Bersuit Vergarabat, Alejandro Lerner,\u200b Palito Ortega, Raly Barrionuevo, Javier Calamaro, Slim Dee, Rodrigo, Ulises Bueno, Dami\u00e1n C\u00f3rdoba, entre otros.<\/p>\n\n\n\n<p>Culturalmente, La Mona ha dejado un vasto legado en la gente que lo sigue, entre las manifestaciones m\u00e1s importantes se puede hablar desde pintadas en las calles hasta tatuajes con su imagen y su nombre.<\/p>\n\n\n\n<div style=\"height:20px\" aria-hidden=\"true\" class=\"wp-block-spacer\"><\/div>\n\n\n\n<p class=\"has-small-font-size\"><strong><em>Fuentes: Fondo Vitivin\u00edcola, redbull.com, wikipedia<\/em><\/strong><\/p>\n","protected":false},"excerpt":{"rendered":"<p>Para celebrar el D\u00eda de la Bebida Nacional -24\/11-, el famoso cuartetero cordob\u00e9s Carlos \u00abLa&hellip;<\/p>\n","protected":false},"author":3,"featured_media":24046,"comment_status":"open","ping_status":"open","sticky":false,"template":"","format":"standard","meta":{"footnotes":""},"categories":[36],"tags":[],"class_list":["post-23943","post","type-post","status-publish","format-standard","has-post-thumbnail","hentry","category-el-pinguino"],"_links":{"self":[{"href":"https:\/\/enolife.com.ar\/es\/wp-json\/wp\/v2\/posts\/23943","targetHints":{"allow":["GET"]}}],"collection":[{"href":"https:\/\/enolife.com.ar\/es\/wp-json\/wp\/v2\/posts"}],"about":[{"href":"https:\/\/enolife.com.ar\/es\/wp-json\/wp\/v2\/types\/post"}],"author":[{"embeddable":true,"href":"https:\/\/enolife.com.ar\/es\/wp-json\/wp\/v2\/users\/3"}],"replies":[{"embeddable":true,"href":"https:\/\/enolife.com.ar\/es\/wp-json\/wp\/v2\/comments?post=23943"}],"version-history":[{"count":0,"href":"https:\/\/enolife.com.ar\/es\/wp-json\/wp\/v2\/posts\/23943\/revisions"}],"wp:featuredmedia":[{"embeddable":true,"href":"https:\/\/enolife.com.ar\/es\/wp-json\/wp\/v2\/media\/24046"}],"wp:attachment":[{"href":"https:\/\/enolife.com.ar\/es\/wp-json\/wp\/v2\/media?parent=23943"}],"wp:term":[{"taxonomy":"category","embeddable":true,"href":"https:\/\/enolife.com.ar\/es\/wp-json\/wp\/v2\/categories?post=23943"},{"taxonomy":"post_tag","embeddable":true,"href":"https:\/\/enolife.com.ar\/es\/wp-json\/wp\/v2\/tags?post=23943"}],"curies":[{"name":"wp","href":"https:\/\/api.w.org\/{rel}","templated":true}]}}