{"id":23925,"date":"2020-11-28T18:09:11","date_gmt":"2020-11-28T18:09:11","guid":{"rendered":"http:\/\/enolife.com.ar\/es\/?p=23925"},"modified":"2020-12-01T03:01:12","modified_gmt":"2020-12-01T03:01:12","slug":"argentina-y-grecia-comparten-estrategias-en-el-nuevo-espacio-global-de-enoturismo","status":"publish","type":"post","link":"https:\/\/enolife.com.ar\/es\/argentina-y-grecia-comparten-estrategias-en-el-nuevo-espacio-global-de-enoturismo\/","title":{"rendered":"Argentina y Grecia comparten estrategias en el nuevo espacio global de enoturismo"},"content":{"rendered":"\n<h4 class=\"wp-block-heading\"><em><strong>Tras su creaci\u00f3n el 6\/7\/20, la Organizaci\u00f3n Mundial del Enoturismo (OMET) comienza a actuar con el objetivo de favorecer la cooperaci\u00f3n p\u00fablico-privada entre naciones y definir una pol\u00edtica de desarrollo sustentable alineada con las Naciones Unidas. En la mesa redonda virtual \u00abTertulias entre gobiernos\u00bb, los 24 pa\u00edses de la organizaci\u00f3n acercar\u00e1n posiciones e intercambiar\u00e1n datos. En un primer encuentro, el 30\/11 a las 13 hs de Argentina, los ministros de Turismo Mat\u00edas Lammens de Argentina y Panagiota Dionysopoulou de Grecia fundar\u00e1n una prometedora alianza y responder\u00e1n preguntas de la audiencia, que podr\u00e1 acceder libremente a la reuni\u00f3n virtual.<\/strong><\/em><\/h4>\n\n\n\n<div style=\"height:20px\" aria-hidden=\"true\" class=\"wp-block-spacer\"><\/div>\n\n\n\n<div class=\"wp-block-image\"><figure class=\"aligncenter\"><img decoding=\"async\" src=\"https:\/\/abcmundial.com\/sites\/default\/files\/styles\/noticia_y_nota_822_x_456\/public\/noticias\/2020\/11\/24\/enoturismo%20abc%20mundial.jpg?itok=Fbg8jRBK\" alt=\"La Organizaci\u00f3n Mundial del EnoTurismo (OMET) anuncia el ciclo \u201cTertulias entre Gobiernos\u201d\"\/><\/figure><\/div>\n\n\n\n<div style=\"height:20px\" aria-hidden=\"true\" class=\"wp-block-spacer\"><\/div>\n\n\n\n<p><strong>Mat\u00edas Lammens<\/strong> y <strong>Panagiota Dionysopoulou<\/strong>  intercambiar\u00e1n experiencias y comentar\u00e1n sus expectativas a ra\u00edz del nacimiento de la <strong>Organizaci\u00f3n Mundial de Enoturismo (OMET)<\/strong>, tras lo cual responder\u00e1n a preguntas de los organizadores y asistentes.<\/p>\n\n\n\n<p>En el acto tambi\u00e9n participar\u00e1n el espa\u00f1ol <strong>Jos\u00e9 Antonio Vidal<\/strong>, presidente de la OMET: el uruguayo <strong>Arnaldo Nardone<\/strong>, director en Fiexpo Exhibition Group y MICE International Consulting; la francesa <strong>Coralie Haller<\/strong>, directora de OMET Academy; los directores regionales para Am\u00e9rica Latina, <strong>Pablo Singerman<\/strong>, de Argentina y para Europa Oriental y Asia Occidental y Central, <strong>Leonid Gelibterman<\/strong>, de Rusia.&nbsp;<\/p>\n\n\n\n<p>El encuentro est\u00e1 dirigido a gobiernos (centrales, regionales y locales), a profesionales del turismo, del vino y de la gastronom\u00eda, a influencers en redes sociales y a los consumidores interesados en ampliar su conocimiento del sector. Y contar\u00e1 con una traductora para la comprensi\u00f3n ling\u00fc\u00edstica.<\/p>\n\n\n\n<div style=\"height:20px\" aria-hidden=\"true\" class=\"wp-block-spacer\"><\/div>\n\n\n\n<p class=\"has-background has-luminous-vivid-amber-background-color\"><strong>Fecha: 30\/11 a las 17 hs CET (13 hs de Argentina)&nbsp;<\/strong><br><strong>Enlace de participaci\u00f3n: <\/strong><a href=\"https:\/\/cutt.ly\/choPF3x \"><strong>https:\/\/cutt.ly\/choPF3x<\/strong> <\/a><br><strong>Mas informaci\u00f3n: <a href=\"http:\/\/www.gwto.org\">www.gwto.org<\/a><\/strong><\/p>\n\n\n\n<div style=\"height:23px\" aria-hidden=\"true\" class=\"wp-block-spacer\"><\/div>\n\n\n\n<p>Como broche final de la reuni\u00f3n, Lammens y Dionysopoulou celebrar\u00e1n su incorporaci\u00f3n a OMET con un brindis por el futuro del enoturismo de ambas naciones, cada uno con un vino del otro pa\u00eds.<\/p>\n\n\n\n<div style=\"height:25px\" aria-hidden=\"true\" class=\"wp-block-spacer\"><\/div>\n\n\n\n<p class=\"has-small-font-size\"><em><strong>Fuente: OMET<\/strong><\/em><\/p>\n\n\n\n<div style=\"height:20px\" aria-hidden=\"true\" class=\"wp-block-spacer\"><\/div>\n","protected":false},"excerpt":{"rendered":"<p>Tras su creaci\u00f3n el 6\/7\/20, la Organizaci\u00f3n Mundial del Enoturismo (OMET) comienza a actuar con&hellip;<\/p>\n","protected":false},"author":3,"featured_media":24255,"comment_status":"open","ping_status":"open","sticky":false,"template":"","format":"standard","meta":{"footnotes":""},"categories":[47],"tags":[],"class_list":["post-23925","post","type-post","status-publish","format-standard","has-post-thumbnail","hentry","category-agenda"],"_links":{"self":[{"href":"https:\/\/enolife.com.ar\/es\/wp-json\/wp\/v2\/posts\/23925","targetHints":{"allow":["GET"]}}],"collection":[{"href":"https:\/\/enolife.com.ar\/es\/wp-json\/wp\/v2\/posts"}],"about":[{"href":"https:\/\/enolife.com.ar\/es\/wp-json\/wp\/v2\/types\/post"}],"author":[{"embeddable":true,"href":"https:\/\/enolife.com.ar\/es\/wp-json\/wp\/v2\/users\/3"}],"replies":[{"embeddable":true,"href":"https:\/\/enolife.com.ar\/es\/wp-json\/wp\/v2\/comments?post=23925"}],"version-history":[{"count":0,"href":"https:\/\/enolife.com.ar\/es\/wp-json\/wp\/v2\/posts\/23925\/revisions"}],"wp:featuredmedia":[{"embeddable":true,"href":"https:\/\/enolife.com.ar\/es\/wp-json\/wp\/v2\/media\/24255"}],"wp:attachment":[{"href":"https:\/\/enolife.com.ar\/es\/wp-json\/wp\/v2\/media?parent=23925"}],"wp:term":[{"taxonomy":"category","embeddable":true,"href":"https:\/\/enolife.com.ar\/es\/wp-json\/wp\/v2\/categories?post=23925"},{"taxonomy":"post_tag","embeddable":true,"href":"https:\/\/enolife.com.ar\/es\/wp-json\/wp\/v2\/tags?post=23925"}],"curies":[{"name":"wp","href":"https:\/\/api.w.org\/{rel}","templated":true}]}}