{"id":23916,"date":"2020-11-22T13:08:45","date_gmt":"2020-11-22T13:08:45","guid":{"rendered":"http:\/\/enolife.com.ar\/es\/?p=23916"},"modified":"2020-11-22T13:08:46","modified_gmt":"2020-11-22T13:08:46","slug":"francia-un-estado-unitario-con-regiones-descentralizadas-en-el-ciclo-mendoexit","status":"publish","type":"post","link":"https:\/\/enolife.com.ar\/es\/francia-un-estado-unitario-con-regiones-descentralizadas-en-el-ciclo-mendoexit\/","title":{"rendered":"Francia, un estado unitario con regiones descentralizadas, en el ciclo \u00ab#Mendoexit?\u00bb"},"content":{"rendered":"\n<h4 class=\"wp-block-heading\"><em><strong>El Foro Diplom\u00e1tico en Mendoza (FDM) invita al octavo encuentro del ciclo \u00ab#Mendoexit?\u00bb. Participar\u00e1 el C\u00f3nsul de Francia en Mendoza (MC) Paul Burlot, cuya exposici\u00f3n se titula \u00abFrancia, estado unitario, descentralizaci\u00f3n y desconcentraci\u00f3n, empoderamiento local\u00bb. La cita es el pr\u00f3ximo martes 24 de noviembre a las 18.30 hs. de Argentina, v\u00eda internet, sin costo pero con inscripci\u00f3n previa al enlace abajo indicado.<\/strong><\/em><\/h4>\n\n\n\n<div style=\"height:31px\" aria-hidden=\"true\" class=\"wp-block-spacer\"><\/div>\n\n\n\n<p>El martes 24\/11 a las 18.30 hs, la charla de <strong>Paul Burlot<\/strong>, C\u00f3nsul Mandato Cumplido (MC) de Francia en Mendoza, se referir\u00e1 a Francia, oficialmente la Rep\u00fablica Francesa, cuya forma de gobierno es de rep\u00fablica semipresidencialista. Territorialmente, el Estado comprende la Francia Metropolitana y la Francia de Ultramar, siendo a su vez el pa\u00eds con el territorio m\u00e1s grande de la Uni\u00f3n Europea (UE).<\/p>\n\n\n\n<p>Burlot explicar\u00e1 por qu\u00e9 Francia es un estado unitario, c\u00f3mo es la descentralizaci\u00f3n y desconcentraci\u00f3n, y como se ha ido produciendo en el tiempo el empoderamiento pol\u00edtico y econ\u00f3mico de los Estados a nivel local.<\/p>\n\n\n\n<div style=\"height:20px\" aria-hidden=\"true\" class=\"wp-block-spacer\"><\/div>\n\n\n\n<div class=\"wp-block-image\"><figure class=\"alignleft size-large is-resized\"><img loading=\"lazy\" decoding=\"async\" src=\"https:\/\/enolife.com.ar\/es\/wp-content\/uploads\/2020\/11\/201124-1302-flyer-charla-08-francia-1024x1024.jpeg\" alt=\"\" class=\"wp-image-23917\" width=\"332\" height=\"332\" srcset=\"https:\/\/enolife.com.ar\/es\/wp-content\/uploads\/2020\/11\/201124-1302-flyer-charla-08-francia-1024x1024.jpeg 1024w, https:\/\/enolife.com.ar\/es\/wp-content\/uploads\/2020\/11\/201124-1302-flyer-charla-08-francia-300x300.jpeg 300w, https:\/\/enolife.com.ar\/es\/wp-content\/uploads\/2020\/11\/201124-1302-flyer-charla-08-francia-150x150.jpeg 150w, https:\/\/enolife.com.ar\/es\/wp-content\/uploads\/2020\/11\/201124-1302-flyer-charla-08-francia-768x768.jpeg 768w, https:\/\/enolife.com.ar\/es\/wp-content\/uploads\/2020\/11\/201124-1302-flyer-charla-08-francia-1170x1170.jpeg 1170w, https:\/\/enolife.com.ar\/es\/wp-content\/uploads\/2020\/11\/201124-1302-flyer-charla-08-francia-585x585.jpeg 585w, https:\/\/enolife.com.ar\/es\/wp-content\/uploads\/2020\/11\/201124-1302-flyer-charla-08-francia.jpeg 1280w\" sizes=\"auto, (max-width: 332px) 100vw, 332px\" \/><\/figure><\/div>\n\n\n\n<p class=\"has-background has-luminous-vivid-amber-background-color\"><strong>La charla es gratuita con inscripci\u00f3n previa a trav\u00e9s de evenbrite, en el siguiente link: <a href=\"https:\/\/www.eventbrite.com.ar\/e\/fdm-ciclo-mendoexit-experiencias-internacionales-charla-08-tickets-128806677239\">\u00abFrancia, estado unitario, descentralizaci\u00f3n y desconcentraci\u00f3n, empoderamiento local\u00bb&nbsp;<\/a><\/strong><\/p>\n\n\n\n<p class=\"has-background has-very-light-gray-background-color\"><strong>Para ver las ediciones anteriores: <a href=\"https:\/\/www.youtube.com\/channel\/UCFaMq-2qJGffM9CGIuRPO1A\">https:\/\/www.youtube.com\/channel\/UCFaMq-2qJGffM9CGIuRPO1A<\/a><\/strong><\/p>\n\n\n\n<div style=\"height:26px\" aria-hidden=\"true\" class=\"wp-block-spacer\"><\/div>\n","protected":false},"excerpt":{"rendered":"<p>El Foro Diplom\u00e1tico en Mendoza (FDM) invita al octavo encuentro del ciclo \u00ab#Mendoexit?\u00bb. Participar\u00e1 el&hellip;<\/p>\n","protected":false},"author":3,"featured_media":23928,"comment_status":"open","ping_status":"open","sticky":false,"template":"","format":"standard","meta":{"footnotes":""},"categories":[47],"tags":[],"class_list":["post-23916","post","type-post","status-publish","format-standard","has-post-thumbnail","hentry","category-agenda"],"_links":{"self":[{"href":"https:\/\/enolife.com.ar\/es\/wp-json\/wp\/v2\/posts\/23916","targetHints":{"allow":["GET"]}}],"collection":[{"href":"https:\/\/enolife.com.ar\/es\/wp-json\/wp\/v2\/posts"}],"about":[{"href":"https:\/\/enolife.com.ar\/es\/wp-json\/wp\/v2\/types\/post"}],"author":[{"embeddable":true,"href":"https:\/\/enolife.com.ar\/es\/wp-json\/wp\/v2\/users\/3"}],"replies":[{"embeddable":true,"href":"https:\/\/enolife.com.ar\/es\/wp-json\/wp\/v2\/comments?post=23916"}],"version-history":[{"count":0,"href":"https:\/\/enolife.com.ar\/es\/wp-json\/wp\/v2\/posts\/23916\/revisions"}],"wp:featuredmedia":[{"embeddable":true,"href":"https:\/\/enolife.com.ar\/es\/wp-json\/wp\/v2\/media\/23928"}],"wp:attachment":[{"href":"https:\/\/enolife.com.ar\/es\/wp-json\/wp\/v2\/media?parent=23916"}],"wp:term":[{"taxonomy":"category","embeddable":true,"href":"https:\/\/enolife.com.ar\/es\/wp-json\/wp\/v2\/categories?post=23916"},{"taxonomy":"post_tag","embeddable":true,"href":"https:\/\/enolife.com.ar\/es\/wp-json\/wp\/v2\/tags?post=23916"}],"curies":[{"name":"wp","href":"https:\/\/api.w.org\/{rel}","templated":true}]}}