{"id":23867,"date":"2020-11-21T02:32:05","date_gmt":"2020-11-21T02:32:05","guid":{"rendered":"http:\/\/enolife.com.ar\/es\/?p=23867"},"modified":"2020-11-25T02:43:24","modified_gmt":"2020-11-25T02:43:24","slug":"argentina-participa-con-15-empresas-en-la-feria-de-vinos-a-granel-mas-importante-del-mundo","status":"publish","type":"post","link":"https:\/\/enolife.com.ar\/es\/argentina-participa-con-15-empresas-en-la-feria-de-vinos-a-granel-mas-importante-del-mundo\/","title":{"rendered":"Argentina participa con 15 empresas en la feria de vinos a granel m\u00e1s importante del mundo"},"content":{"rendered":"\n<h4 class=\"wp-block-heading\"><em><strong>Entre el lunes 23 de noviembre y el 4 de diciembre se realiza la World Bulk Wine Exhibition (WBWE), este a\u00f1o en formato virtual y bajo el nombre \u00abConnect\u00bb. La habitual feria mundial de vinos a granel  ya cuenta con m\u00e1s de 10 a\u00f1os de experiencia y una base de compradores internacionales de primer nivel. A trav\u00e9s de la gesti\u00f3n de la C\u00e1mara Argentina de Vinos a Granel en conjunto con ProMendoza, la Secretar\u00eda de Comercio Exterior de San Juan y el Consejo Federal de Inversiones (CFI), participar\u00e1n 15 empresas de Argentina.<\/strong><\/em><\/h4>\n\n\n\n<div style=\"height:41px\" aria-hidden=\"true\" class=\"wp-block-spacer\"><\/div>\n\n\n\n\n\n<div style=\"height:43px\" aria-hidden=\"true\" class=\"wp-block-spacer\"><\/div>\n\n\n\n<p>La finalidad de la <strong>WBWE Connec<\/strong>t, al igual que en su formato presencial, es dotar a las bodegas de las herramientas necesarias para que se puedan centrar exclusivamente en vender sus vinos. Entre las claves del \u00e9xito de la plataforma est\u00e1n: conseguir mejores precios de los que una bodega encontrar\u00eda por s\u00ed sola y seleccionar a los mejores compradores internacionales sin comisiones de venta.<\/p>\n\n\n\n<p>Con el objetivo de cumplir con el plan de actividades de promoci\u00f3n comercial, la <strong>C\u00e1mara Argentina de Vinos a Granel<\/strong> contact\u00f3 a los organizadores de la Feria para tener un pabell\u00f3n nacional de vinos a granel argentinos y a su vez, solicit\u00f3 a los gobiernos de <strong>Mendoza (ProMendoza)<\/strong> y la <strong>Secretar\u00eda de Comercio Exterior de San Juan<\/strong> apoyo econ\u00f3mico para la participaci\u00f3n de las empresas. Finalmente la convocatoria la realiz\u00f3 el <strong>Consejo Federal de Inversiones (CFI)<\/strong>, que dio su apoyo, disminuyendo los costos econ\u00f3micos en un 50% para los exportadores. Gracias a esto se logr\u00f3 la participaci\u00f3n de 15 empresas,&nbsp; de las cuales 11 son socias de la C\u00e1mara Argentina de Vinos a Granel.<\/p>\n\n\n\n<p>\u201cLa novedad viene dada porque los organizadores desarrollaron una plataforma para que productores y compradores puedan seguir encontr\u00e1ndose a pesar de la situaci\u00f3n de pandemia, siendo este un a\u00f1o particular porque necesitan descubrir nuevas oportunidades de negocios con motivo de los cambios que han sufrido los mercados, y \u00e9sta es sin duda una gran oportunidad para Argentina, que viene creciendo de forma exponencial en los \u00faltimos dos a\u00f1os\u201d , subray\u00f3 <strong>Jos\u00e9 Bartolucci<\/strong>, presidente de la C\u00e1mara.<\/p>\n\n\n\n<p>Acorde a las cifras de 2020, nuestro pa\u00eds espera cerrar el a\u00f1o con una exportaci\u00f3n de entre 180 y 190 millones de litros de vinos a granel, marcando un r\u00e9cord hist\u00f3rico en la \u00faltima d\u00e9cada.<\/p>\n\n\n\n<p>Cabe recordar que la C\u00e1mara Argentina de Vinos a Granel, en el marco de la Corporaci\u00f3n Vitivin\u00edcola Argentina (Coviar), sigue una agenda de actividades que est\u00e1n dentro del plan de Promoci\u00f3n Comercial internacional del vino a granel argentino, cuyo objetivo es&nbsp;llegar a exportar entre 200 y 300 millones de litros, para as\u00ed alcanzar a proveer entre el 8% y el 10% de la porci\u00f3n de exportaciones a granel a nivel mundial.<\/p>\n\n\n\n<div style=\"height:20px\" aria-hidden=\"true\" class=\"wp-block-spacer\"><\/div>\n\n\n\n<blockquote class=\"wp-block-quote is-layout-flow wp-block-quote-is-layout-flow\"><p>\u201cArgentina sigue su tendencia como exportadora de vinos a granel, por eso consider\u00e1bamos vital que la oferta exportable estuviera presente en la primer y \u00fanica feria internacional que se ha realizado este a\u00f1o\u201d.<\/p><cite>Jos\u00e9 Bartolucci, presidente de la C\u00e1mara Argentina de Vinos a Granel<\/cite><\/blockquote>\n\n\n\n<div style=\"height:20px\" aria-hidden=\"true\" class=\"wp-block-spacer\"><\/div>\n\n\n\n<p class=\"has-medium-font-size\"><strong>Las <\/strong>e<strong>mpresas que participar\u00e1n<\/strong><\/p>\n\n\n\n<p><strong>Mendoza<\/strong>:<\/p>\n\n\n\n<ul class=\"wp-block-list\"><li>Lost Valley<\/li><li>Bodega Mara\u00f1on<\/li><li>Galeano &amp; Antonacci<\/li><li>Bodega Carelli<\/li><li>Sulmineira<\/li><li>Bodega Correas<\/li><li>Los Clop<\/li><li>Bodega Tittarelli<\/li><li>Bodega H\u00e9ctor Meli<\/li><li>Miravalles<\/li><li>Finca del Enlace<\/li><li>Don Cayetano<\/li><\/ul>\n\n\n\n<p><strong>San Juan<\/strong>:<\/p>\n\n\n\n<ul class=\"wp-block-list\"><li>Antigua Bodega<\/li><li>Tierra del Huarpe<\/li><li>Fraccionadora San Juan<\/li><\/ul>\n\n\n\n<div style=\"height:20px\" aria-hidden=\"true\" class=\"wp-block-spacer\"><\/div>\n\n\n\n<p class=\"has-background has-luminous-vivid-amber-background-color\"><strong>El pabell\u00f3n argentino ya no tiene m\u00e1s cupos, pero se puede participar registr\u00e1ndose en el siguiente link: <a href=\"https:\/\/www.worldbulkwine.com\/connect\/\">https:\/\/www.worldbulkwine.com\/connect\/<\/a><\/strong><br><\/p>\n\n\n\n<div style=\"height:20px\" aria-hidden=\"true\" class=\"wp-block-spacer\"><\/div>\n\n\n\n<p>Unas vez registradas, las bodegas pueden introducir los vinos que quieren vender y completar un formulario de preferencias, para que la organizaci\u00f3n pueda encontrar el perfil de comprador que se adapte mejor a sus necesidades.<\/p>\n\n\n\n<div style=\"height:20px\" aria-hidden=\"true\" class=\"wp-block-spacer\"><\/div>\n\n\n\n<p class=\"has-medium-font-size\"><strong>Los n\u00fameros del granel en las exportaciones de vino argentino<\/strong><\/p>\n\n\n\n<div style=\"height:20px\" aria-hidden=\"true\" class=\"wp-block-spacer\"><\/div>\n\n\n\n<div class=\"wp-block-image\"><figure class=\"aligncenter size-large\"><img loading=\"lazy\" decoding=\"async\" width=\"530\" height=\"267\" src=\"https:\/\/enolife.com.ar\/es\/wp-content\/uploads\/2020\/11\/granel-2.jpg\" alt=\"\" class=\"wp-image-23888\" srcset=\"https:\/\/enolife.com.ar\/es\/wp-content\/uploads\/2020\/11\/granel-2.jpg 530w, https:\/\/enolife.com.ar\/es\/wp-content\/uploads\/2020\/11\/granel-2-300x151.jpg 300w\" sizes=\"auto, (max-width: 530px) 100vw, 530px\" \/><\/figure><\/div>\n\n\n\n<div class=\"wp-block-image\"><figure class=\"aligncenter size-large\"><img loading=\"lazy\" decoding=\"async\" width=\"740\" height=\"498\" src=\"https:\/\/enolife.com.ar\/es\/wp-content\/uploads\/2020\/11\/granel.jpg\" alt=\"\" class=\"wp-image-23887\" srcset=\"https:\/\/enolife.com.ar\/es\/wp-content\/uploads\/2020\/11\/granel.jpg 740w, https:\/\/enolife.com.ar\/es\/wp-content\/uploads\/2020\/11\/granel-300x202.jpg 300w, https:\/\/enolife.com.ar\/es\/wp-content\/uploads\/2020\/11\/granel-585x394.jpg 585w\" sizes=\"auto, (max-width: 740px) 100vw, 740px\" \/><figcaption><strong><em>Fuente OeMv<\/em><\/strong><\/figcaption><\/figure><\/div>\n\n\n\n<div style=\"height:20px\" aria-hidden=\"true\" class=\"wp-block-spacer\"><\/div>\n\n\n\n<p class=\"has-small-font-size\"><em><strong>Fuentes: C\u00e1mara Argentina de Vinos a Granel, Promendoza y Observatorio Espa\u00f1ol del Mercado del Vino (OEMV)<\/strong><\/em><\/p>\n","protected":false},"excerpt":{"rendered":"<p>Entre el lunes 23 de noviembre y el 4 de diciembre se realiza la World&hellip;<\/p>\n","protected":false},"author":3,"featured_media":23893,"comment_status":"open","ping_status":"open","sticky":false,"template":"","format":"standard","meta":{"footnotes":""},"categories":[10],"tags":[],"class_list":["post-23867","post","type-post","status-publish","format-standard","has-post-thumbnail","hentry","category-ferias"],"_links":{"self":[{"href":"https:\/\/enolife.com.ar\/es\/wp-json\/wp\/v2\/posts\/23867","targetHints":{"allow":["GET"]}}],"collection":[{"href":"https:\/\/enolife.com.ar\/es\/wp-json\/wp\/v2\/posts"}],"about":[{"href":"https:\/\/enolife.com.ar\/es\/wp-json\/wp\/v2\/types\/post"}],"author":[{"embeddable":true,"href":"https:\/\/enolife.com.ar\/es\/wp-json\/wp\/v2\/users\/3"}],"replies":[{"embeddable":true,"href":"https:\/\/enolife.com.ar\/es\/wp-json\/wp\/v2\/comments?post=23867"}],"version-history":[{"count":0,"href":"https:\/\/enolife.com.ar\/es\/wp-json\/wp\/v2\/posts\/23867\/revisions"}],"wp:featuredmedia":[{"embeddable":true,"href":"https:\/\/enolife.com.ar\/es\/wp-json\/wp\/v2\/media\/23893"}],"wp:attachment":[{"href":"https:\/\/enolife.com.ar\/es\/wp-json\/wp\/v2\/media?parent=23867"}],"wp:term":[{"taxonomy":"category","embeddable":true,"href":"https:\/\/enolife.com.ar\/es\/wp-json\/wp\/v2\/categories?post=23867"},{"taxonomy":"post_tag","embeddable":true,"href":"https:\/\/enolife.com.ar\/es\/wp-json\/wp\/v2\/tags?post=23867"}],"curies":[{"name":"wp","href":"https:\/\/api.w.org\/{rel}","templated":true}]}}