{"id":23857,"date":"2020-11-20T16:44:41","date_gmt":"2020-11-20T16:44:41","guid":{"rendered":"http:\/\/enolife.com.ar\/es\/?p=23857"},"modified":"2020-11-24T20:44:28","modified_gmt":"2020-11-24T20:44:28","slug":"los-productores-deberan-aplicar-un-estricto-protocolo-para-cuidar-la-salud-de-sus-cosechadores","status":"publish","type":"post","link":"https:\/\/enolife.com.ar\/es\/los-productores-deberan-aplicar-un-estricto-protocolo-para-cuidar-la-salud-de-sus-cosechadores\/","title":{"rendered":"Los productores deber\u00e1n aplicar un estricto protocolo para cuidar la salud de sus cosechadores"},"content":{"rendered":"\n<h4 class=\"wp-block-heading\"><em><strong>El gobierno de Mendoza divulg\u00f3 una serie de requisitos obligatorios para contratar los trabajadores eventuales que levantar\u00e1n las cosechas que se avecinan y realizar\u00e1n diversas tareas agr\u00edcolas. Deber\u00e1n informar modos de traslado y lugares de alojamiento, presentar una ficha completa con datos personales de cada cosechador y tener preparadas salas de aislamiento para el caso de que alguno presente s\u00edntomas de coronavirus. <\/strong><\/em><\/h4>\n\n\n\n<div style=\"height:20px\" aria-hidden=\"true\" class=\"wp-block-spacer\"><\/div>\n\n\n\n<p>Adem\u00e1s de preservar la salud de los trabajadores y evitar la propagaci\u00f3n del coronavirus, el protocolo recientemente divulgado por el gobierno de Mendoza busca mejorar las condiciones de contrataci\u00f3n, higiene, alojamiento y desplazamientos de esos obreros. Esta acci\u00f3n se enmarca en el programa <strong>\u00abReinventa\u00bb, que ya tiene inscritos a m\u00e1s de 8.000 mendocinos, de los cuales 400 ya est\u00e1n trabajando.<\/strong><\/p>\n\n\n\n<p>Luego de reuniones y conversaciones con productores de toda la provincia, el gobierno de Mendoza public\u00f3 una resoluci\u00f3n con el protocolo completo para actividades vinculadas con la agricultura, que son un servicio esencial para una provincia vitivin\u00edcola y frutihort\u00edcola.<\/p>\n\n\n\n<p>Este instructivo, que es de cumplimiento obligatorio y sigue los lineamientos del <strong>Ministerio de Salud de la Naci\u00f3n y de Mendoza<\/strong>, est\u00e1 acompa\u00f1ado por una serie de medidas que tom\u00f3 el Ministerio de Econom\u00eda y Energ\u00eda para garantizar la cosecha y dar trabajo local.<\/p>\n\n\n\n<p>En este marco, el Ministerio, a trav\u00e9s de la&nbsp;<strong>Subsecretar\u00eda&nbsp;de&nbsp;Agricultura y Ganader\u00eda<\/strong>, implement\u00f3 el&nbsp;Registro de Informaci\u00f3n Nacional para Vendimia y Tareas Agr\u00edcolas (Reinventa), el programa que capacita a mendocinos que quieran aprender y trabajar en labores agr\u00edcolas. Actualmente el programa tiene 8.000 inscriptos y 400 mendocinos ya han completado los cursos y est\u00e1n trabajando.<\/p>\n\n\n\n<p>Por otra parte, el protocolo, revisado por el Comit\u00e9 de Vigilancia epidemiol\u00f3gica del Ministerio de Salud, Desarrollo Social y Deportes, ya est\u00e1 en vigencia y pone especial atenci\u00f3n en los trabajadores que vengan de otras provincias.<\/p>\n\n\n\n<p>Adem\u00e1s de preservar la salud de todos los mendocinos, mejora las condiciones de trabajo, contrataci\u00f3n y de vivienda de los llamados \u201ctrabajadores golondrina\u201d.<\/p>\n\n\n\n<div style=\"height:20px\" aria-hidden=\"true\" class=\"wp-block-spacer\"><\/div>\n\n\n\n<p class=\"has-medium-font-size\"><strong>Los requisitos obligatorios, punto por punto<\/strong><\/p>\n\n\n\n<p>\u2022&nbsp;&nbsp;<strong>Distanciamiento social e higiene<\/strong>: todos los trabajadores recibir\u00e1n un instructivo sobre la rutina que deben cumplir para cuidar su salud. Estas son distanciamiento social, higiene de manos y uso adecuado de tapabocas.<\/p>\n\n\n\n<p>\u2022&nbsp;&nbsp;<strong>Tr\u00e1mites que deben presentar los productores ante el Ministerio de Econom\u00eda y Energ\u00eda de Mendoza:<\/strong><\/p>\n\n\n\n<p>1) Nota de conformidad del intendente municipal del lugar donde se hospedar\u00e1n y trabajar\u00e1n los miembros de los grupos de trabajo.<\/p>\n\n\n\n<p>2) Nota de autorizaci\u00f3n de la Subsecretar\u00eda de Transporte automotor de la Naci\u00f3n, seg\u00fan lo establecido por la Resoluci\u00f3n 90\/2020 del Ministerio de Transporte de la Naci\u00f3n.<\/p>\n\n\n\n<p>3) Declaraci\u00f3n Jurada con compromiso de cumplimiento con estos datos:<\/p>\n\n\n\n<ul class=\"wp-block-list\"><li>Nombre y Apellido completos de los trabajadores<\/li><li>DNI<\/li><li>Tel\u00e9fonos de contacto (dos de ser posible)<\/li><li>Domicilio en donde se alojar\u00e1<\/li><li>Domicilio donde trabajar\u00e1<\/li><li>Cobertura social<\/li><li>Datos de la ART o empresa aseguradora.<\/li><li>Nombre del responsable del regreso de los trabajadores a su provincia de origen<\/li><li>Datos del veh\u00edculo<\/li><\/ul>\n\n\n\n<p>4) Declaraci\u00f3n jurada de los trabajadores, elaborada y certificada por un m\u00e9dico, donde se constaten ausencia de factores de riesgo y ausencia de signo-sintomatolog\u00eda compatible con COVID-19. La misma deber\u00e1 ser firmada por un m\u00e9dico con no m\u00e1s de 48 horas previas al ingreso. El Ministerio de Econom\u00eda y Energ\u00eda de la Provincia de Mendoza, una vez constatada y verificada la documentaci\u00f3n extender\u00e1 la respectiva autorizaci\u00f3n, que deben acompa\u00f1ar los trabajadores y la empresa transportista en su ingreso y traslado por la Provincia.<\/p>\n\n\n\n<div style=\"height:20px\" aria-hidden=\"true\" class=\"wp-block-spacer\"><\/div>\n\n\n\n<p class=\"has-medium-font-size\"><strong>Traslado de los trabajadores<\/strong><\/p>\n\n\n\n<p>1) La empresa que requiere al personal para tareas agr\u00edcolas solicitar\u00e1 el traslado a una transportista habilitada para realizar servicios de transporte automotor en jurisdicci\u00f3n nacional, indicando fecha y hora del traslado y cantidad de personas a transportar, adjuntando n\u00f3mina con nombre, apellido y documento de cada uno de ellos, origen, destino y paradas del servicio. Esta nota deber\u00e1 contener una declaraci\u00f3n jurada de que se trata de trabajadores esenciales, detallando la actividad que realiza la empresa y la norma en la que se encuentra expresamente prevista la excepci\u00f3n<\/p>\n\n\n\n<p>2) La transportista contratada deber\u00e1 informar la solicitud al sitio de internet&nbsp;<a href=\"mailto:ssta@transporte.gob.ar\" target=\"_blank\" rel=\"noreferrer noopener\">ssta@transporte.gob.ar<\/a>&nbsp;con<\/p>\n\n\n\n<p>3) El&nbsp;Ministerio de Transporte de Naci\u00f3n emitir\u00e1 la correspondiente nota de autorizaci\u00f3n, cuya copia deber\u00e1 portarse durante todo el traslado.<\/p>\n\n\n\n<div style=\"height:31px\" aria-hidden=\"true\" class=\"wp-block-spacer\"><\/div>\n\n\n\n<figure class=\"wp-block-image\"><img decoding=\"async\" src=\"https:\/\/www.mendoza.gov.ar\/wp-content\/uploads\/sites\/5\/2020\/11\/cosecha-expo-verde-700x466.jpg\" alt=\"\" class=\"wp-image-250971\"\/><\/figure>\n\n\n\n<div style=\"height:36px\" aria-hidden=\"true\" class=\"wp-block-spacer\"><\/div>\n\n\n\n<p class=\"has-medium-font-size\"><strong>Condiciones de trabajo dentro de la provincia<\/strong><\/p>\n\n\n\n<p><strong>1) Cuadrillas:<\/strong> Las personas deben moverse en cuadrillas, cuyos integrantes estar\u00e1n claramente identificados y no podr\u00e1n intercambiarse. Esto es fundamental para el control epidemiol\u00f3gico en caso de que alguno de los integrantes presentase s\u00edntomas de COVID-19.<\/p>\n\n\n\n<p><strong>2) Condiciones habitacionales:<\/strong> Las habitaciones donde se alojar\u00e1n deben estar debidamente equipadas con camas y ba\u00f1o individual (1 ba\u00f1o cada 4 personas), con ventilaci\u00f3n natural, limpieza y desinfecci\u00f3n diaria. En dormitorios, se debe mantener la ocupaci\u00f3n sugerida del 50% por espacio. Solo se podr\u00e1 compartir habitaci\u00f3n por grupo de trabajo.<\/p>\n\n\n\n<p><strong>3) Comedores:<\/strong> En el espacio comedor o salones comunes, se mantendr\u00e1 la distancia social sugerida entre personas y mesas disponibles en no m\u00e1s del 50% de ocupaci\u00f3n. Se realizar\u00e1n las comidas en distintos turnos sin superar las 10 personas.<\/p>\n\n\n\n<p><strong>4) Pasos a seguir ante la presencia de s\u00edntomas:<\/strong><em> <\/em>Se debe realizar una encuesta diaria de s\u00edntomas y control, para lo cual se designar\u00e1 a un encargado. Si alguna persona presente s\u00edntomas, se dar\u00e1 aviso al M\u00e9dico de su obra social, ART, Ministerio de Econom\u00eda y Ministerio de Salud, Desarrollo Social y Deportes<\/p>\n\n\n\n<p><strong>El empleador deber\u00e1 contar con salas de aislamiento<\/strong> en condiciones, con ba\u00f1o privado y camas separadas por m\u00e1s de dos metros.&nbsp;Estas se utilizar\u00e1n ante los primeros s\u00edntomas hasta el traslado de los pacientes hacia hospitales o centros m\u00e9dicos, seg\u00fan corresponda.<\/p>\n\n\n\n<div style=\"height:36px\" aria-hidden=\"true\" class=\"wp-block-spacer\"><\/div>\n\n\n\n<p class=\"has-small-font-size\"><em><strong>Fuente: Gobierno de Mendoza<\/strong><\/em><\/p>\n","protected":false},"excerpt":{"rendered":"<p>El gobierno de Mendoza divulg\u00f3 una serie de requisitos obligatorios para contratar los trabajadores eventuales&hellip;<\/p>\n","protected":false},"author":3,"featured_media":23863,"comment_status":"open","ping_status":"open","sticky":false,"template":"","format":"standard","meta":{"footnotes":""},"categories":[14],"tags":[],"class_list":["post-23857","post","type-post","status-publish","format-standard","has-post-thumbnail","hentry","category-news"],"_links":{"self":[{"href":"https:\/\/enolife.com.ar\/es\/wp-json\/wp\/v2\/posts\/23857","targetHints":{"allow":["GET"]}}],"collection":[{"href":"https:\/\/enolife.com.ar\/es\/wp-json\/wp\/v2\/posts"}],"about":[{"href":"https:\/\/enolife.com.ar\/es\/wp-json\/wp\/v2\/types\/post"}],"author":[{"embeddable":true,"href":"https:\/\/enolife.com.ar\/es\/wp-json\/wp\/v2\/users\/3"}],"replies":[{"embeddable":true,"href":"https:\/\/enolife.com.ar\/es\/wp-json\/wp\/v2\/comments?post=23857"}],"version-history":[{"count":0,"href":"https:\/\/enolife.com.ar\/es\/wp-json\/wp\/v2\/posts\/23857\/revisions"}],"wp:featuredmedia":[{"embeddable":true,"href":"https:\/\/enolife.com.ar\/es\/wp-json\/wp\/v2\/media\/23863"}],"wp:attachment":[{"href":"https:\/\/enolife.com.ar\/es\/wp-json\/wp\/v2\/media?parent=23857"}],"wp:term":[{"taxonomy":"category","embeddable":true,"href":"https:\/\/enolife.com.ar\/es\/wp-json\/wp\/v2\/categories?post=23857"},{"taxonomy":"post_tag","embeddable":true,"href":"https:\/\/enolife.com.ar\/es\/wp-json\/wp\/v2\/tags?post=23857"}],"curies":[{"name":"wp","href":"https:\/\/api.w.org\/{rel}","templated":true}]}}