{"id":2365,"date":"2019-08-13T02:30:49","date_gmt":"2019-08-13T02:30:49","guid":{"rendered":"http:\/\/enolife.com.ar\/es\/?p=2365"},"modified":"2019-08-13T02:30:50","modified_gmt":"2019-08-13T02:30:50","slug":"la-fem-aboga-por-un-transito-ordenado-en-lo-economico-hasta-las-elecciones-presidenciales-por-federacion-economica-de-mendoza","status":"publish","type":"post","link":"https:\/\/enolife.com.ar\/es\/la-fem-aboga-por-un-transito-ordenado-en-lo-economico-hasta-las-elecciones-presidenciales-por-federacion-economica-de-mendoza\/","title":{"rendered":"La FEM aboga por un tr\u00e1nsito ordenado en lo econ\u00f3mico hasta las elecciones presidenciales. Por Federaci\u00f3n Econ\u00f3mica de Mendoza"},"content":{"rendered":"\n<h4 class=\"wp-block-heading\"><em><strong>Ayer lunes 12 de agosto por la tarde, la entidad que re\u00fane a las c\u00e1maras empresarias, pymes y dirigentes locales -presidida por Alberto Carleti- emiti\u00f3 un comunicado de prensa refiri\u00e9ndose al impacto de las PASO en la econom\u00eda argentina, el que a continuaci\u00f3n reproducimos.<\/strong><\/em> <\/h4>\n\n\n\n<div style=\"height:32px\" aria-hidden=\"true\" class=\"wp-block-spacer\"><\/div>\n\n\n\n<p>\u201cTras las elecciones PASO realizadas ayer (domingo 11\/8) y\nel impacto que este acto ha tenido sobre distintos indicadores econ\u00f3micos que\ntienen una repercusi\u00f3n negativa en la actividad de pymes, comercios,\nproductores y a la econom\u00eda real, desde la Federaci\u00f3n Econ\u00f3mica de Mendoza\ndeseamos expresar nuestra opini\u00f3n.<\/p>\n\n\n\n<p>En momentos como \u00e9ste, en los que la incertidumbre y la\nespeculaci\u00f3n ganan espacio, es fundamental que el gobierno, que tiene la gran\nresponsabilidad de conducir los destinos del pa\u00eds, emita se\u00f1ales claras que\nconduzcan a la tranquilidad y&nbsp;\nestabilidad.&nbsp;<\/p>\n\n\n\n<p>Las pymes argentinas venimos de momentos muy duros (20.000\npymes cerradas en \u00faltimos 2 a\u00f1os), hemos advertido en reiteradas oportunidades\ntanto desde la FEM como desde la Confederaci\u00f3n Argentina de la Mediana Empresa\n(CAME) a autoridades provinciales y nacionales, sobre la presi\u00f3n fiscal\nelevada, falta de cr\u00e9dito, inflaci\u00f3n, ca\u00edda de consumo, malos precios para la\nproducci\u00f3n, etc\u00e9tera, sin haber obtenido respuestas concretas.&nbsp;<\/p>\n\n\n\n<p>Quedan a\u00fan&nbsp; 76 d\u00edas\npara las elecciones generales nacionales de octubre, por lo que desde la FEM\nestamos a disposici\u00f3n de las autoridades gubernamentales en lo imprescindible\npara generar estabilidad y un tr\u00e1nsito ordenado hacia los comicios. En\ndefinitiva hay que crear una expectativa m\u00ednima para los pr\u00f3ximos meses.<\/p>\n\n\n\n<p>Pedimos tambi\u00e9n a quienes hoy han recibido el apoyo de la\nsociedad para constituirse en una verdadera alternativa de gobierno, que asuman\nesta responsabilidad contribuyendo a la gobernabilidad.<\/p>\n\n\n\n<p>Como instituci\u00f3n representativa de las pymes de la provincia\nseguiremos aportando en la elaboraci\u00f3n de propuestas y consensos que nos lleven\na la senda de crecimiento que todos deseamos\u201d.<\/p>\n","protected":false},"excerpt":{"rendered":"<p>Ayer lunes 12 de agosto por la tarde, la entidad que re\u00fane a las c\u00e1maras&hellip;<\/p>\n","protected":false},"author":3,"featured_media":2368,"comment_status":"open","ping_status":"open","sticky":false,"template":"","format":"standard","meta":{"footnotes":""},"categories":[12],"tags":[],"class_list":["post-2365","post","type-post","status-publish","format-standard","has-post-thumbnail","hentry","category-opinion"],"_links":{"self":[{"href":"https:\/\/enolife.com.ar\/es\/wp-json\/wp\/v2\/posts\/2365","targetHints":{"allow":["GET"]}}],"collection":[{"href":"https:\/\/enolife.com.ar\/es\/wp-json\/wp\/v2\/posts"}],"about":[{"href":"https:\/\/enolife.com.ar\/es\/wp-json\/wp\/v2\/types\/post"}],"author":[{"embeddable":true,"href":"https:\/\/enolife.com.ar\/es\/wp-json\/wp\/v2\/users\/3"}],"replies":[{"embeddable":true,"href":"https:\/\/enolife.com.ar\/es\/wp-json\/wp\/v2\/comments?post=2365"}],"version-history":[{"count":0,"href":"https:\/\/enolife.com.ar\/es\/wp-json\/wp\/v2\/posts\/2365\/revisions"}],"wp:featuredmedia":[{"embeddable":true,"href":"https:\/\/enolife.com.ar\/es\/wp-json\/wp\/v2\/media\/2368"}],"wp:attachment":[{"href":"https:\/\/enolife.com.ar\/es\/wp-json\/wp\/v2\/media?parent=2365"}],"wp:term":[{"taxonomy":"category","embeddable":true,"href":"https:\/\/enolife.com.ar\/es\/wp-json\/wp\/v2\/categories?post=2365"},{"taxonomy":"post_tag","embeddable":true,"href":"https:\/\/enolife.com.ar\/es\/wp-json\/wp\/v2\/tags?post=2365"}],"curies":[{"name":"wp","href":"https:\/\/api.w.org\/{rel}","templated":true}]}}