{"id":23601,"date":"2020-11-18T01:30:24","date_gmt":"2020-11-18T01:30:24","guid":{"rendered":"http:\/\/enolife.com.ar\/es\/?p=23601"},"modified":"2020-11-20T15:50:39","modified_gmt":"2020-11-20T15:50:39","slug":"un-logro-asombroso-del-grupo-mercier-la-creacion-del-cepaje-nathy-sauvignac","status":"publish","type":"post","link":"https:\/\/enolife.com.ar\/es\/un-logro-asombroso-del-grupo-mercier-la-creacion-del-cepaje-nathy-sauvignac\/","title":{"rendered":"Un logro asombroso del Grupo Mercier: la creaci\u00f3n del cepaje Nathy Sauvignac"},"content":{"rendered":"\n<h4 class=\"wp-block-heading\"><em><strong>Lo presentaron en Francia a mediados de marzo de 2020. Pronto est\u00e1 previsto exportarlo a Argentina. Se trata de la primera variedad de una serie que se analiza en el laboratorio Novatech, incorporada a una l\u00ednea de desarrollo denominada Nathy, con miles de genotipos en evaluaci\u00f3n, destinados a obtener variedades de vid naturalmente resistentes, que permitan la elaboraci\u00f3n de vinos de calidad, con rendimientos asegurados y menores costos de producci\u00f3n.<\/strong><\/em><\/h4>\n\n\n\n<div style=\"height:20px\" aria-hidden=\"true\" class=\"wp-block-spacer\"><\/div>\n\n\n\n<p>\u00bfQu\u00e9 les sugiere el nombre <em><strong>Sauvignac<\/strong><\/em>? Indudablemente, esas primeras letras nos remiten a variedades de vid muy conocidas.<\/p>\n\n\n\n<p>Este nombre, <em><strong>Sauvignac<\/strong><\/em>, es la denominaci\u00f3n que recibi\u00f3 un nuevo cepaje blanco, lanzado por Mercier Group, el primero de una serie que se analiza en el laboratorio Novatech, incorporado a una l\u00ednea llamada Nathy. &nbsp;Sus progenitores son el Sauvignon y el Riesling. <\/p>\n\n\n\n<p>\u201cEs una variedad h\u00edbrida, que viene de una serie de seis cruzamientos con <em>vitis vin\u00edfera<\/em> y otras <em>vitis<\/em> resistentes a enfermedad fungosa, como <em>Mildiu<\/em>, <em>Oidio<\/em> y sobre todo a <em>Black Rot<\/em>, tan problem\u00e1tica en Europa\u201d, explic\u00f3 el ingeniero Olivier Zekri, director de I&amp;D del Grupo Mercier, a cargo del laboratorio Novatech.<\/p>\n\n\n\n<div style=\"height:20px\" aria-hidden=\"true\" class=\"wp-block-spacer\"><\/div>\n\n\n\n<div class=\"wp-block-image\"><figure class=\"aligncenter size-large is-resized\"><img loading=\"lazy\" decoding=\"async\" src=\"https:\/\/enolife.com.ar\/es\/wp-content\/uploads\/2020\/11\/El-Sauvignac-ha-sido-desarrollado-por-Grupo-Mercier-1024x1024.jpg\" alt=\"\" class=\"wp-image-23632\" width=\"510\" height=\"510\" srcset=\"https:\/\/enolife.com.ar\/es\/wp-content\/uploads\/2020\/11\/El-Sauvignac-ha-sido-desarrollado-por-Grupo-Mercier-1024x1024.jpg 1024w, https:\/\/enolife.com.ar\/es\/wp-content\/uploads\/2020\/11\/El-Sauvignac-ha-sido-desarrollado-por-Grupo-Mercier-300x300.jpg 300w, https:\/\/enolife.com.ar\/es\/wp-content\/uploads\/2020\/11\/El-Sauvignac-ha-sido-desarrollado-por-Grupo-Mercier-150x150.jpg 150w, https:\/\/enolife.com.ar\/es\/wp-content\/uploads\/2020\/11\/El-Sauvignac-ha-sido-desarrollado-por-Grupo-Mercier-768x768.jpg 768w, https:\/\/enolife.com.ar\/es\/wp-content\/uploads\/2020\/11\/El-Sauvignac-ha-sido-desarrollado-por-Grupo-Mercier-1536x1536.jpg 1536w, https:\/\/enolife.com.ar\/es\/wp-content\/uploads\/2020\/11\/El-Sauvignac-ha-sido-desarrollado-por-Grupo-Mercier.jpg 2048w, https:\/\/enolife.com.ar\/es\/wp-content\/uploads\/2020\/11\/El-Sauvignac-ha-sido-desarrollado-por-Grupo-Mercier-1170x1170.jpg 1170w, https:\/\/enolife.com.ar\/es\/wp-content\/uploads\/2020\/11\/El-Sauvignac-ha-sido-desarrollado-por-Grupo-Mercier-585x585.jpg 585w\" sizes=\"auto, (max-width: 510px) 100vw, 510px\" \/><figcaption><strong>El Sauvignac ha sido desarrollado por Grupo Mercier<\/strong><\/figcaption><\/figure><\/div>\n\n\n\n<div style=\"height:20px\" aria-hidden=\"true\" class=\"wp-block-spacer\"><\/div>\n\n\n\n<p>\u201cEsta nueva variedad ha sido desarrollada por nuestro partner suizo Valentin Blattner y el Grupo Mercier es el difundidor, para su uso y venta en Francia y otros pa\u00edses\u201d, precis\u00f3 por su parte Miguel Mercier, presidente de Mercier Group.<\/p>\n\n\n\n<p>El <strong><em>Nathy Sauvignac<\/em><\/strong> fue registrado en Francia en marzo de 2020 y en la pr\u00f3xima temporada se comenzar\u00e1 con su comercializaci\u00f3n formal en Europa. <em>\u201c<\/em>Las expectativas son muy buenas y aguardamos una \u00f3ptima aceptaci\u00f3n por parte del mercado\u201d,<em> <\/em>coment\u00f3 Julien Lalu, gerente de exportaciones de Vivero Mercier.<\/p>\n\n\n\n<div style=\"height:20px\" aria-hidden=\"true\" class=\"wp-block-spacer\"><\/div>\n\n\n\n<p class=\"has-medium-font-size\"><strong>Caracter\u00edsticas agron\u00f3micas y enol\u00f3gicas<\/strong><\/p>\n\n\n\n<p>Los referentes de Mercier aseguran que el <em><strong>Sauvignac<\/strong><\/em> tiene un nivel de producci\u00f3n de medio a superior; un vigor medio, es compatible con poda a <em>guyot<\/em> mixto y tambi\u00e9n para poda mec\u00e1nica de precisi\u00f3n.<\/p>\n\n\n\n<p>En cuanto a sus caracter\u00edsticas enol\u00f3gicas: su riqueza en az\u00facar es media al igual que su acidez, es muy arom\u00e1tico, con notas a thioles. \u201cEs un cepaje apto para elaborar vinos arom\u00e1ticos, secos y finos, tambi\u00e9n para base de espumantes. Hemos observado que su potencial arom\u00e1tico puede ser mantenido aun con rendimientos altos\u201d, comenta\u00f3 uno de los t\u00e9cnicos de Novatech.<\/p>\n\n\n\n<div style=\"height:20px\" aria-hidden=\"true\" class=\"wp-block-spacer\"><\/div>\n\n\n\n<p class=\"has-medium-font-size\"><strong>Gen\u00e9tica y rentabilidad<\/strong><\/p>\n\n\n\n<p>\u201cPara Mercier es un desaf\u00edo poder ofrecer gen\u00e9tica que le permita a los viticultores producir uva, y por ende, vinos de calidad, con un buen nivel de productividad y una \u00f3ptima rentabilidad, reduciendo el uso de agroqu\u00edmicos, para estar en sinton\u00eda con las nuevas tendencias de consumo<em>\u201d<\/em>, explicit\u00f3 el ingeniero Zekri.<\/p>\n\n\n\n<div style=\"height:20px\" aria-hidden=\"true\" class=\"wp-block-spacer\"><\/div>\n\n\n\n<div class=\"wp-block-image\"><figure class=\"aligncenter size-large is-resized\"><img loading=\"lazy\" decoding=\"async\" src=\"https:\/\/enolife.com.ar\/es\/wp-content\/uploads\/2020\/11\/Racimo-de-Nathy-Sauvignac-768x1024.jpg\" alt=\"\" class=\"wp-image-23633\" width=\"524\" height=\"698\" srcset=\"https:\/\/enolife.com.ar\/es\/wp-content\/uploads\/2020\/11\/Racimo-de-Nathy-Sauvignac-768x1024.jpg 768w, https:\/\/enolife.com.ar\/es\/wp-content\/uploads\/2020\/11\/Racimo-de-Nathy-Sauvignac-225x300.jpg 225w, https:\/\/enolife.com.ar\/es\/wp-content\/uploads\/2020\/11\/Racimo-de-Nathy-Sauvignac-1152x1536.jpg 1152w, https:\/\/enolife.com.ar\/es\/wp-content\/uploads\/2020\/11\/Racimo-de-Nathy-Sauvignac-1536x2048.jpg 1536w, https:\/\/enolife.com.ar\/es\/wp-content\/uploads\/2020\/11\/Racimo-de-Nathy-Sauvignac-1170x1560.jpg 1170w, https:\/\/enolife.com.ar\/es\/wp-content\/uploads\/2020\/11\/Racimo-de-Nathy-Sauvignac-585x780.jpg 585w, https:\/\/enolife.com.ar\/es\/wp-content\/uploads\/2020\/11\/Racimo-de-Nathy-Sauvignac-scaled.jpg 1920w\" sizes=\"auto, (max-width: 524px) 100vw, 524px\" \/><figcaption><strong>Racimo de Nathy Sauvignac<\/strong><\/figcaption><\/figure><\/div>\n\n\n\n<div style=\"height:20px\" aria-hidden=\"true\" class=\"wp-block-spacer\"><\/div>\n\n\n\n<p>Seg\u00fan coment\u00f3 otro de los t\u00e9cnicos de Mercier, \u201cel Sauvignac es la primera variedad de una serie que estamos analizando en Novatech, incorporadas a un programa llamado Nathy, con miles de genotipos en evaluaci\u00f3n\u201d.&nbsp;<\/p>\n\n\n\n<p>Por otra parte, desde la gerencia de exportaciones del grupo aseguraron que est\u00e1 previsto iniciar en breve los tr\u00e1mites para poder importar esta nueva variedad a la Argentina.<\/p>\n\n\n\n<div style=\"height:20px\" aria-hidden=\"true\" class=\"wp-block-spacer\"><\/div>\n","protected":false},"excerpt":{"rendered":"<p>Lo presentaron en Francia a mediados de marzo de 2020. Pronto est\u00e1 previsto exportarlo a&hellip;<\/p>\n","protected":false},"author":3,"featured_media":23636,"comment_status":"open","ping_status":"open","sticky":false,"template":"","format":"standard","meta":{"footnotes":""},"categories":[5],"tags":[],"class_list":["post-23601","post","type-post","status-publish","format-standard","has-post-thumbnail","hentry","category-fincas"],"_links":{"self":[{"href":"https:\/\/enolife.com.ar\/es\/wp-json\/wp\/v2\/posts\/23601","targetHints":{"allow":["GET"]}}],"collection":[{"href":"https:\/\/enolife.com.ar\/es\/wp-json\/wp\/v2\/posts"}],"about":[{"href":"https:\/\/enolife.com.ar\/es\/wp-json\/wp\/v2\/types\/post"}],"author":[{"embeddable":true,"href":"https:\/\/enolife.com.ar\/es\/wp-json\/wp\/v2\/users\/3"}],"replies":[{"embeddable":true,"href":"https:\/\/enolife.com.ar\/es\/wp-json\/wp\/v2\/comments?post=23601"}],"version-history":[{"count":0,"href":"https:\/\/enolife.com.ar\/es\/wp-json\/wp\/v2\/posts\/23601\/revisions"}],"wp:featuredmedia":[{"embeddable":true,"href":"https:\/\/enolife.com.ar\/es\/wp-json\/wp\/v2\/media\/23636"}],"wp:attachment":[{"href":"https:\/\/enolife.com.ar\/es\/wp-json\/wp\/v2\/media?parent=23601"}],"wp:term":[{"taxonomy":"category","embeddable":true,"href":"https:\/\/enolife.com.ar\/es\/wp-json\/wp\/v2\/categories?post=23601"},{"taxonomy":"post_tag","embeddable":true,"href":"https:\/\/enolife.com.ar\/es\/wp-json\/wp\/v2\/tags?post=23601"}],"curies":[{"name":"wp","href":"https:\/\/api.w.org\/{rel}","templated":true}]}}