{"id":23558,"date":"2020-12-08T18:18:45","date_gmt":"2020-12-08T18:18:45","guid":{"rendered":"http:\/\/enolife.com.ar\/es\/?p=23558"},"modified":"2020-12-12T01:40:13","modified_gmt":"2020-12-12T01:40:13","slug":"la-segunda-anada-del-vino-del-contratista-sale-al-mercado-desde-bodega-no-me-olvides","status":"publish","type":"post","link":"https:\/\/enolife.com.ar\/es\/la-segunda-anada-del-vino-del-contratista-sale-al-mercado-desde-bodega-no-me-olvides\/","title":{"rendered":"La segunda a\u00f1ada del vino Del Contratista sale al mercado desde bodega No Me Olvides"},"content":{"rendered":"\n<h4 class=\"wp-block-heading\"><em><strong>Los vinos de la cosecha 2020 que elabora la Cooperativa Cotraavi Ltda de San Mart\u00edn en la Bodega No Me Olvides ya est\u00e1n embotellados y a la venta. Por segundo a\u00f1o consecutivo, m\u00e1s de 70 contratistas, trabajadores rurales, peque\u00f1os productores y artesanos de la provincia nucleados en el Sindicato de Trabajadores Contratistas de Vi\u00f1as y Frutales de Mendoza cierran un intenso a\u00f1o de labor sacando su propio producto, apoyados por su gremio y el Iscamen.<\/strong><\/em><\/h4>\n\n\n\n<div style=\"height:26px\" aria-hidden=\"true\" class=\"wp-block-spacer\"><\/div>\n\n\n\n<p>La Cooperativa Cotraavi Ltda agrupa a m\u00e1s de 70 asociados contratistas de vi\u00f1as, trabajadores Rurales, peque\u00f1os productores y artesanos de los cinco oasis productivos de Mendoza. <\/p>\n\n\n\n<p>La Cooperativa se conform\u00f3 en el a\u00f1o 2010 y ya posee una amplia trayectoria en emprendimientos productivos y de asistencia a los asociados. Adem\u00e1s, la Cooperativa es parte del Sindicato de Trabajadores Contratistas de Vi\u00f1as y Frutales de Mendoza, con el trabaja en estrecha relaci\u00f3n, tanto en los \u00e1mbitos locales como provinciales y nacionales.<\/p>\n\n\n\n<div style=\"height:20px\" aria-hidden=\"true\" class=\"wp-block-spacer\"><\/div>\n\n\n\n<div class=\"wp-block-image\"><figure class=\"aligncenter size-large is-resized\"><img loading=\"lazy\" decoding=\"async\" src=\"https:\/\/enolife.com.ar\/es\/wp-content\/uploads\/2020\/11\/96d685fb-2f1d-4db4-9c7c-351537dbdc7a.jpg\" alt=\"\" class=\"wp-image-23562\" width=\"504\" height=\"335\" srcset=\"https:\/\/enolife.com.ar\/es\/wp-content\/uploads\/2020\/11\/96d685fb-2f1d-4db4-9c7c-351537dbdc7a.jpg 1024w, https:\/\/enolife.com.ar\/es\/wp-content\/uploads\/2020\/11\/96d685fb-2f1d-4db4-9c7c-351537dbdc7a-300x200.jpg 300w, https:\/\/enolife.com.ar\/es\/wp-content\/uploads\/2020\/11\/96d685fb-2f1d-4db4-9c7c-351537dbdc7a-768x512.jpg 768w, https:\/\/enolife.com.ar\/es\/wp-content\/uploads\/2020\/11\/96d685fb-2f1d-4db4-9c7c-351537dbdc7a-585x390.jpg 585w\" sizes=\"auto, (max-width: 504px) 100vw, 504px\" \/><figcaption><em>Gabriela Olea, presidenta de la Cooperativa Cotraavi, orgullosa con su vino.<\/em><\/figcaption><\/figure><\/div>\n\n\n\n<div style=\"height:20px\" aria-hidden=\"true\" class=\"wp-block-spacer\"><\/div>\n\n\n\n<p>La Cooperativa funciona como soporte en los aspectos productivos, de emprendimientos, de capacitaci\u00f3n y fortalecimiento econ\u00f3mico para las familias de los contratistas, aspectos que son complementarios a la funci\u00f3n laboral gremial que desempe\u00f1a el Sindicato.<\/p>\n\n\n\n<p>En ese marco, desde hace 6 a\u00f1os se empez\u00f3 a capacitar a los contratistas para que elaboraran vinos caseros, como forma de agregar valor a la parte correspondiente a su porcentaje de producci\u00f3n. En esa primera etapa obtuvieron su matr\u00edcula de elaboradores m\u00e1s de 200 asociados en toda la provincia. Tras esa instancia de aprendizaje, varios de esos elaboradores continuaron por sus propios medios, sosteniendo esa actividad como forma de ingreso complementario. <\/p>\n\n\n\n<p>Con motivo de la venta de su primera producci\u00f3n, el periodista mendocino Edgardo Palet public\u00f3 a trav\u00e9s de su programa Actividad Econ\u00f3mica el siguiente video en 2018: <\/p>\n\n\n\n<div style=\"height:20px\" aria-hidden=\"true\" class=\"wp-block-spacer\"><\/div>\n\n\n\n<figure class=\"wp-block-embed-youtube wp-block-embed is-type-video is-provider-youtube wp-embed-aspect-16-9 wp-has-aspect-ratio\"><div class=\"wp-block-embed__wrapper\">\n<iframe loading=\"lazy\" title=\"VINO &quot;DEL CONTRATISTA&quot; - Primera venta paletizada | COTRAVI | Actividad Econ\u00f3mica (canal 7)\" width=\"1170\" height=\"658\" src=\"https:\/\/www.youtube.com\/embed\/C2HfsQWT_Do?feature=oembed\" frameborder=\"0\" allow=\"accelerometer; autoplay; clipboard-write; encrypted-media; gyroscope; picture-in-picture\" allowfullscreen><\/iframe>\n<\/div><\/figure>\n\n\n\n<div style=\"height:20px\" aria-hidden=\"true\" class=\"wp-block-spacer\"><\/div>\n\n\n\n<p>En 2012, la Cooperativa y el Sindicato adquirieron una bodega con capacidad de elaboraci\u00f3n de 2.100.000 litros, para producir los vinos propios y sumar el valor agregado. Ahora, a fines de este complicado 2020, los asociados est\u00e1n lanzando su segunda partida de vinos embotellados, con la marca \u00abDel Contratista\u00bb, producido y fraccionado por Bodega No Me Olvides, para ser distribuidos en todo el pa\u00eds con la Red de Comercializaci\u00f3n de Alimentos Cooperativos. <\/p>\n\n\n\n<div style=\"height:20px\" aria-hidden=\"true\" class=\"wp-block-spacer\"><\/div>\n\n\n\n<p class=\"has-background has-very-light-gray-background-color\"><strong>Esta segunda a\u00f1ada que acaba de salir a la venta consta de 20.000 botellas<\/strong>, que ya est\u00e1n disponibles.  Y se puede <strong>encontrar en<\/strong> distintos puntos de la provincia:<br><br><strong>Ciudad de Mendoza:<\/strong> Pasaje Pedro Vargas 523<br><strong>San Mart\u00edn:<\/strong> Calle Aguado 556<br><strong>San Carlos:<\/strong> Calle Huarpes y Tucum\u00e1n (La Consulta)<br><strong>Tupungato: <\/strong>Autoservicio El Arca(Frente al hospital),Calle Las Heras 1077<br><strong>Tunuy\u00e1n: <\/strong>Corral\u00f3n Zoe, calle Juan B. Justo 266<br><strong>San Rafael:<\/strong> Bernardino de Yrigoyen 990<br><br><strong>En todo el pa\u00eds en la tienda virtual de Alimentos Cooperativos: <a href=\"http:\/\/www.alimentoscooperativos.com\">www.alimentoscooperativos.com<\/a><\/strong><\/p>\n\n\n\n<p class=\"has-background has-luminous-vivid-amber-background-color\"><strong>Contacto: tel\u00e9fono +54 9 2622 617302  y  <a href=\"https:\/\/www.facebook.com\/Cooperativa-Cotraavi-111745640613964\">Facebook <\/a>de la Cooperativa.<\/strong><\/p>\n\n\n\n<div style=\"height:52px\" aria-hidden=\"true\" class=\"wp-block-spacer\"><\/div>\n","protected":false},"excerpt":{"rendered":"<p>Los vinos de la cosecha 2020 que elabora la Cooperativa Cotraavi Ltda de San Mart\u00edn&hellip;<\/p>\n","protected":false},"author":3,"featured_media":23560,"comment_status":"open","ping_status":"open","sticky":false,"template":"","format":"standard","meta":{"footnotes":""},"categories":[6],"tags":[],"class_list":["post-23558","post","type-post","status-publish","format-standard","has-post-thumbnail","hentry","category-bodega"],"_links":{"self":[{"href":"https:\/\/enolife.com.ar\/es\/wp-json\/wp\/v2\/posts\/23558","targetHints":{"allow":["GET"]}}],"collection":[{"href":"https:\/\/enolife.com.ar\/es\/wp-json\/wp\/v2\/posts"}],"about":[{"href":"https:\/\/enolife.com.ar\/es\/wp-json\/wp\/v2\/types\/post"}],"author":[{"embeddable":true,"href":"https:\/\/enolife.com.ar\/es\/wp-json\/wp\/v2\/users\/3"}],"replies":[{"embeddable":true,"href":"https:\/\/enolife.com.ar\/es\/wp-json\/wp\/v2\/comments?post=23558"}],"version-history":[{"count":0,"href":"https:\/\/enolife.com.ar\/es\/wp-json\/wp\/v2\/posts\/23558\/revisions"}],"wp:featuredmedia":[{"embeddable":true,"href":"https:\/\/enolife.com.ar\/es\/wp-json\/wp\/v2\/media\/23560"}],"wp:attachment":[{"href":"https:\/\/enolife.com.ar\/es\/wp-json\/wp\/v2\/media?parent=23558"}],"wp:term":[{"taxonomy":"category","embeddable":true,"href":"https:\/\/enolife.com.ar\/es\/wp-json\/wp\/v2\/categories?post=23558"},{"taxonomy":"post_tag","embeddable":true,"href":"https:\/\/enolife.com.ar\/es\/wp-json\/wp\/v2\/tags?post=23558"}],"curies":[{"name":"wp","href":"https:\/\/api.w.org\/{rel}","templated":true}]}}