{"id":23434,"date":"2020-11-17T15:07:43","date_gmt":"2020-11-17T15:07:43","guid":{"rendered":"http:\/\/enolife.com.ar\/es\/?p=23434"},"modified":"2020-11-18T18:19:54","modified_gmt":"2020-11-18T18:19:54","slug":"a-preparar-las-tijeras-de-podar-que-arranca-la-capacitacion-online-para-cosechadores-novatos","status":"publish","type":"post","link":"https:\/\/enolife.com.ar\/es\/a-preparar-las-tijeras-de-podar-que-arranca-la-capacitacion-online-para-cosechadores-novatos\/","title":{"rendered":"\u00a1A preparar las tijeras que arranca la capacitaci\u00f3n online para cosechadores novatos!"},"content":{"rendered":"\n<h4 class=\"wp-block-heading\"><em><strong>Los d\u00edas 18 y 19 de noviembre, como parte del programa \u00abReinventa\u00bb -en el que ya se inscribieron 6.800 candidatos a levantar la producci\u00f3n agr\u00edcola mendocina de noviembre a junio- comienzan las capacitaciones en cosechas de frutales, cultivos hort\u00edcolas y medidas preventivas contra el coronavirus. \u00a1Una original forma de aprender un oficio ancestral y ganarse unos buenos pesos!<\/strong><\/em><\/h4>\n\n\n\n<div style=\"height:27px\" aria-hidden=\"true\" class=\"wp-block-spacer\"><\/div>\n\n\n\n\n\n<div style=\"height:40px\" aria-hidden=\"true\" class=\"wp-block-spacer\"><\/div>\n\n\n\n<p>El gobierno de Mendoza inform\u00f3 que ya est\u00e1 todo listo para poner en marcha las capacitaciones para los cosechadores que se anotaron en el programa Reinventa (Registro de Informaci\u00f3n Nominal para Vendimia y Tareas Agr\u00edcolas (Reinventa). Cabe recordar que la idea que impuls\u00f3 la creaci\u00f3n de este plan fue, por un lado, la dificultad de que lleguen desde otras provincias los trabajadores golondrinas que cada a\u00f1o vienen a trabajar en las fincas mendocinas; y por otro lado, la generaci\u00f3n de un trabajo, ocasional pero rentable, para miles de mendocinos, y m\u00e1s en esta \u00e9poca de dificultades econ\u00f3micas. <\/p>\n\n\n\n<p>Desde el Ministerio de Econom\u00eda informaron que todos aquellos mendocinos que se registraron a trav\u00e9s del programa \u00aborientado a reunir oferta y demanda para dar respuesta a las tareas de cosecha y otras labores agr\u00edcolas\u00bb -seg\u00fan reza la comunicaci\u00f3n de prensa oficial- y que hayan solicitado ser capacitados a trav\u00e9s del formulario de inscripci\u00f3n, podr\u00e1n acceder a los encuentros virtuales especialmente adaptados a tal fin.<\/p>\n\n\n\n<p>\u201cHasta el pasado 9 de noviembre, el programa ya contaba con m\u00e1s de 6.800 inscriptos. De ese total, s\u00f3lo una parte ha solicitado ser capacitados a trav\u00e9s nuestro para comenzar a trabajar\u201d, cont\u00f3 Valentina Navarro Canafoglia, directora de Agricultura de la provincia.<\/p>\n\n\n\n<p>La especialista aclar\u00f3 que todos aquellos que expresaron la necesidad de ser asistidos con los contenidos para realizar los trabajos, podr\u00e1n hacerlo a trav\u00e9s de plataformas virtuales y de manera gratuita. \u201cNo s\u00f3lo podr\u00e1n hacerlo quienes lo expresaron a trav\u00e9s de los formularios de registro. Aquellos que deseen ser capacitados, a pesar de contar con experiencia, tambi\u00e9n podr\u00e1n hacerlo. Lo haremos a trav\u00e9s de diferentes alternativas comunicaciones y de manera simult\u00e1nea\u201d, dijo Navarro.<\/p>\n\n\n\n<p>La funcionaria resalt\u00f3 que los espacios de capacitaci\u00f3n permitir\u00e1n, gracias al aporte de profesionales de Instituto de Desarrollo Rural (IDR), adquirir conocimientos b\u00e1sicos sobre higiene y seguridad; y nociones b\u00e1sicas sobre la cosecha y de cultivos hort\u00edcolas y frutales.<\/p>\n\n\n\n<div style=\"height:20px\" aria-hidden=\"true\" class=\"wp-block-spacer\"><\/div>\n\n\n\n<p class=\"has-medium-font-size\"><strong>\u00abSe busca resguardar la salud de los cosechadores\u00bb<\/strong><\/p>\n\n\n\n<p>Por otro lado, la titular de Agricultura remarc\u00f3 que, en el marco de los encuentros, se podr\u00e1n conocer los detalles del protocolo sanitario vigente para llevar a cabo las tareas: \u201cEs un protocolo que hemos trabajado de manera conjunta con todos los actores vinculados al sector. Todos los puntos fueron consensuados para reducir lo m\u00e1s posible la propagaci\u00f3n del covid-19 y resguardar as\u00ed la salud de las trabajadoras y los trabajadores\u201d.<\/p>\n\n\n\n<p>Consultada sobre c\u00f3mo se podr\u00e1 acceder a las capacitaciones, detall\u00f3: \u201cQuienes se registraron a trav\u00e9s del &#8216;Reinventa&#8217;, nos permitieron acceder al contacto telef\u00f3nico m\u00f3vil a trav\u00e9s del cual estaremos enviando las plataformas por las cu\u00e1les podr\u00e1n capacitarse\u201d.<\/p>\n\n\n\n<p>Por \u00faltimo, la funcionaria aclar\u00f3 que aquellos mendocinos que deseen formar parte de programa de capacitaci\u00f3n, podr\u00e1n hacerlo sin ning\u00fan inconveniente ya que lo encuentros ser\u00e1n transmitidos a trav\u00e9s de varias plataformas virtuales de manera simult\u00e1nea. Dichas v\u00edas de capacitaci\u00f3n ser\u00e1n informadas oportunamente.<\/p>\n\n\n\n<p>Vale destacar que el registro impulsado desde Econom\u00eda de la provincia s\u00f3lo tiene por objetivo reunir a las partes a los efectos de allanar el camino tanto para productores y empresarios interesados en contratar mano de obra como para los potenciales trabajadores.<\/p>\n\n\n\n<p>La relaci\u00f3n laboral que se establezca luego ser\u00e1 un acuerdo entre privados que estar\u00e1 sujeta a las normas y controles propias de la actividad agraria en las que intervienen otros organismos como el Ministerio de Trabajo de la provincia, o de la Naci\u00f3n.<\/p>\n\n\n\n<div style=\"height:20px\" aria-hidden=\"true\" class=\"wp-block-spacer\"><\/div>\n\n\n\n<p class=\"has-background has-luminous-vivid-amber-background-color\"><strong>Para mayor informaci\u00f3n sobre el programa, los interesados deber\u00e1n ingresar al&nbsp;<a href=\"https:\/\/www.mendoza.gov.ar\/economia\/programa-re-i-n-ven-t-a\/\">Registro de Informaci\u00f3n Nominal para Vendimia y Tareas Agr\u00edcolas<\/a><\/strong><\/p>\n\n\n\n<div style=\"height:20px\" aria-hidden=\"true\" class=\"wp-block-spacer\"><\/div>\n\n\n\n<p class=\"has-medium-font-size\"><strong>La agenda de capacitaciones<\/strong><\/p>\n\n\n\n<p class=\"has-background has-very-light-gray-background-color\"><strong>Mi\u00e9rcoles 18\/11<\/strong><\/p>\n\n\n\n<ul class=\"wp-block-list\"><li><strong>11 hs.:&nbsp;<\/strong>Higiene y seguridad &#8211; Cosecha de frutales<\/li><li><strong>15 hs.:&nbsp;<\/strong>Higiene y Seguridad &#8211; Cosecha de cultivos hort\u00edcolas<\/li><\/ul>\n\n\n\n<p class=\"has-background has-very-light-gray-background-color\"><strong>Jueves 19\/11<\/strong><\/p>\n\n\n\n<ul class=\"wp-block-list\"><li><strong>11 hs.:&nbsp;<\/strong>Higiene y seguridad &#8211; Cosecha de cultivos hort\u00edcolas<\/li><li><strong>15 hs.: <\/strong>Higiene y seguridad &#8211; Cosecha de frutales<\/li><\/ul>\n\n\n\n<div style=\"height:23px\" aria-hidden=\"true\" class=\"wp-block-spacer\"><\/div>\n\n\n\n<p class=\"has-small-font-size\"><em><strong>Fuente: Gobierno de Mendoza<\/strong><\/em><\/p>\n","protected":false},"excerpt":{"rendered":"<p>Los d\u00edas 18 y 19 de noviembre, como parte del programa \u00abReinventa\u00bb -en el que&hellip;<\/p>\n","protected":false},"author":3,"featured_media":23506,"comment_status":"open","ping_status":"open","sticky":false,"template":"","format":"standard","meta":{"footnotes":""},"categories":[14],"tags":[],"class_list":["post-23434","post","type-post","status-publish","format-standard","has-post-thumbnail","hentry","category-news"],"_links":{"self":[{"href":"https:\/\/enolife.com.ar\/es\/wp-json\/wp\/v2\/posts\/23434","targetHints":{"allow":["GET"]}}],"collection":[{"href":"https:\/\/enolife.com.ar\/es\/wp-json\/wp\/v2\/posts"}],"about":[{"href":"https:\/\/enolife.com.ar\/es\/wp-json\/wp\/v2\/types\/post"}],"author":[{"embeddable":true,"href":"https:\/\/enolife.com.ar\/es\/wp-json\/wp\/v2\/users\/3"}],"replies":[{"embeddable":true,"href":"https:\/\/enolife.com.ar\/es\/wp-json\/wp\/v2\/comments?post=23434"}],"version-history":[{"count":0,"href":"https:\/\/enolife.com.ar\/es\/wp-json\/wp\/v2\/posts\/23434\/revisions"}],"wp:featuredmedia":[{"embeddable":true,"href":"https:\/\/enolife.com.ar\/es\/wp-json\/wp\/v2\/media\/23506"}],"wp:attachment":[{"href":"https:\/\/enolife.com.ar\/es\/wp-json\/wp\/v2\/media?parent=23434"}],"wp:term":[{"taxonomy":"category","embeddable":true,"href":"https:\/\/enolife.com.ar\/es\/wp-json\/wp\/v2\/categories?post=23434"},{"taxonomy":"post_tag","embeddable":true,"href":"https:\/\/enolife.com.ar\/es\/wp-json\/wp\/v2\/tags?post=23434"}],"curies":[{"name":"wp","href":"https:\/\/api.w.org\/{rel}","templated":true}]}}