{"id":23338,"date":"2020-11-16T04:15:51","date_gmt":"2020-11-16T04:15:51","guid":{"rendered":"http:\/\/enolife.com.ar\/es\/?p=23338"},"modified":"2020-11-17T15:08:28","modified_gmt":"2020-11-17T15:08:28","slug":"la-avm-llega-a-1000-familias-vinateras-con-kits-de-semillas-para-que-cultiven-sus-propias-huertas","status":"publish","type":"post","link":"https:\/\/enolife.com.ar\/es\/la-avm-llega-a-1000-familias-vinateras-con-kits-de-semillas-para-que-cultiven-sus-propias-huertas\/","title":{"rendered":"La AVM llega a 1.000 familias vi\u00f1ateras con kits de semillas para que cultiven sus propias huertas"},"content":{"rendered":"\n<h4 class=\"wp-block-heading\"><em><strong>Con el objetivo de contribuir a la alimentaci\u00f3n saludable y colaborar con la econom\u00eda de las familias del campo en tiempos de pandemia, la Asociaci\u00f3n de Vi\u00f1ateros de Mendoza (AVM) lanza la campa\u00f1a \u00abMi Huerta\u00bb, dirigida a productores y trabajadores rurales vit\u00edcolas de los diferentes oasis de nuestra provincia. La AVM entregar\u00e1 gratuitamente kits de semillas hort\u00edcolas a 1.000 vi\u00f1ateros, para que puedan disponer de verduras y frutas durante toda esta temporada primavera-verano. <\/strong><\/em><\/h4>\n\n\n\n<div style=\"height:20px\" aria-hidden=\"true\" class=\"wp-block-spacer\"><\/div>\n\n\n\n\n\n<div style=\"height:49px\" aria-hidden=\"true\" class=\"wp-block-spacer\"><\/div>\n\n\n\n<p>En estos d\u00edas, la AVM comenzar\u00e1 con el trabajo territorial de distribuci\u00f3n de un pack que consta de una bolsa con semillas y un calendario de siembra de temporada primavera-verano. Acelga, albahaca, mel\u00f3n, lechuga, tomate, perejil, zanahoria y zapallo son las especies elegidas, con las indicaciones de las distancias necesarias para plantar y la cantidad de d\u00edas aproximados para la cosecha.<\/p>\n\n\n\n<div style=\"height:20px\" aria-hidden=\"true\" class=\"wp-block-spacer\"><\/div>\n\n\n\n<div class=\"wp-block-image\"><figure class=\"aligncenter\"><img decoding=\"async\" src=\"https:\/\/scontent.fmdz5-1.fna.fbcdn.net\/v\/t1.0-0\/p526x296\/125371765_3792181104126897_2656207215521961542_o.jpg?_nc_cat=103&amp;ccb=2&amp;_nc_sid=730e14&amp;_nc_ohc=kJvBN-8WFVMAX9HYPBa&amp;_nc_ht=scontent.fmdz5-1.fna&amp;tp=6&amp;oh=9f93491d412384579756c77c642e561e&amp;oe=5FD34E92\" alt=\"No hay ninguna descripci\u00f3n de la foto disponible.\"\/><\/figure><\/div>\n\n\n\n<div style=\"height:20px\" aria-hidden=\"true\" class=\"wp-block-spacer\"><\/div>\n\n\n\n<p>\u201cEn varias reuniones manifestamos el deseo de ayudar a los productores y su personal. Todo en el marco de una pandemia mundial y en un contexto de aislamiento que incremento las ya dif\u00edciles situaciones que transitamos los productores. Esta idea surge del di\u00e1logo con nuestros consejeros de los distintos oasis quienes sostuvieron que, con esta campa\u00f1a, entregamos un apoyo institucional y que junto al trabajo de las familias y la esperanza que siempre nos caracteriza a los que labramos la tierra, podamos atemperar la situaci\u00f3n econ\u00f3mica reinante\u201d, asegur\u00f3 Eduardo C\u00f3rdoba, presidente de la Asociaci\u00f3n de Vi\u00f1ateros de Mendoza.<\/p>\n\n\n\n<p>Paralelamente se realiza el llenado de un formulario online que contiene informaci\u00f3n relevante para proseguir con nuevos programas y servir de nexo en materia de informaci\u00f3n y asesoramiento,  en este sentido la AVM posee profesionales que asesoran de manera gratuita en materia fiscal, legal y t\u00e9cnica agraria. <\/p>\n\n\n\n<div style=\"height:20px\" aria-hidden=\"true\" class=\"wp-block-spacer\"><\/div>\n\n\n\n<p class=\"has-small-font-size\"><em><strong>Fuente: Asociaci\u00f3n Vi\u00f1ateros de Mendoza<\/strong><\/em><\/p>\n\n\n\n<div style=\"height:22px\" aria-hidden=\"true\" class=\"wp-block-spacer\"><\/div>\n","protected":false},"excerpt":{"rendered":"<p>Con el objetivo de contribuir a la alimentaci\u00f3n saludable y colaborar con la econom\u00eda de&hellip;<\/p>\n","protected":false},"author":3,"featured_media":23425,"comment_status":"open","ping_status":"open","sticky":false,"template":"","format":"standard","meta":{"footnotes":""},"categories":[5],"tags":[],"class_list":["post-23338","post","type-post","status-publish","format-standard","has-post-thumbnail","hentry","category-fincas"],"_links":{"self":[{"href":"https:\/\/enolife.com.ar\/es\/wp-json\/wp\/v2\/posts\/23338","targetHints":{"allow":["GET"]}}],"collection":[{"href":"https:\/\/enolife.com.ar\/es\/wp-json\/wp\/v2\/posts"}],"about":[{"href":"https:\/\/enolife.com.ar\/es\/wp-json\/wp\/v2\/types\/post"}],"author":[{"embeddable":true,"href":"https:\/\/enolife.com.ar\/es\/wp-json\/wp\/v2\/users\/3"}],"replies":[{"embeddable":true,"href":"https:\/\/enolife.com.ar\/es\/wp-json\/wp\/v2\/comments?post=23338"}],"version-history":[{"count":0,"href":"https:\/\/enolife.com.ar\/es\/wp-json\/wp\/v2\/posts\/23338\/revisions"}],"wp:featuredmedia":[{"embeddable":true,"href":"https:\/\/enolife.com.ar\/es\/wp-json\/wp\/v2\/media\/23425"}],"wp:attachment":[{"href":"https:\/\/enolife.com.ar\/es\/wp-json\/wp\/v2\/media?parent=23338"}],"wp:term":[{"taxonomy":"category","embeddable":true,"href":"https:\/\/enolife.com.ar\/es\/wp-json\/wp\/v2\/categories?post=23338"},{"taxonomy":"post_tag","embeddable":true,"href":"https:\/\/enolife.com.ar\/es\/wp-json\/wp\/v2\/tags?post=23338"}],"curies":[{"name":"wp","href":"https:\/\/api.w.org\/{rel}","templated":true}]}}