{"id":23010,"date":"2020-11-06T18:19:20","date_gmt":"2020-11-06T18:19:20","guid":{"rendered":"http:\/\/enolife.com.ar\/es\/?p=23010"},"modified":"2020-11-13T13:50:15","modified_gmt":"2020-11-13T13:50:15","slug":"acovi-pide-redireccionar-portezuelo-del-viento-y-apurar-el-trasvase-de-aguas-del-grande-al-atuel","status":"publish","type":"post","link":"https:\/\/enolife.com.ar\/es\/acovi-pide-redireccionar-portezuelo-del-viento-y-apurar-el-trasvase-de-aguas-del-grande-al-atuel\/","title":{"rendered":"Acovi pide \u00abredireccionar\u00bb Portezuelo del Viento y apurar el trasvase de aguas del Grande al Atuel"},"content":{"rendered":"\n<h4 class=\"wp-block-heading\"><em><strong>La Asociaci\u00f3n de Cooperativas Vitivin\u00edcolas (Acovi) emiti\u00f3 un comunicado hoy 6\/11, solicitando al gobierno de Mendoza que \u00abredireccione el proceso licitatorio de la Presa Portezuelo del Viento\u00bb, para encarar, en cambio, la denominada Propuesta variante, \u00abconsistente en construir un represa Portezuelo de menor tama\u00f1o pero con la misma capacidad de generaci\u00f3n el\u00e9ctrica y, de manera simult\u00e1nea, encarar la Presa la Estrechura y el t\u00fanel para trasvasar el agua mendocina del R\u00edo Grande al R\u00edo Salado, y por \u00e9ste, a la cuenca del Atuel\u00bb. A continuaci\u00f3n, el comunicado textual.<\/strong><\/em><\/h4>\n\n\n\n<div style=\"height:24px\" aria-hidden=\"true\" class=\"wp-block-spacer\"><\/div>\n\n\n\n<p>\u00abAcovi frente a la preocupaci\u00f3n manifestada por nuestras cooperativas vitivin\u00edcolas asociadas del sur provincial, queremos expresar la necesidad imperiosa de realizar la obra de trasvase de aguas del R\u00edo Grande al Atuel, redireccionando las acciones del proceso licitatorio de la Presa Portezuelo del Viento en marcha.<\/p>\n\n\n\n<p>\u00abConsideramos que es una necesidad estrat\u00e9gica garantizar la sustentabilidad de los oasis agroindustriales del sur de la Provincia, pero no en el futuro, sino ahora, pues la amenaza cierta se le presenta a nuestra generaci\u00f3n.<\/p>\n\n\n\n<p>\u00abEl superior inter\u00e9s p\u00fablico de la Provincia exige reevaluar las obras de Portezuelo del Viento por razones sobrevinientes a los acuerdos iniciales que se suscribieron con la Naci\u00f3n, pues con posterioridad a tales acuerdos se han verificado catorce (14) a\u00f1os de severa restricci\u00f3n h\u00eddrica en los oasis del Sur (Los R\u00edos Diamante y Atuel actualmente cuentan con tan solo el 60<br>% de los caudales hist\u00f3ricos) y por otro lado se agudiza al extremo la situaci\u00f3n cuando se ha condenado a Mendoza a entregar 3,2 m3 del r\u00edo Atuel a la Provincia de La Pampa. Tales razones trascendentes, si bien no pudieron ser tenidas en cuenta en su momento, si corresponde evaluarlas para tomar una decisi\u00f3n de la cual no se desprendan da\u00f1os ciertos al<br>desarrollo sustentable del sur.<\/p>\n\n\n\n<p>\u00abCabe destacar que en el mismo informe de Consultora que contrat\u00f3 la Provincia para el Proyecto Ejecutivo que actualmente se ha licitado, se advierte que tambi\u00e9n se inform\u00f3 que, con similares recursos, se puede encarar la denominada \u00abPropuesta variante\u00bb, la cual consiste en construir la Presa de Portezuelo del Viento de menor tama\u00f1o y con la misma<br>capacidad de generaci\u00f3n el\u00e9ctrica, y de manera simult\u00e1nea encarar la Presa la Estrechura y el t\u00fanel para trasvasar el agua mendocina del R\u00edo Grande al R\u00edo Salado, y por \u00e9ste, a la cuenca del Atuel.<\/p>\n\n\n\n<p>\u00abTales obras se desarrollan \u00edntegramente en el Departamento de Malarg\u00fce y permiten aprovechar m\u00e1s las posibilidades de generar energ\u00eda e incorporar tierras \u00fatiles, tanto en Malarg\u00fce como en General Alvear y en San Rafael, haciendo sustentable el desarrollo del sur mendocino en su \u00e1mbito productivo, econ\u00f3mico, ambiental y social en el marco de la severa restricci\u00f3n h\u00eddrica que sufre y se agrave cada vez m\u00e1s.<\/p>\n\n\n\n<p>\u00abEn el marco de la severa restricci\u00f3n h\u00eddrica, sin el trasvase, Mendoza no aprovecha su agua para consumo, lo cual, conlleva grav\u00edsima inseguridad jur\u00eddica de los regantes que se ver\u00e1n impedidos de poder contar con la dotaci\u00f3n normal de agua de sus concesiones y con ello, cundir\u00e1 el des\u00e1nimo, y la migraci\u00f3n, en especial de los j\u00f3venes, ser\u00e1<br>paulatinamente inexorable.<\/p>\n\n\n\n<p>\u00abCreemos que la decisi\u00f3n pol\u00edtica de rango estrat\u00e9gico para la Provincia, debe ser tomada de forma urgente a los fines de poder hacer lo m\u00e1s eficiente el gasto y la inversi\u00f3n, pues lo que est\u00e1 en juego no solo excede al gobierno de turno, sino que signa la suerte del desarrollo de las generaciones futuras en el sur.<\/p>\n\n\n\n<p>\u00abNo olvidemos que los recursos son el producto de la indemnizaci\u00f3n derivados de una demanda resuelta favorablemente a favor de Mendoza, la cual estuvo relacionada con los da\u00f1os que provocara el r\u00e9gimen impositivo de promoci\u00f3n industrial, en particular los ocasionados en el sur de la Provincia, lugar desde donde se protagonizaron los reclamos a la<br>Naci\u00f3n en virtud de los cuales \u00e9sta asumi\u00f3 el compromiso de emitir Letras intransferibles con destino a la Provincia de Mendoza para el Proyecto Integral del Trasvase.<\/p>\n\n\n\n<p>\u00abAcovi expresa que las obras de trasvase no podr\u00e1n demorarse m\u00e1s, pues a medida que pasa el tiempo, el conflicto con La Pampa se agrava, pues los usos consuntivos que se realicen en La Pampa y Buenos Aires, si Mendoza no usa su cupo del R\u00edo Grande, muy probablemente corre el riesgo en un futuro de perder tales caudales por no realizar un uso consuntivo cierto<br>del mismo, tal como as\u00ed lo sostuviera la misma Provincia de Mendoza en el conflicto con La Pampa resuelto en 1987 por la Suprema Corte de Justicia de la Naci\u00f3n.<\/p>\n\n\n\n<p>\u00abPor ello es que solicitamos se comience con los tr\u00e1mites necesarios para incorporar efectivamente las obras del trasvase del R\u00edo Grande al Atuel por la denominada cuenca alta, por cuanto: se incrementa la generaci\u00f3n de energ\u00eda el\u00e9ctrica; se incrementa la superficie cultivada en los departamentos del sur de Mendoza; se mitiga la severa restricci\u00f3n h\u00eddrica; se garantiza la seguridad jur\u00eddica de las concesiones de agua para riego<br>agr\u00edcola; se afianza la posibilidades de un acuerdo con la Provincia de La Pampa, y se garantiza la continuidad y desarrollo econ\u00f3mico y social de los departamentos sure\u00f1os.<\/p>\n\n\n\n<p>\u00abEs un hist\u00f3rico reclamo expresado desde nuestra entidad en reiterados documentos presentados a ministros, superintendentes, y que recientemente, se encontraba incluido en un conjunto de propuestas para el desarrollo vitivin\u00edcola entregado a los candidatos a gobernador de las \u00faltimas elecciones\u00bb.<\/p>\n","protected":false},"excerpt":{"rendered":"<p>La Asociaci\u00f3n de Cooperativas Vitivin\u00edcolas (Acovi) emiti\u00f3 un comunicado hoy 6\/11, solicitando al gobierno de&hellip;<\/p>\n","protected":false},"author":3,"featured_media":23017,"comment_status":"open","ping_status":"open","sticky":false,"template":"","format":"standard","meta":{"footnotes":""},"categories":[14],"tags":[],"class_list":["post-23010","post","type-post","status-publish","format-standard","has-post-thumbnail","hentry","category-news"],"_links":{"self":[{"href":"https:\/\/enolife.com.ar\/es\/wp-json\/wp\/v2\/posts\/23010","targetHints":{"allow":["GET"]}}],"collection":[{"href":"https:\/\/enolife.com.ar\/es\/wp-json\/wp\/v2\/posts"}],"about":[{"href":"https:\/\/enolife.com.ar\/es\/wp-json\/wp\/v2\/types\/post"}],"author":[{"embeddable":true,"href":"https:\/\/enolife.com.ar\/es\/wp-json\/wp\/v2\/users\/3"}],"replies":[{"embeddable":true,"href":"https:\/\/enolife.com.ar\/es\/wp-json\/wp\/v2\/comments?post=23010"}],"version-history":[{"count":0,"href":"https:\/\/enolife.com.ar\/es\/wp-json\/wp\/v2\/posts\/23010\/revisions"}],"wp:featuredmedia":[{"embeddable":true,"href":"https:\/\/enolife.com.ar\/es\/wp-json\/wp\/v2\/media\/23017"}],"wp:attachment":[{"href":"https:\/\/enolife.com.ar\/es\/wp-json\/wp\/v2\/media?parent=23010"}],"wp:term":[{"taxonomy":"category","embeddable":true,"href":"https:\/\/enolife.com.ar\/es\/wp-json\/wp\/v2\/categories?post=23010"},{"taxonomy":"post_tag","embeddable":true,"href":"https:\/\/enolife.com.ar\/es\/wp-json\/wp\/v2\/tags?post=23010"}],"curies":[{"name":"wp","href":"https:\/\/api.w.org\/{rel}","templated":true}]}}