{"id":22919,"date":"2020-11-06T18:19:03","date_gmt":"2020-11-06T18:19:03","guid":{"rendered":"http:\/\/enolife.com.ar\/es\/?p=22919"},"modified":"2020-11-10T19:24:04","modified_gmt":"2020-11-10T19:24:04","slug":"la-jubilacion-a-los-57-y-los-12-salarios-al-ano-para-los-contratistas-de-vina-camino-a-ser-ley","status":"publish","type":"post","link":"https:\/\/enolife.com.ar\/es\/la-jubilacion-a-los-57-y-los-12-salarios-al-ano-para-los-contratistas-de-vina-camino-a-ser-ley\/","title":{"rendered":"La jubilaci\u00f3n a los 57 y los 12 salarios al a\u00f1o para los  contratistas de vi\u00f1a, camino a ser ley"},"content":{"rendered":"\n<h4 class=\"wp-block-heading\"><em><strong>Un antiguo reclamo del Sindicato \u00danico de Trabajadores Contratistas de Vi\u00f1as y Frutales de Mendoza lleg\u00f3 al Congreso de la Naci\u00f3n de la mano de la senadora nacional por Mendoza Anabel Fern\u00e1ndez Sagasti (PJ), quien lo transform\u00f3 en dos proyectos de ley que ayer 5\/11 fueron aprobados en la C\u00e1mara Alta y pronto pasar\u00e1n a Diputados. La propuesta de modificaci\u00f3n del actual Estatuto que rige tanto a contratistas (unos 3.500 en el pa\u00eds) como a obreros de vi\u00f1as (alrededor de 25.000 registrados) consiste en equiparar los derechos de estos trabajadores con el resto de los trabajadores agrarios del pa\u00eds, para que tambi\u00e9n tengan la opci\u00f3n de hacer su retiro jubilatorio a los 57 a\u00f1os y puedan cobrar su remuneraci\u00f3n y sus comisiones por productividad divididas en los 12 meses del a\u00f1o, en lugar de las 10 que cobran actualmente.<\/strong><\/em><\/h4>\n\n\n\n<div style=\"height:20px\" aria-hidden=\"true\" class=\"wp-block-spacer\"><\/div>\n\n\n\n<p>El texto del proyecto de ley propone tambi\u00e9n que si el trabajador hubiera desarrollado de manera alternada tareas propias de la actividad vitivin\u00edcola y otras, se efect\u00fae un prorrateo en funci\u00f3n de los l\u00edmites de edad y servicios requeridos para cada actividad.<\/p>\n\n\n\n<div style=\"height:20px\" aria-hidden=\"true\" class=\"wp-block-spacer\"><\/div>\n\n\n\n<div class=\"wp-block-image\"><figure class=\"aligncenter size-large is-resized\"><img loading=\"lazy\" decoding=\"async\" src=\"https:\/\/enolife.com.ar\/es\/wp-content\/uploads\/2020\/11\/senado.jpg\" alt=\"\" class=\"wp-image-23026\" width=\"517\" height=\"289\" srcset=\"https:\/\/enolife.com.ar\/es\/wp-content\/uploads\/2020\/11\/senado.jpg 668w, https:\/\/enolife.com.ar\/es\/wp-content\/uploads\/2020\/11\/senado-300x168.jpg 300w, https:\/\/enolife.com.ar\/es\/wp-content\/uploads\/2020\/11\/senado-585x328.jpg 585w\" sizes=\"auto, (max-width: 517px) 100vw, 517px\" \/><\/figure><\/div>\n\n\n\n<div style=\"height:20px\" aria-hidden=\"true\" class=\"wp-block-spacer\"><\/div>\n\n\n\n<p>Por otra parte, establece que la remuneraci\u00f3n m\u00ednima por hect\u00e1rea y por a\u00f1o definida por la comisi\u00f3n paritaria se abonar\u00e1 distribuyendo el importe en 12 pagos (no en 10, como es actualmente), con sus correspondientes aportes previsionales y beneficios. \u201cHay dos meses en el a\u00f1o -marzo y abril- EN que el contratista de vi\u00f1a no recibe mensualidad, no se le hacen aportes jubilatorios y carece de obra social\u201d, detall\u00f3 la senadora nacional por Mendoza <strong>Anabel Fern\u00e1ndez Sagasti<\/strong> (PJ).<\/p>\n\n\n\n<div style=\"height:20px\" aria-hidden=\"true\" class=\"wp-block-spacer\"><\/div>\n\n\n\n<div class=\"wp-block-image\"><figure class=\"alignleft size-large is-resized\"><img loading=\"lazy\" decoding=\"async\" src=\"https:\/\/enolife.com.ar\/es\/wp-content\/uploads\/2020\/11\/anabel-fernandez-sagasti-sesion-5-noviembre-2020.jpeg\" alt=\"\" class=\"wp-image-23033\" width=\"143\" height=\"133\" srcset=\"https:\/\/enolife.com.ar\/es\/wp-content\/uploads\/2020\/11\/anabel-fernandez-sagasti-sesion-5-noviembre-2020.jpeg 631w, https:\/\/enolife.com.ar\/es\/wp-content\/uploads\/2020\/11\/anabel-fernandez-sagasti-sesion-5-noviembre-2020-300x280.jpeg 300w, https:\/\/enolife.com.ar\/es\/wp-content\/uploads\/2020\/11\/anabel-fernandez-sagasti-sesion-5-noviembre-2020-585x546.jpeg 585w\" sizes=\"auto, (max-width: 143px) 100vw, 143px\" \/><figcaption><strong>Anabel Fern\u00e1ndez Sagasti<\/strong><\/figcaption><\/figure><\/div>\n\n\n\n<blockquote class=\"wp-block-quote is-layout-flow wp-block-quote-is-layout-flow\"><p>En marzo y abril, los contratistas de vi\u00f1a no reciben mensualidad, no se les hacen aportes jubilatorios y no tienen obra social\u00bb. <\/p><cite>Anabel Fern\u00e1ndez Sagasti (PJ), senadora nacional por Mendoza, autora de los proyectos<\/cite><\/blockquote>\n\n\n\n<div style=\"height:20px\" aria-hidden=\"true\" class=\"wp-block-spacer\"><\/div>\n\n\n\n<p>La legisladora asegur\u00f3 que las c\u00e1maras empresariales que integran la paritaria est\u00e1n totalmente de acuerdo con el planteo del Sindicato de Contratistas de Vi\u00f1a, que desde hace a\u00f1os est\u00e1 intentando modificar la ley (n\u00b0 20.539) para revertir esta situaci\u00f3n. Cabe se\u00f1alar que, seg\u00fan diversas fuentes coincidentes, en el pa\u00eds hay unos 25.000 obreros de vi\u00f1a y unos 3.500 contratistas de vi\u00f1a. En ese \u00faltimo caso, el n\u00famero de personas involucradas es 4 o m\u00e1s veces mayor, ya que el contratista trabaja en la vi\u00f1a junto a su familia completa.<\/p>\n\n\n\n<p>Sagasti indic\u00f3 sus proyectos sintetizan \u201cmuchos a\u00f1os de lucha y de reclamos de los contratistas de vi\u00f1as\u201d, quienes est\u00e1n inmersos en una \u201cfigura laboral at\u00edpica, ya que son una especie de empleado y a la vez socio del due\u00f1o de la finca\u201d, presentes sobre todo en las provincias con industria vitivin\u00edcola.  <\/p>\n\n\n\n<div style=\"height:37px\" aria-hidden=\"true\" class=\"wp-block-spacer\"><\/div>\n\n\n\n<figure class=\"wp-block-video aligncenter\"><video controls src=\"https:\/\/enolife.com.ar\/es\/wp-content\/uploads\/2020\/11\/contrat-1.mp4\"><\/video><figcaption><strong>Testimonios de contratistas<\/strong><\/figcaption><\/figure>\n\n\n\n<div style=\"height:20px\" aria-hidden=\"true\" class=\"wp-block-spacer\"><\/div>\n\n\n\n<p>\u201cLo que hacemos es equiparar los beneficios de los trabajadores agrarios a los contratistas y trabajadores de vi\u00f1a. Porque tambi\u00e9n trabajan en zonas \u00e1ridas, de sol a sol, en todas las condiciones clim\u00e1ticas, durante todo el a\u00f1o, entonces no hay fundamento justo que los excluya de los derechos laborales de acceder a una jubilaci\u00f3n anticipada igual que cualquier trabajador agrario\u201d, sostuvo Fern\u00e1ndez Sagasti.<\/p>\n\n\n\n<p>La legisladora indic\u00f3 que el 15% de lo que perciben los contratistas como beneficio por porcentaje de la cosecha era entendido como sost\u00e9n para el per\u00edodo sin ingresos, pero que \u00absin embargo la realidad de lo que pasa en la industria vitivin\u00edcola, y en varias otras varias relacionadas, es que los productos perecederos son entregados a los elaboradores sin precio, y sin posibilidad de negociar las condiciones del pago\u201d.<\/p>\n\n\n\n<p>Tras la aprobaci\u00f3n de los proyectos de Sagasti en Senadores, el secretario general del Sindicato \u00danico de Trabajadores Contratistas de Vi\u00f1as y Frutales de Mendoza, Edgardo Lera se mostr\u00f3 satisfecho y manifest\u00f3: \u00abPara nosotros esto es algo hist\u00f3rico, hace muchos a\u00f1os que venimos pidiendo por estas dos cosas, primero las 12 mensualidades y la jubilaci\u00f3n anticipada a los 57 a\u00f1os\u00bb.<\/p>\n\n\n\n<p>El propio Lera fue contratista de vi\u00f1a hasta el a\u00f1o 2010, cuando comenz\u00f3 a involucrarse en la actividad gremial. Dos a\u00f1os despu\u00e9s pas\u00f3 a integrar la Comisi\u00f3n Directiva del Sindicato y desde 2015 es el secretario general del gremio.<\/p>\n\n\n\n<div style=\"height:20px\" aria-hidden=\"true\" class=\"wp-block-spacer\"><\/div>\n\n\n\n<div class=\"wp-block-image\"><figure class=\"alignleft size-large is-resized\"><img loading=\"lazy\" decoding=\"async\" src=\"https:\/\/enolife.com.ar\/es\/wp-content\/uploads\/2020\/11\/pp-1.jpg\" alt=\"\" class=\"wp-image-22957\" width=\"170\" height=\"170\" srcset=\"https:\/\/enolife.com.ar\/es\/wp-content\/uploads\/2020\/11\/pp-1.jpg 640w, https:\/\/enolife.com.ar\/es\/wp-content\/uploads\/2020\/11\/pp-1-300x300.jpg 300w, https:\/\/enolife.com.ar\/es\/wp-content\/uploads\/2020\/11\/pp-1-150x150.jpg 150w, https:\/\/enolife.com.ar\/es\/wp-content\/uploads\/2020\/11\/pp-1-585x585.jpg 585w\" sizes=\"auto, (max-width: 170px) 100vw, 170px\" \/><figcaption><strong>Edgardo Lera<\/strong><\/figcaption><\/figure><\/div>\n\n\n\n<blockquote class=\"wp-block-quote is-layout-flow wp-block-quote-is-layout-flow\"><p>Siempre les dijimos a los trabajadores y trabajadoras que est\u00e1bamos comprometidos en esta lucha, no era una promesa, s\u00ed un compromiso, y hoy estamos muy emocionados y agradecidos\u00bb.<\/p><cite>Edgardo Lera, secretario general del Sindicato de Contratistas de Vi\u00f1as y Frutales<\/cite><\/blockquote>\n\n\n\n<div style=\"height:20px\" aria-hidden=\"true\" class=\"wp-block-spacer\"><\/div>\n\n\n\n<p>\u00abHan sido a\u00f1os de lucha y de mucho esfuerzo,  hemos recorrido la provincia, visitando fincas, galpones, reuni\u00e9ndonos con contratistas en plazas, en las casas, en los clubes deportivos, las uniones vecinales&#8230; Siempre les dec\u00edamos a todos los trabajadores y trabajadoras de la provincia que nosotros nos compromet\u00edamos a luchar por esto, no era una promesa, s\u00ed un compromiso, y la verdad es que es una alegr\u00eda grande, estamos muy emocionados y agradecidos a la senadora Anabel Fern\u00e1ndez Sagasti\u00bb, concluy\u00f3 Lera.<\/p>\n\n\n\n<div style=\"height:20px\" aria-hidden=\"true\" class=\"wp-block-spacer\"><\/div>\n\n\n\n<p class=\"has-medium-font-size\"><strong>La parte paritaria privada aprueba el proyecto pero pide mayor debate<\/strong><\/p>\n\n\n\n<p>Por su parte, <strong>Mauro Sosa, presidente del Centro de Vi\u00f1ateros y Bodegueros del Este<\/strong>, expres\u00f3: \u00abDesde el principio, desde hace a\u00f1os, hemos acompa\u00f1ado y hemos impulsado la jubilaci\u00f3n anticipada a los 57 a\u00f1os tanto para los convenios de obreros de vi\u00f1a como para contratistas de vi\u00f1as y frutales. Nosotros, desde las entidades privadas paritarias, como el Centro de Vi\u00f1ateros y Bodegueros del Este y Bodegas de Argentina, iniciamos el tratamiento de este tema ya en el a\u00f1o 2005. Y hasta el a\u00f1o pasado estuvimos insistiendo para que el obrero de vi\u00f1a se jubilara con 57 a\u00f1os, d\u00e1ndole un regimen especial. Nuestra postura en este punto es totalmente a favor\u00bb.<\/p>\n\n\n\n<p>Con respecto al tema del pasaje de los 10 meses de remuneraci\u00f3n a los 12 meses propuestos en el proyecto de Sagasti, Sosa realiz\u00f3 una serie de aclaraciones: \u00abLos contratistas de vi\u00f1as y frutales tienen una ley especial y espec\u00edfica, y nosotros tambi\u00e9n hemos manifestado nuestra voluntad de acompa\u00f1ar la adecuaci\u00f3n -y este es un t\u00e9rmino central en la discusi\u00f3n, la \u00abadecuaci\u00f3n\u00bb- de las 10 mensualidades que tiene el contratista para que cumpla con los 12 meses que establece la legislaci\u00f3n en relaci\u00f3n al tema jubilaci\u00f3n. Nosotros no estamos a favor de aumentar dos mensualidades m\u00e1s, porque eso nunca lo planteamos en la paritaria con el resto de las entidades ni con el Sindicato, est\u00e1bamos hablando de anticipar la jubilaci\u00f3n a los 57 a\u00f1os y buscar la adecuaci\u00f3n de esa mensualidad m\u00ednima que cobra el contratista como parte de su remuneraci\u00f3n, porque la parte m\u00e1s importante viene de la participaci\u00f3n en el porcentaje de la producci\u00f3n anual\u00bb.<\/p>\n\n\n\n<div style=\"height:20px\" aria-hidden=\"true\" class=\"wp-block-spacer\"><\/div>\n\n\n\n<div class=\"wp-block-image\"><figure class=\"alignleft size-large is-resized\"><img loading=\"lazy\" decoding=\"async\" src=\"https:\/\/enolife.com.ar\/es\/wp-content\/uploads\/2020\/11\/image-7.png\" alt=\"\" class=\"wp-image-23030\" width=\"150\" height=\"137\" srcset=\"https:\/\/enolife.com.ar\/es\/wp-content\/uploads\/2020\/11\/image-7.png 493w, https:\/\/enolife.com.ar\/es\/wp-content\/uploads\/2020\/11\/image-7-300x274.png 300w\" sizes=\"auto, (max-width: 150px) 100vw, 150px\" \/><figcaption><strong>Mauro Sosa<\/strong><\/figcaption><\/figure><\/div>\n\n\n\n<blockquote class=\"wp-block-quote is-layout-flow wp-block-quote-is-layout-flow\"><p>Con el equipo de la legisladora Sagasti hemos quedado que el tema de c\u00f3mo adecuar las 10 mensualidades a las 12 mensualidades propuestas se va a definir en la paritaria\u00bb.<\/p><cite>Mauro Sosa, presidente del Centro de Vi\u00f1ateros y Bodegueros del Este<\/cite><\/blockquote>\n\n\n\n<div style=\"height:20px\" aria-hidden=\"true\" class=\"wp-block-spacer\"><\/div>\n\n\n\n<p>\u00abEste tema es central -remarc\u00f3 Sosa-: c\u00f3mo vamos a adecuar las 10 mensualidades a las 12. Hemos quedado con el equipo de la legisladora Sagasti en que eso se va a definir en la paritaria, es decir c\u00f3mo se acomodan las 10 a las 12 mensualidades. Tambi\u00e9n tenemos que definir cu\u00e1ndo va a entrar en vigencia esta modalidad. Nosotros propusimos que la entrada en vigencia sea a partir del pr\u00f3ximo a\u00f1o agr\u00edcola, porque en estos d\u00edas nos encontramos paritando con los contratistas una actualizaci\u00f3n del salario que determinamos a principios de a\u00f1o&#8230;\u00bb<\/p>\n\n\n\n<p>El dirigente del Centro de Vi\u00f1ateros y Bodegueros del Este redonde\u00f3: \u00abEn definitiva, estamos de acuerdo con el mejoramiento de las condiciones laborales, econ\u00f3micas y previsionales para los obreros y contratistas, pero nos hubiera gustado que quien impuls\u00f3 estos proyectos de ley en el Congreso nos convocara a las partes anticipadamente, porque a nosotros como entidades no nos convocaron para la redacci\u00f3n de la iniciativa, para poder debatir y enriquecer, incluso, las mejores condiciones para el acuerdo\u00bb.<\/p>\n\n\n\n<div style=\"height:20px\" aria-hidden=\"true\" class=\"wp-block-spacer\"><\/div>\n\n\n\n<p class=\"has-medium-font-size\"><strong>Detalle de los proyectos de ley presentados por Fern\u00e1ndez Sagasti<\/strong><\/p>\n\n\n\n<p class=\"has-background has-very-light-gray-background-color\"><strong>R\u00e9gimen previsional especial para obreros\/as y empleados\/as de vi\u00f1as y para contratistas de vi\u00f1as.<\/strong><\/p>\n\n\n\n<ol class=\"wp-block-list\"><li>Tendr\u00e1n derecho a acceder a la&nbsp;jubilaci\u00f3n ordinaria con un m\u00ednimo 57 a\u00f1os de edad, sin distinci\u00f3n de g\u00e9nero, siempre que acrediten 25 a\u00f1os de servicios, con aportes.<\/li><li>Prev\u00e9 que, si el trabajador hubiere desarrollado de manera alternada tareas propias de la actividad vitivin\u00edcola y otras de cualquier naturaleza, se efectuar\u00e1 un prorrateo en funci\u00f3n de los l\u00edmites de edad y de servicios requeridos para cada actividad.<\/li><li>La contribuci\u00f3n patronal ser\u00e1 la vigente al r\u00e9gimen com\u00fan, incrementada en dos puntos, en raz\u00f3n del nuevo l\u00edmite de edad previsto por el proyecto para acceder los trabajadores\/as a su jubilaci\u00f3n, para que esto no genere un desfinanciamiento del sistema de seguridad social.<\/li><li>Se fundamenta la creaci\u00f3n de este r\u00e9gimen especial, dada la realidad en que se desarrollan estos tipos de trabajos: zonas \u00e1ridas, al aire libre, pr\u00e1cticamente de sol a sol, soportando las variaciones clim\u00e1ticas y en todas las \u00e9pocas del a\u00f1o.<\/li><li>Se busca beneficiar a m\u00e1s de&nbsp;25.000 obreros y obreras vitivin\u00edcolas,&nbsp;y darle una adecuada cobertura en funci\u00f3n de las caracter\u00edsticas, el modo y el lugar del desempe\u00f1o de su actividad y el esfuerzo\/ desgaste f\u00edsico que demanda al trabajador.<\/li><\/ol>\n\n\n\n<div style=\"height:20px\" aria-hidden=\"true\" class=\"wp-block-spacer\"><\/div>\n\n\n\n<p class=\"has-background has-very-light-gray-background-color\"><strong>Modificaci\u00f3n el estatuto del contratista de vi\u00f1as y frutales, sobre la indemnizaci\u00f3n y la mensualidad.<\/strong><\/p>\n\n\n\n<ol class=\"wp-block-list\"><li>El Trabajador Contratista de Vi\u00f1as y Frutales, seg\u00fan la Ley N\u00ba 20.589, es una figura laboral at\u00edpica, ya que es un trabajador en&nbsp;relaci\u00f3n de dependencia y socio<strong> <\/strong>del Empleador&nbsp;por el porcentaje de la cosecha que percibe.<\/li><li>En los casos en que la rescisi\u00f3n del contrato de vi\u00f1as y frutales se produzca sin causa justificada y antes del vencimiento del a\u00f1o agr\u00edcola, el contratista debe percibir la<strong>&nbsp;<\/strong>indemnizaci\u00f3n por antig\u00fcedad&nbsp;aun cuando no se complete el primer a\u00f1o de trabajo.<\/li><li>El proyecto establece que la remuneraci\u00f3n m\u00ednima por hect\u00e1rea y por a\u00f1o definida por la comisi\u00f3n paritaria se abonar\u00e1 distribuyendo dicho importe en<strong>&nbsp;<\/strong>12 mensualidades iguales y consecutivas.<\/li><li>Corresponde tambi\u00e9n al contratista un&nbsp;porcentaje de la producci\u00f3n, que en ning\u00fan caso puede ser inferior al 15% ni superior al 19%, deducidos los gastos de cosecha, acarreo y todos aquellos comunes y normales en la comercializaci\u00f3n de las uvas y frutas.<\/li><\/ol>\n\n\n\n<div style=\"height:20px\" aria-hidden=\"true\" class=\"wp-block-spacer\"><\/div>\n\n\n\n<p class=\"has-small-font-size\"><em><strong>Fuentes: Parlamentario.com; prensa Anabel Fernandez Sagasti; Sindicato \u00danico de Contratistas de Vi\u00f1as y Frutales de Mendoza y Centro de Vi\u00f1ateros y Bodegueros del Este<\/strong><\/em><\/p>\n","protected":false},"excerpt":{"rendered":"<p>Un antiguo reclamo del Sindicato \u00danico de Trabajadores Contratistas de Vi\u00f1as y Frutales de Mendoza&hellip;<\/p>\n","protected":false},"author":3,"featured_media":22968,"comment_status":"open","ping_status":"open","sticky":false,"template":"","format":"standard","meta":{"footnotes":""},"categories":[14],"tags":[],"class_list":["post-22919","post","type-post","status-publish","format-standard","has-post-thumbnail","hentry","category-news"],"_links":{"self":[{"href":"https:\/\/enolife.com.ar\/es\/wp-json\/wp\/v2\/posts\/22919","targetHints":{"allow":["GET"]}}],"collection":[{"href":"https:\/\/enolife.com.ar\/es\/wp-json\/wp\/v2\/posts"}],"about":[{"href":"https:\/\/enolife.com.ar\/es\/wp-json\/wp\/v2\/types\/post"}],"author":[{"embeddable":true,"href":"https:\/\/enolife.com.ar\/es\/wp-json\/wp\/v2\/users\/3"}],"replies":[{"embeddable":true,"href":"https:\/\/enolife.com.ar\/es\/wp-json\/wp\/v2\/comments?post=22919"}],"version-history":[{"count":0,"href":"https:\/\/enolife.com.ar\/es\/wp-json\/wp\/v2\/posts\/22919\/revisions"}],"wp:featuredmedia":[{"embeddable":true,"href":"https:\/\/enolife.com.ar\/es\/wp-json\/wp\/v2\/media\/22968"}],"wp:attachment":[{"href":"https:\/\/enolife.com.ar\/es\/wp-json\/wp\/v2\/media?parent=22919"}],"wp:term":[{"taxonomy":"category","embeddable":true,"href":"https:\/\/enolife.com.ar\/es\/wp-json\/wp\/v2\/categories?post=22919"},{"taxonomy":"post_tag","embeddable":true,"href":"https:\/\/enolife.com.ar\/es\/wp-json\/wp\/v2\/tags?post=22919"}],"curies":[{"name":"wp","href":"https:\/\/api.w.org\/{rel}","templated":true}]}}