{"id":22742,"date":"2020-11-04T18:14:51","date_gmt":"2020-11-04T18:14:51","guid":{"rendered":"http:\/\/enolife.com.ar\/es\/?p=22742"},"modified":"2020-11-10T01:12:44","modified_gmt":"2020-11-10T01:12:44","slug":"heladas-tardias-se-declaro-el-desastre-agropecuario-y-habra-reintegros-y-quita-de-impuestos","status":"publish","type":"post","link":"https:\/\/enolife.com.ar\/es\/heladas-tardias-se-declaro-el-desastre-agropecuario-y-habra-reintegros-y-quita-de-impuestos\/","title":{"rendered":"Heladas tard\u00edas: se declar\u00f3 el desastre agropecuario y habr\u00e1 reintegros y quita de impuestos"},"content":{"rendered":"\n<h4 class=\"wp-block-heading\"><em><strong>Luego de la helada \u00abnegra\u00bb que afect\u00f3 al campo mendocino a principios de octubre, y de que t\u00e9cnicos del gobierno y otros organismos evaluaran el da\u00f1o en las fincas, el gobernador Rodolfo Su\u00e1rez dict\u00f3 la \u00abEmergencia y Desastre Agropecuaria\u00bb, seg\u00fan los casos.  Los productores afectados inscriptos en Registro Permanente del Uso de la Tierra en Mendoza (RUT) recibir\u00e1n hasta el 40% de devoluci\u00f3n en inversiones de malla antigranizo, quita del 50% en las boletas de agua y moratoria en el pago de cr\u00e9ditos, entre otros beneficios.<\/strong><\/em><\/h4>\n\n\n\n<div style=\"height:29px\" aria-hidden=\"true\" class=\"wp-block-spacer\"><\/div>\n\n\n\n\n\n<div style=\"height:33px\" aria-hidden=\"true\" class=\"wp-block-spacer\"><\/div>\n\n\n\n<p>Seg\u00fan detalla el <strong>art\u00edculo 3\u00b0 de la Ley 9.083 de la Constituci\u00f3n de Mendoza<\/strong>, todas aquellas explotaciones bajo riego que se desarrollen en el territorio mendocino, y que hayan visto severamente afectados sus cultivos a ra\u00edz de accidentes clim\u00e1ticos durante el ciclo agr\u00edcola, ser\u00e1n declaradas en <strong>Emergencia o Desastre Agropecuario<\/strong>.<\/p>\n\n\n\n<p>La diferencia entre ambos t\u00e9rminos (emergencia o desastre) radica en que todos aquellos productores que hayan sufrido y denunciado p\u00e9rdidas significativas de entre el 50% y el 79% en sus cultivos, ser\u00e1n alcanzados por los beneficios enmarcados dentro de la denominada Emergencia Agropecuaria. En tanto, quienes hayan denunciado p\u00e9rdidas del 80% o m\u00e1s, estar\u00e1n enmarcados en lo que la normativa establece como Desastre Agropecuario.<\/p>\n\n\n\n<p>Ante los efectos producidos por las \u00faltimas heladas tard\u00edas en diferentes puntos productivos del territorio provincial, es que el gobernador <strong>Rodolfo Su\u00e1rez<\/strong> y el ministro de Econom\u00eda y Energ\u00eda, <strong>Enrique Vaqui\u00e9<\/strong>, firmaron el decreto 1.323 del d\u00eda 2 de noviembre que establece la declaraci\u00f3n de Emergencia y Desastre Agropecuario recomendado por la Direcci\u00f3n de Contingencias Clim\u00e1ticas, dando lugar as\u00ed a la activaci\u00f3n de numerosos beneficios para productores.<\/p>\n\n\n\n<p>\u201cComo bien detalla la ley, esta medida otorgar\u00e1 importantes beneficios para todos aquellos productores que han sufrido el impacto de las \u00faltimas heladas. Es un fuerte esfuerzo para la provincia en estos momentos, pero es necesario estar junto a los sectores productivos de Mendoza\u201d, coment\u00f3 el titular de Econom\u00eda de la provincia, Enrique Vaqui\u00e9.<\/p>\n\n\n\n<p>Por su parte, la directora de Agricultura de la provincia, <strong>Valentina Navarro Canafoglia,<\/strong> se\u00f1al\u00f3 que estas medidas se suman al acompa\u00f1amiento que se ha venido realizando al productor, y que se contin\u00faan con la disponibilidad de l\u00edneas de financiamiento dise\u00f1adas para el sector agrario.<\/p>\n\n\n\n<div style=\"height:20px\" aria-hidden=\"true\" class=\"wp-block-spacer\"><\/div>\n\n\n\n<blockquote class=\"wp-block-quote is-layout-flow wp-block-quote-is-layout-flow\"><p>Pudimos constatar da\u00f1os en los brotes los cu\u00e1les se encontraban quemados, como as\u00ed tambi\u00e9n hojas bajo las mismas condiciones e inflorescencias a pesar de que las fincas estaban muy bien trabajadas\u201d<\/p><cite>Valentina Navarro Canafoglia, directora de Agricultura de Mendoza<\/cite><\/blockquote>\n\n\n\n<div style=\"height:20px\" aria-hidden=\"true\" class=\"wp-block-spacer\"><\/div>\n\n\n\n<p>Navarro Canafoglia record\u00f3 que a principios de octubre estuvieron visitando las zonas m\u00e1s afectadas, a fin de conocer \u201cde primera mano\u201d los efectos producidos por las heladas tard\u00edas. \u201cPudimos constatar da\u00f1os en los brotes los cu\u00e1les se encontraban quemados, como as\u00ed tambi\u00e9n hojas bajo las mismas condiciones e inflorescencias a pesar de que las fincas estaban muy bien trabajadas\u201d, coment\u00f3.<\/p>\n\n\n\n<p>Seg\u00fan detall\u00f3 la titular de Agricultura, cuando se realizan los trabajos de desmalezamiento, preparaci\u00f3n del suelo mediante la compactaci\u00f3n y regado del mismo, sumado a sistemas activos contra heladas el impacto de estos fen\u00f3menos suele ser m\u00ednimo. Sin embargo, las propiedades recorridas, a pesar de haber implementado estas medidas, sufrieron da\u00f1os de consideraci\u00f3n.<\/p>\n\n\n\n<div style=\"height:20px\" aria-hidden=\"true\" class=\"wp-block-spacer\"><\/div>\n\n\n\n<div class=\"wp-block-image\"><figure class=\"aligncenter size-large\"><img loading=\"lazy\" decoding=\"async\" width=\"485\" height=\"393\" src=\"https:\/\/enolife.com.ar\/es\/wp-content\/uploads\/2020\/11\/campo-700x394-1.jpg\" alt=\"\" class=\"wp-image-22752\" srcset=\"https:\/\/enolife.com.ar\/es\/wp-content\/uploads\/2020\/11\/campo-700x394-1.jpg 485w, https:\/\/enolife.com.ar\/es\/wp-content\/uploads\/2020\/11\/campo-700x394-1-300x243.jpg 300w\" sizes=\"auto, (max-width: 485px) 100vw, 485px\" \/><figcaption><strong>Valentina Navarro Canafoglia recorriendo los vi\u00f1edos da\u00f1ados<\/strong><\/figcaption><\/figure><\/div>\n\n\n\n<div style=\"height:20px\" aria-hidden=\"true\" class=\"wp-block-spacer\"><\/div>\n\n\n\n<p>Por otro lado, Navarro Canafloglia destac\u00f3 que \u201cen el marco del programa de reactivaci\u00f3n econ\u00f3mica Mendoza Activa, existe la posibilidad de acceder a los beneficios del reintegro a trav\u00e9s de ANR del 40% en inversiones en malla antigranizo o sistemas activos contra heladas. Los productores pueden acceder a estos beneficios y, adem\u00e1s, obtener financiamiento a trav\u00e9s del Fondo para la Transformaci\u00f3n y el Crecimiento (FTyC), a tasa subsidiada\u201d.<\/p>\n\n\n\n<div style=\"height:20px\" aria-hidden=\"true\" class=\"wp-block-spacer\"><\/div>\n\n\n\n<p class=\"has-medium-font-size\"><strong>Qu\u00e9 es la Emergencia Agropecuaria<\/strong><\/p>\n\n\n\n<p>Todos aquellos productores inscriptos en el Registro de Uso de Tierra (RUT) que acrediten da\u00f1os en su producci\u00f3n gozar\u00e1n, durante el per\u00edodo que dure el estado de emergencia, de la eximici\u00f3n de la obligaci\u00f3n de pago del impuesto inmobiliario, de los c\u00e1nones de riego (superficial y subterr\u00e1neo) por un valor igual al 50% de la factura correspondiente y de una pr\u00f3rroga de hasta noventa (90) d\u00edas para los vencimientos de cuotas correspondientes a cr\u00e9ditos otorgados por organismos financieros oficiales o mixtos provinciales sin que ello origine recargos, intereses ni actualizaci\u00f3n monetaria.<\/p>\n\n\n\n<p>A su vez, las instituciones financieras oficiales o mixtas locales brindar\u00e1n l\u00edneas de cr\u00e9ditos que permitan lograr la continuidad de las explotaciones, la recuperaci\u00f3n de las econom\u00edas de los productores afectados y el mantenimiento de su personal estable, con tasas de inter\u00e9s bonificadas, a un a\u00f1o de gracia y plazo de pago que no podr\u00e1 ser inferior a los tres a\u00f1os.<\/p>\n\n\n\n<div style=\"height:20px\" aria-hidden=\"true\" class=\"wp-block-spacer\"><\/div>\n\n\n\n<p class=\"has-background has-luminous-vivid-amber-background-color\">En tanto, las empresas y cooperativas distribuidoras de energ\u00eda el\u00e9ctrica deber\u00e1n establecer, con el s\u00f3lo hecho de la presentaci\u00f3n del certificado de Emergencia Agropecuaria, una bonificaci\u00f3n del veinticinco por ciento (25%) en las facturas correspondientes a la energ\u00eda el\u00e9ctrica utilizada para riego agr\u00edcola.<\/p>\n\n\n\n<div style=\"height:20px\" aria-hidden=\"true\" class=\"wp-block-spacer\"><\/div>\n\n\n\n<p>Adem\u00e1s, se deber\u00e1n suspender por hasta 90 d\u00edas h\u00e1biles de finalizado el per\u00edodo de Emergencia Agropecuaria, la iniciaci\u00f3n de juicios y procedimientos por cobros de acreencias vencidas con anterioridad a la emergencia, referidas \u00fanicamente a los impuestos y servicios. Los juicios ya iniciados deber\u00e1n paralizarse y quedar\u00e1n suspendidos los cursos de los t\u00e9rminos procesales, de la caducidad de instancia y de la prescripci\u00f3n y se suspender\u00e1 por hasta 90 d\u00edas h\u00e1biles la obligatoriedad de validaci\u00f3n prevista en el art\u00edculo 185 del C\u00f3digo Fiscal de la Provincia de Mendoza.<\/p>\n\n\n\n<p>El art\u00edculo 13 de la mencionada ley, se\u00f1ala que la Administraci\u00f3n Tributaria Mendoza (ATM) y el Departamento General de Irrigaci\u00f3n (DGI) deber\u00e1n emitir al productor la correspondiente factura con la eximici\u00f3n de pago por el per\u00edodo que dure la declaraci\u00f3n de Emergencia Agropecuaria. Lo propio deber\u00e1 hacer el Departamento General de Irrigaci\u00f3n (DGI) mediante planes de pago especiales para el cobro del 50% restante de la factura correspondiente.<\/p>\n\n\n\n<p>Por otro lado, la autoridad de aplicaci\u00f3n deber\u00e1, antes del 31 de diciembre, poner en conocimiento de la Direcci\u00f3n de Administraci\u00f3n de Activos de ex Bancos Oficiales, del Fondo de Financiamiento de Inversiones Privadas para la Transformaci\u00f3n y el Crecimiento, Mendoza Fiduciaria SA y de cualquier otro organismo financiero oficial o mixto local, la n\u00f3mina y la identificaci\u00f3n de establecimientos agr\u00edcolas que hayan certificado da\u00f1os a los efectos de que cada repartici\u00f3n otorgue los beneficios correspondientes, sin perjuicio de que el damnificado pueda efectuar la presentaci\u00f3n en forma personal ante las referidas reparticiones, dentro del per\u00edodo por el cual se haya declarado el estado de Emergencia Agropecuaria.<\/p>\n\n\n\n<p>A su vez, la autoridad de aplicaci\u00f3n, antes del 31 de diciembre pondr\u00e1 en conocimiento de las empresas y cooperativas distribuidoras de energ\u00eda el\u00e9ctrica, la n\u00f3mina y la identificaci\u00f3n de cada uno de aquellos establecimientos agr\u00edcolas inscriptos en el Registro del Uso de la Tierra (RUT) que hayan certificado da\u00f1os a los efectos de que cada repartici\u00f3n otorgue los beneficios contemplados.<\/p>\n\n\n\n<div style=\"height:20px\" aria-hidden=\"true\" class=\"wp-block-spacer\"><\/div>\n\n\n\n<div class=\"wp-block-image\"><figure class=\"aligncenter size-large is-resized\"><img loading=\"lazy\" decoding=\"async\" src=\"https:\/\/enolife.com.ar\/es\/wp-content\/uploads\/2020\/11\/bba11a0f-5fef-4b9c-81e5-39c9e1c9247a-700x394-1.jpg\" alt=\"\" class=\"wp-image-22755\" width=\"539\" height=\"303\" srcset=\"https:\/\/enolife.com.ar\/es\/wp-content\/uploads\/2020\/11\/bba11a0f-5fef-4b9c-81e5-39c9e1c9247a-700x394-1.jpg 700w, https:\/\/enolife.com.ar\/es\/wp-content\/uploads\/2020\/11\/bba11a0f-5fef-4b9c-81e5-39c9e1c9247a-700x394-1-300x169.jpg 300w, https:\/\/enolife.com.ar\/es\/wp-content\/uploads\/2020\/11\/bba11a0f-5fef-4b9c-81e5-39c9e1c9247a-700x394-1-585x329.jpg 585w\" sizes=\"auto, (max-width: 539px) 100vw, 539px\" \/><\/figure><\/div>\n\n\n\n<div style=\"height:20px\" aria-hidden=\"true\" class=\"wp-block-spacer\"><\/div>\n\n\n\n<p class=\"has-medium-font-size\"><strong>Qu\u00e9 es el Desastre Agropecuario<\/strong><\/p>\n\n\n\n<p>Al igual que en el caso de aquellos productores enmarcados en Emergencia Agropecuaria, todos aquellos establecimientos agropecuarios declarados en Desastre, gozar\u00e1n de la eximici\u00f3n de la obligaci\u00f3n de pago del impuesto inmobiliario y de los c\u00e1nones de riego (superficial y subterr\u00e1neo). Tambi\u00e9n tendr\u00e1n una pr\u00f3rroga, a pedido de los interesados, de hasta 90 d\u00edas h\u00e1biles administrativos posteriores al vencimiento del per\u00edodo de desastre, de los vencimientos de cuotas correspondientes a cr\u00e9ditos otorgados por organismos financieros oficiales o mixtos, que se hicieran exigibles durante el per\u00edodo que rija el Estado de Desastre sin que ello sea motivo de recargos, intereses ni actualizaci\u00f3n monetaria.<\/p>\n\n\n\n<p>Adem\u00e1s, podr\u00e1n acceder a l\u00edneas de cr\u00e9dito con el objeto de que permitan lograr la continuidad de las explotaciones, la recuperaci\u00f3n de sus econom\u00edas y el mantenimiento de su personal estable, con tasas de inter\u00e9s bonificadas, un (1) a\u00f1o de gracia y plazos de al menos un a\u00f1o m\u00e1s que el de los cr\u00e9ditos dise\u00f1ados para productores en Emergencia Agropecuaria.<\/p>\n\n\n\n<p>Por su parte, las empresas y cooperativas distribuidoras de energ\u00eda el\u00e9ctrica deber\u00e1n establecer, con el solo hecho de la presentaci\u00f3n del certificado de Desastre Agropecuario, una bonificaci\u00f3n del 50% en las facturas correspondientes a la energ\u00eda el\u00e9ctrica utilizada para Riego Agr\u00edcola superficial y subterr\u00e1neo.<\/p>\n\n\n\n<div style=\"height:20px\" aria-hidden=\"true\" class=\"wp-block-spacer\"><\/div>\n\n\n\n<figure class=\"wp-block-gallery columns-2 is-cropped wp-block-gallery-1 is-layout-flex wp-block-gallery-is-layout-flex\"><ul class=\"blocks-gallery-grid\"><li class=\"blocks-gallery-item\"><figure><img loading=\"lazy\" decoding=\"async\" width=\"300\" height=\"168\" src=\"https:\/\/enolife.com.ar\/es\/wp-content\/uploads\/2020\/11\/descarga-1.jpg\" alt=\"\" data-id=\"22757\" class=\"wp-image-22757\"\/><\/figure><\/li><li class=\"blocks-gallery-item\"><figure><img loading=\"lazy\" decoding=\"async\" width=\"300\" height=\"168\" src=\"https:\/\/enolife.com.ar\/es\/wp-content\/uploads\/2020\/11\/images-2.jpg\" alt=\"\" data-id=\"22758\" class=\"wp-image-22758\"\/><\/figure><\/li><\/ul><\/figure>\n\n\n\n<div style=\"height:20px\" aria-hidden=\"true\" class=\"wp-block-spacer\"><\/div>\n\n\n\n<p>Quedar\u00e1n suspendidos por hasta 180 d\u00edas h\u00e1biles despu\u00e9s de finalizado el per\u00edodo de Desastre Agropecuario, la iniciaci\u00f3n de juicios y procedimientos administrativos por cobros de acreencias vencidas con anterioridad al Desastre, referidas \u00fanicamente a los impuestos y servicios. Los juicios ya iniciados deber\u00e1n paralizarse. Por el mismo per\u00edodo quedar\u00e1 suspendido el curso de los t\u00e9rminos procesales, de la caducidad de instancia y de la prescripci\u00f3n.<\/p>\n\n\n\n<p>Quedar\u00e1 suspendida, por hasta 90 d\u00edas h\u00e1biles, despu\u00e9s de finalizado el per\u00edodo de Desastre Agropecuario, la obligatoriedad de validaci\u00f3n prevista por el art\u00edculo 185 inciso x) del C\u00f3digo Fiscal de la Provincia.<\/p>\n\n\n\n<div style=\"height:20px\" aria-hidden=\"true\" class=\"wp-block-spacer\"><\/div>\n\n\n\n<p class=\"has-background has-luminous-vivid-amber-background-color\">Con la sola presentaci\u00f3n por parte del productor, del certificado de Desastre Agropecuario, la Administraci\u00f3n Tributaria Mendoza (ATM) y el Departamento General de Irrigaci\u00f3n (DGI) deber\u00e1n eximir al productor damnificado del impuesto inmobiliario y del canon de riego (superficial y subterr\u00e1neo) por el per\u00edodo que dure la Declaraci\u00f3n de Desastre Agropecuario.<\/p>\n\n\n\n<div style=\"height:20px\" aria-hidden=\"true\" class=\"wp-block-spacer\"><\/div>\n\n\n\n<p>Por otro lado, la Autoridad de aplicaci\u00f3n deber\u00e1, antes del 31 de diciembre poner en conocimiento de la Direcci\u00f3n de Administraci\u00f3n de Activos de ex Bancos Oficiales, del Fondo de Financiamiento de Inversiones Privadas para la Transformaci\u00f3n y el Crecimiento, Mendoza Fiduciaria S.A. y de cualquier otro organismo financiero oficial o mixto local, la n\u00f3mina y la identificaci\u00f3n de aquellos establecimientos agr\u00edcolas que hayan certificado da\u00f1os del 80% o m\u00e1s, a los efectos de que cada repartici\u00f3n otorgue los beneficios correspondientes, sin perjuicio de que el damnificado pueda efectuar la presentaci\u00f3n en forma personal ante las referidas reparticiones.<\/p>\n\n\n\n<p>Por \u00faltimo, vale destacar que se enviar\u00e1n informes a las empresas y cooperativas distribuidoras de energ\u00eda el\u00e9ctrica, de la n\u00f3mina y la identificaci\u00f3n de cada uno de aquellos establecimientos agr\u00edcolas inscriptos en el Registro del Uso de la Tierra (RUT) que cuenten con certificado de Desastre Agropecuario, a efectos de que se otorguen los beneficios contemplados, sin perjuicio de que el damnificado pueda efectuar la presentaci\u00f3n en forma personal ante las empresas y cooperativas, dentro del per\u00edodo por el cual se haya declarado el estado de Desastre Agropecuario.<\/p>\n\n\n\n<div style=\"height:20px\" aria-hidden=\"true\" class=\"wp-block-spacer\"><\/div>\n\n\n\n<p class=\"has-small-font-size\"><em><strong>Fuente: Gobierno de Mendoza<\/strong><\/em><\/p>\n","protected":false},"excerpt":{"rendered":"<p>Luego de la helada \u00abnegra\u00bb que afect\u00f3 al campo mendocino a principios de octubre, y&hellip;<\/p>\n","protected":false},"author":3,"featured_media":22750,"comment_status":"open","ping_status":"open","sticky":false,"template":"","format":"standard","meta":{"footnotes":""},"categories":[14],"tags":[],"class_list":["post-22742","post","type-post","status-publish","format-standard","has-post-thumbnail","hentry","category-news"],"_links":{"self":[{"href":"https:\/\/enolife.com.ar\/es\/wp-json\/wp\/v2\/posts\/22742","targetHints":{"allow":["GET"]}}],"collection":[{"href":"https:\/\/enolife.com.ar\/es\/wp-json\/wp\/v2\/posts"}],"about":[{"href":"https:\/\/enolife.com.ar\/es\/wp-json\/wp\/v2\/types\/post"}],"author":[{"embeddable":true,"href":"https:\/\/enolife.com.ar\/es\/wp-json\/wp\/v2\/users\/3"}],"replies":[{"embeddable":true,"href":"https:\/\/enolife.com.ar\/es\/wp-json\/wp\/v2\/comments?post=22742"}],"version-history":[{"count":0,"href":"https:\/\/enolife.com.ar\/es\/wp-json\/wp\/v2\/posts\/22742\/revisions"}],"wp:featuredmedia":[{"embeddable":true,"href":"https:\/\/enolife.com.ar\/es\/wp-json\/wp\/v2\/media\/22750"}],"wp:attachment":[{"href":"https:\/\/enolife.com.ar\/es\/wp-json\/wp\/v2\/media?parent=22742"}],"wp:term":[{"taxonomy":"category","embeddable":true,"href":"https:\/\/enolife.com.ar\/es\/wp-json\/wp\/v2\/categories?post=22742"},{"taxonomy":"post_tag","embeddable":true,"href":"https:\/\/enolife.com.ar\/es\/wp-json\/wp\/v2\/tags?post=22742"}],"curies":[{"name":"wp","href":"https:\/\/api.w.org\/{rel}","templated":true}]}}