{"id":22610,"date":"2020-11-05T14:57:48","date_gmt":"2020-11-05T14:57:48","guid":{"rendered":"http:\/\/enolife.com.ar\/es\/?p=22610"},"modified":"2020-11-06T18:21:24","modified_gmt":"2020-11-06T18:21:24","slug":"las-comunidades-autonomas-de-espana-fuerte-referencia-para-los-simpatizantes-del-mendoexit","status":"publish","type":"post","link":"https:\/\/enolife.com.ar\/es\/las-comunidades-autonomas-de-espana-fuerte-referencia-para-los-simpatizantes-del-mendoexit\/","title":{"rendered":"Las comunidades aut\u00f3nomas de Espa\u00f1a, fuerte referencia para los simpatizantes del \u00abMendoexit\u00bb"},"content":{"rendered":"\n<h4 class=\"wp-block-heading\"><em><strong>Hace 4 a\u00f1os, el polit\u00f3logo y comunicador mendocino Hugo Laricchia lanz\u00f3 la idea de una ut\u00f3pica \u00abseparaci\u00f3n\u00bb de Mendoza de Argentina. Y hace 4 meses, el ex gobernador local Alfredo Cornejo retom\u00f3 la idea y especul\u00f3 sobre una \u00abindependencia\u00bb mendocina al criticar, en tono ir\u00f3nico, al gobierno central por postergar inversiones para esta provincia. Ante ese debate, y para contrastar las sugerencias separatistas con la experiencia de un pa\u00eds que, como Espa\u00f1a, ha logrado conciliar desarrollo, gobierno unificado y autonomismo, la experta Mar\u00eda Ver\u00f3nica Carrizo Mercau, de la Universidad Nacional de Cuyo (UNCuyo) brindar\u00e1 una conferencia organizada por el Foro Diplom\u00e1tico en Mendoza (FDM) en el marco de su ciclo \u00ab#Mendoexit?\u00bb.<\/strong><\/em><\/h4>\n\n\n\n<div style=\"height:20px\" aria-hidden=\"true\" class=\"wp-block-spacer\"><\/div>\n\n\n\n\n\n<div style=\"height:36px\" aria-hidden=\"true\" class=\"wp-block-spacer\"><\/div>\n\n\n\n<p>EL Foro Diplom\u00e1tico en Mendoza (FDM) realizar\u00e1 el pr\u00f3ximo lunes 9\/11, desde las 18.30 hora argentina, su 7mo. encuentro de un ciclo destinado a conocer las experiencias internacionales en lo referente a descentralizaci\u00f3n y desarrollo regional, con el fin de ampliar el horizonte de las miradas tanto de quienes simpatizan con la idea autonomista como de quienes la rechazan de plano. Participa en esta ocasi\u00f3n la experta Mar\u00eda Ver\u00f3nica Carrizo Mercau, docente e investigadora de la Facultad de Filosof\u00eda y Letras de la Universidad Nacional de Cuyo (UNCuyo), quien expondr\u00e1 y dialogar\u00e1 con los asistentes virtuales sobre el tema \u00abEl rol de las comunidades aut\u00f3nomas en el desarrollo de Espa\u00f1a\u00bb.<\/p>\n\n\n\n<div style=\"height:20px\" aria-hidden=\"true\" class=\"wp-block-spacer\"><\/div>\n\n\n\n<div class=\"wp-block-image\"><figure class=\"alignleft size-large is-resized\"><img loading=\"lazy\" decoding=\"async\" src=\"https:\/\/enolife.com.ar\/es\/wp-content\/uploads\/2020\/11\/201030-1950-flyer-Charla-07-SP-alta-1024x1024.jpg\" alt=\"\" class=\"wp-image-22611\" width=\"319\" height=\"319\" srcset=\"https:\/\/enolife.com.ar\/es\/wp-content\/uploads\/2020\/11\/201030-1950-flyer-Charla-07-SP-alta-1024x1024.jpg 1024w, https:\/\/enolife.com.ar\/es\/wp-content\/uploads\/2020\/11\/201030-1950-flyer-Charla-07-SP-alta-300x300.jpg 300w, https:\/\/enolife.com.ar\/es\/wp-content\/uploads\/2020\/11\/201030-1950-flyer-Charla-07-SP-alta-150x150.jpg 150w, https:\/\/enolife.com.ar\/es\/wp-content\/uploads\/2020\/11\/201030-1950-flyer-Charla-07-SP-alta-768x768.jpg 768w, https:\/\/enolife.com.ar\/es\/wp-content\/uploads\/2020\/11\/201030-1950-flyer-Charla-07-SP-alta-1536x1536.jpg 1536w, https:\/\/enolife.com.ar\/es\/wp-content\/uploads\/2020\/11\/201030-1950-flyer-Charla-07-SP-alta-1170x1170.jpg 1170w, https:\/\/enolife.com.ar\/es\/wp-content\/uploads\/2020\/11\/201030-1950-flyer-Charla-07-SP-alta-585x585.jpg 585w, https:\/\/enolife.com.ar\/es\/wp-content\/uploads\/2020\/11\/201030-1950-flyer-Charla-07-SP-alta.jpg 1969w\" sizes=\"auto, (max-width: 319px) 100vw, 319px\" \/><\/figure><\/div>\n\n\n\n<p>Carrizo Mercau se referir\u00e1 a la historia de Espa\u00f1a, su conformaci\u00f3n como Estado, los modos de funcionamiento de su gobierno, la monarqu\u00eda parlamentaria y la coordinaci\u00f3n con las 17 comunidades aut\u00f3nomas, formadas a su vez por 50 provincias y 2 ciudades aut\u00f3nomas.<\/p>\n\n\n\n<p class=\"has-background has-very-light-gray-background-color\"><strong>Fecha y hora: Lunes 09 de noviembre 2020, a las 18.30 horas de Argentina.<\/strong><\/p>\n\n\n\n<p class=\"has-background has-luminous-vivid-amber-background-color\"><strong>Reservas sin costos  a trav\u00e9s de Evenbrite en el siguiente link <a href=\"https:\/\/www.eventbrite.com.ar\/e\/fdm-ciclo-mendoexit-experiencias-internacionales-charla-07-tickets-127509374973\">El rol de las comunidades aut\u00f3nomas en el desarrollo de Espa\u00f1a<\/a><br>Transmisi\u00f3n en vivo a trav\u00e9s de YouTube Live<\/strong>.<\/p>\n\n\n\n<div style=\"height:31px\" aria-hidden=\"true\" class=\"wp-block-spacer\"><\/div>\n","protected":false},"excerpt":{"rendered":"<p>Hace 4 a\u00f1os, el polit\u00f3logo y comunicador mendocino Hugo Laricchia lanz\u00f3 la idea de una&hellip;<\/p>\n","protected":false},"author":3,"featured_media":22904,"comment_status":"open","ping_status":"open","sticky":false,"template":"","format":"standard","meta":{"footnotes":""},"categories":[47],"tags":[],"class_list":["post-22610","post","type-post","status-publish","format-standard","has-post-thumbnail","hentry","category-agenda"],"_links":{"self":[{"href":"https:\/\/enolife.com.ar\/es\/wp-json\/wp\/v2\/posts\/22610","targetHints":{"allow":["GET"]}}],"collection":[{"href":"https:\/\/enolife.com.ar\/es\/wp-json\/wp\/v2\/posts"}],"about":[{"href":"https:\/\/enolife.com.ar\/es\/wp-json\/wp\/v2\/types\/post"}],"author":[{"embeddable":true,"href":"https:\/\/enolife.com.ar\/es\/wp-json\/wp\/v2\/users\/3"}],"replies":[{"embeddable":true,"href":"https:\/\/enolife.com.ar\/es\/wp-json\/wp\/v2\/comments?post=22610"}],"version-history":[{"count":0,"href":"https:\/\/enolife.com.ar\/es\/wp-json\/wp\/v2\/posts\/22610\/revisions"}],"wp:featuredmedia":[{"embeddable":true,"href":"https:\/\/enolife.com.ar\/es\/wp-json\/wp\/v2\/media\/22904"}],"wp:attachment":[{"href":"https:\/\/enolife.com.ar\/es\/wp-json\/wp\/v2\/media?parent=22610"}],"wp:term":[{"taxonomy":"category","embeddable":true,"href":"https:\/\/enolife.com.ar\/es\/wp-json\/wp\/v2\/categories?post=22610"},{"taxonomy":"post_tag","embeddable":true,"href":"https:\/\/enolife.com.ar\/es\/wp-json\/wp\/v2\/tags?post=22610"}],"curies":[{"name":"wp","href":"https:\/\/api.w.org\/{rel}","templated":true}]}}