{"id":22347,"date":"2020-10-28T14:05:29","date_gmt":"2020-10-28T14:05:29","guid":{"rendered":"http:\/\/enolife.com.ar\/es\/?p=22347"},"modified":"2020-10-29T14:17:09","modified_gmt":"2020-10-29T14:17:09","slug":"avanza-el-proyecto-de-ley-para-que-trabajadores-de-vina-tengan-12-meses-de-salario-y-se-jubilen-antes","status":"publish","type":"post","link":"https:\/\/enolife.com.ar\/es\/avanza-el-proyecto-de-ley-para-que-trabajadores-de-vina-tengan-12-meses-de-salario-y-se-jubilen-antes\/","title":{"rendered":"Avanza el proyecto de ley para que trabajadores de vi\u00f1a tengan 12 meses de salario y se jubilen antes"},"content":{"rendered":"\n<h4 class=\"wp-block-heading\"><em><strong>Los trabajadores de vi\u00f1as y bodegas, casi todos nucleados en&nbsp;Soeva&nbsp;y&nbsp;Foeva, as\u00ed como los agrupados en el&nbsp;Sindicato Unido de Trabajadores Contratistas de Vi\u00f1as y Frutales de Mendoza&nbsp;est\u00e1n exceptuados de la posibilidad de jubilarse a los 57 a\u00f1os con 25 a\u00f1os de servicio y perciben una mensualidad s\u00f3lo 10 de los 12 meses del a\u00f1o. Posibilidad de la que si gozan el resto de los trabajadores agrarios del pa\u00eds, seg\u00fan la ley nacional argentina 26.727 de Trabajo Agrario. Ante esta situaci\u00f3n legisladores mendocinos impulsan con distintos proyectos de ley, que se haga efectiva la norma. En el d\u00eda de ayer la senadora nacional Anabel Fern\u00e1ndez Sagasti  (PJ) present\u00f3 el proyecto en el Congreso Nacional y sus pares ya lo analizan.<\/strong><\/em><\/h4>\n\n\n\n<div style=\"height:20px\" aria-hidden=\"true\" class=\"wp-block-spacer\"><\/div>\n\n\n\n<p>El dictamen unificado establece un r\u00e9gimen previsional especial para trabajadores de establecimientos vi\u00f1ateros y para contratistas de vi\u00f1a, para que puedan acceder a la jubilaci\u00f3n con un m\u00ednimo de 57 a\u00f1os, sin distinci\u00f3n de sexo, en tanto acrediten 25 a\u00f1os de servicios, con aportes. Y, por otro lado, ampl\u00eda las mensualidades de contratistas a todo el a\u00f1o.<br>Fern\u00e1ndez Sagasti agradeci\u00f3 a los senadores y senadoras por apoyar la iniciativa que beneficiar\u00e1 a m\u00e1s 25 mil trabajadores de vi\u00f1a y 3.500 familias contratistas de vi\u00f1a.<\/p>\n\n\n\n<p>En detalle, la legisladora explic\u00f3&nbsp;el contrato laboral&nbsp;at\u00edpico del&nbsp;contratista&nbsp;de vi\u00f1as y frutales, que conforma sus ingresos con una mensualidad que percibe durante 10 meses (de mayo a febrero) y un porcentaje (del 15 al 18%) de la cosecha.<\/p>\n\n\n\n<p>Con este proyecto de ley se pretende llevar de 10 a 12 meses los ingresos por mensualidad. Se sabe que en marzo y abril el contratista no recibe mensualidad y en muchos casos tampoco ingresos, ya que el contratista se queda con el 15% de la producci\u00f3n pero acopiadores e industriales no abonan la fruta al contado.<\/p>\n\n\n\n<p>\u201cCuando entregan la uva no se paga en efectivo y de forma inmediata, lo que sucede, es que las bodegas lo reciben sin precio y luego se paga en cuotas al productor. Por ende, el contratista no sabe cu\u00e1nto le van a pagar y reci\u00e9n en junio o julio le pagan, hay que decir sin pago de cargas sociales o sueldo anual complementario\u201d, explic\u00f3 la senadora.<\/p>\n\n\n\n<p>Fern\u00e1ndez Sagasti apunt\u00f3 que las c\u00e1maras empresariales est\u00e1n totalmente de acuerdo con el planteo, y el Sindicato de Contratistas de Vi\u00f1a hace a\u00f1os est\u00e1 intentando modificar la ley (n\u00b0 20.539) para revertir esta situaci\u00f3n. <\/p>\n\n\n\n<div style=\"height:20px\" aria-hidden=\"true\" class=\"wp-block-spacer\"><\/div>\n\n\n\n<blockquote class=\"wp-block-quote is-layout-flow wp-block-quote-is-layout-flow\"><p>\u201cCr\u00e9anme que hay 3500 familias que viven gracias a este contrato espec\u00edfico de trabajo y est\u00e1n esperando que llegue cierta previsibilidad y puedan acceder a 12 meses de sueldo, aportes patronales y seguridad social\u201d<\/p><cite>Senadora Nacional Anabel Fern\u00e1ndez Sagasti<\/cite><\/blockquote>\n\n\n\n<div style=\"height:20px\" aria-hidden=\"true\" class=\"wp-block-spacer\"><\/div>\n\n\n\n<p>Por su parte, el delegado gremial y referente de los vi\u00f1ateros, Jorge Laime, expres\u00f3 que \u00abEsto es muy necesario para nosotros. \u00abEl proyecto estuvo frenado durante&nbsp;<strong>9 a\u00f1os<\/strong>, y hoy podr\u00eda beneficiar a entre el&nbsp;<strong>20 y 30%<\/strong>&nbsp;de los trabajadores, que alcanza a&nbsp;<strong>10.000<\/strong>&nbsp;de una masa laboral de&nbsp;<strong>50.000<\/strong>&nbsp;personas, permitiendo incluir&nbsp;<strong>10.000&nbsp;<\/strong>nuevos trabajadores contratados\u00bb.<\/p>\n\n\n\n<div style=\"height:50px\" aria-hidden=\"true\" class=\"wp-block-spacer\"><\/div>\n\n\n\n<figure class=\"wp-block-embed-youtube aligncenter wp-block-embed is-type-video is-provider-youtube wp-embed-aspect-16-9 wp-has-aspect-ratio\"><div class=\"wp-block-embed__wrapper\">\n<iframe loading=\"lazy\" title=\"SDORA. FERN\u00c1NDEZ SAGASTI 03 - COMISI\u00d3N DE TRABAJO Y PREVISI\u00d3N SOCIAL 27-10-20\" width=\"1170\" height=\"658\" src=\"https:\/\/www.youtube.com\/embed\/wTtZRXoYJzY?feature=oembed\" frameborder=\"0\" allow=\"accelerometer; autoplay; clipboard-write; encrypted-media; gyroscope; picture-in-picture\" allowfullscreen><\/iframe>\n<\/div><\/figure>\n\n\n\n<div style=\"height:20px\" aria-hidden=\"true\" class=\"wp-block-spacer\"><\/div>\n\n\n\n<p class=\"has-small-font-size\"><\/p>\n","protected":false},"excerpt":{"rendered":"<p>Los trabajadores de vi\u00f1as y bodegas, casi todos nucleados en&nbsp;Soeva&nbsp;y&nbsp;Foeva, as\u00ed como los agrupados en&hellip;<\/p>\n","protected":false},"author":3,"featured_media":22365,"comment_status":"open","ping_status":"open","sticky":false,"template":"","format":"standard","meta":{"footnotes":""},"categories":[14],"tags":[],"class_list":["post-22347","post","type-post","status-publish","format-standard","has-post-thumbnail","hentry","category-news"],"_links":{"self":[{"href":"https:\/\/enolife.com.ar\/es\/wp-json\/wp\/v2\/posts\/22347","targetHints":{"allow":["GET"]}}],"collection":[{"href":"https:\/\/enolife.com.ar\/es\/wp-json\/wp\/v2\/posts"}],"about":[{"href":"https:\/\/enolife.com.ar\/es\/wp-json\/wp\/v2\/types\/post"}],"author":[{"embeddable":true,"href":"https:\/\/enolife.com.ar\/es\/wp-json\/wp\/v2\/users\/3"}],"replies":[{"embeddable":true,"href":"https:\/\/enolife.com.ar\/es\/wp-json\/wp\/v2\/comments?post=22347"}],"version-history":[{"count":0,"href":"https:\/\/enolife.com.ar\/es\/wp-json\/wp\/v2\/posts\/22347\/revisions"}],"wp:featuredmedia":[{"embeddable":true,"href":"https:\/\/enolife.com.ar\/es\/wp-json\/wp\/v2\/media\/22365"}],"wp:attachment":[{"href":"https:\/\/enolife.com.ar\/es\/wp-json\/wp\/v2\/media?parent=22347"}],"wp:term":[{"taxonomy":"category","embeddable":true,"href":"https:\/\/enolife.com.ar\/es\/wp-json\/wp\/v2\/categories?post=22347"},{"taxonomy":"post_tag","embeddable":true,"href":"https:\/\/enolife.com.ar\/es\/wp-json\/wp\/v2\/tags?post=22347"}],"curies":[{"name":"wp","href":"https:\/\/api.w.org\/{rel}","templated":true}]}}