{"id":22278,"date":"2020-10-28T02:19:31","date_gmt":"2020-10-28T02:19:31","guid":{"rendered":"http:\/\/enolife.com.ar\/es\/?p=22278"},"modified":"2020-10-29T12:20:08","modified_gmt":"2020-10-29T12:20:08","slug":"lavalle-capital-latinoamericana-del-vino-casero-y-artesanal","status":"publish","type":"post","link":"https:\/\/enolife.com.ar\/es\/lavalle-capital-latinoamericana-del-vino-casero-y-artesanal\/","title":{"rendered":"Lavalle, capital latinoamericana del vino casero y artesanal"},"content":{"rendered":"\n<h4 class=\"wp-block-heading\"><em><strong>Los d\u00edas 28, 29 y 30 de octubre, desde las 11 hs. cada d\u00eda, el departamento del norte de Mendoza ser\u00e1 sede virtual del Tercer Seminario Latinoamericano de Vino Casero y Artesanal. El ya tradicional evento, que re\u00fane a productores y expositores de Argentina, Bolivia, Chile, Per\u00fa, M\u00e9xico, Francia e Italia, es organizado por la Municipalidad de Lavalle, la Asociaci\u00f3n de Elaboradores de Vino Casero y Artesanal Lavalle y el Instituto Nacional de Vitivinicultura (INV). La participaci\u00f3n es gratuita, con cupo ilimitado y a trav\u00e9s de la plataforma Zoom. A la par de las muestras, se realizar\u00e1n capacitaciones sobre estos productos, que constituyen otro atractivo del turismo del vino en este bonito oasis del desierto mendocino. <\/strong><\/em><\/h4>\n\n\n\n<div style=\"height:20px\" aria-hidden=\"true\" class=\"wp-block-spacer\"><\/div>\n\n\n\n<p>Lavalle ha logrado posicionarse como referente en la elaboraci\u00f3n, capacitaci\u00f3n y legislaci\u00f3n del vino casero y artesanal. En 2017, un equipo conformado por elaboradores de vino casero, ingenieros agr\u00f3nomos, en\u00f3logos y bromat\u00f3logos junto con la ingeniera qu\u00edmica Claudia Quini -ex presidenta de la Organizaci\u00f3n Internacional de la Vid y el Vino (OIV) y actual representante del INV en ese organismo internacional-, elaboraron un proyecto para dar un marco legal a la actividad. Un a\u00f1o despu\u00e9s, a trav\u00e9s de la Habilitaci\u00f3n Municipal 1048\/18, gestionada por la administraci\u00f3n del intendente local Roberto Righi, que apoya fuertemente este desarrollo desde sus inicios, la actividad se vio fortalecida.<\/p>\n\n\n\n<div style=\"height:20px\" aria-hidden=\"true\" class=\"wp-block-spacer\"><\/div>\n\n\n\n<div class=\"wp-block-image\"><figure class=\"aligncenter is-resized\"><img loading=\"lazy\" decoding=\"async\" src=\"https:\/\/ecocuyo.com\/wp-content\/uploads\/2018\/04\/TAIPEI-213-1.jpg\" alt=\"De Mendoza al mundo: Lavalle exporta su know how sobre vino casero -  ECOCUYO - Diario Digital de Negocios\" width=\"537\" height=\"301\"\/><figcaption><strong>Productor de vinos artesanales de Lavalle<\/strong><\/figcaption><\/figure><\/div>\n\n\n\n<div style=\"height:20px\" aria-hidden=\"true\" class=\"wp-block-spacer\"><\/div>\n\n\n\n<p>Al generar este espacio de aprendizaje, debate e intercambio de experiencias, se pusieron en valor las pr\u00e1cticas agr\u00edcolas y enol\u00f3gicas, como tambi\u00e9n las herramientas necesarias para perfeccionar la elaboraci\u00f3n de vino casero y artesanal. Productores con trayectoria, nuevos emprendedores y j\u00f3venes entusiastas apuestan a profesionalizar la actividad, que crece en el departamento y apunta a convertirse en un polo de atracci\u00f3n para el visitante local y el enoturismo internacional.<\/p>\n\n\n\n<div style=\"height:20px\" aria-hidden=\"true\" class=\"wp-block-spacer\"><\/div>\n\n\n\n<div class=\"wp-block-image\"><figure class=\"aligncenter is-resized\"><img loading=\"lazy\" decoding=\"async\" src=\"https:\/\/lavallemendoza.gob.ar\/public\/img\/noticias\/portada\/IMG_PORT_20191005063636.jpg\" alt=\"Segundo Seminario Latinoamericano de Vino Casero y Artesanal de Lavalle\" width=\"670\" height=\"238\"\/><figcaption><strong>II Seminario Latinoamericano de Vino Casero y Artesanal (2019)<\/strong><\/figcaption><\/figure><\/div>\n\n\n\n<div style=\"height:20px\" aria-hidden=\"true\" class=\"wp-block-spacer\"><\/div>\n\n\n\n<p>En este marco, y con un atractivo cronograma,&nbsp;Lavalle recibir\u00e1 el 3\u00ba Seminario Latinoamericano de vino casero y artesanal. Esta edici\u00f3n tendr\u00e1 formato webinar, los d\u00edas 28, 29 y 30 de octubre. La participaci\u00f3n es sin costo y abierta para quienes&nbsp;deseen sumarse. <\/p>\n\n\n\n<p>El Seminario contar\u00e1 con la participaci\u00f3n de destacados expositores de Argentina, Chile, M\u00e9xico, Bolivia, Per\u00fa, Francia e Italia&nbsp;y&nbsp;permitir\u00e1 a cualquier productor o elaborador de vino casero y artesanal capacitarse desde sus hogar,&nbsp;con contenido actualizado y de calidad.&nbsp;<\/p>\n\n\n\n<p>\u201cEs muy importante que nuevos productores mendocinos se sumen al sistema tur\u00edstico, contribuyendo a la oferta de destino, en este caso, en particular, aportando al turismo del vino\u201d, destac\u00f3 el vicepresidente el Ente Mendoza Turismo, Marcelo Montenegro.<\/p>\n\n\n\n<div style=\"height:20px\" aria-hidden=\"true\" class=\"wp-block-spacer\"><\/div>\n\n\n\n<p class=\"has-medium-font-size\"><strong>Participantes de Argentina y toda Am\u00e9rica Latina<\/strong><\/p>\n\n\n\n<ul class=\"wp-block-list\"><li>Instituto Nacional de Tecnolog\u00eda Agropecuaria<\/li><li>Universidad Nacional de Cuyo, con la Facultad de Ciencias Agrarias<\/li><li>Tecnicatura de Enolog\u00eda de la Facultad Don Bosco de Mendoza<\/li><li>Servicio Nacional de Sanidad y Calidad Agroalimentaria (Senasa)<\/li><li>Instituto de Sanidad y Calidad Agropecuaria (Iscamen)<\/li><li>Universidad Tecnol\u00f3gica Nacional Argentina<\/li><li>Escuela de Enolog\u00eda de Cafayate, provincia de Salta.<\/li><li>Municipio de Parras de la Fuente, M\u00e9xico<\/li><li>Asociaci\u00f3n Nacional de Universidades Tecnol\u00f3gicas de M\u00e9xico<\/li><li>Universidad Tecnol\u00f3gica de Parras de la Fuente, Coahuila, M\u00e9xico<\/li><li>Universidad Nacional Agraria La Molina, del Per\u00fa<\/li><li>Instituto Tecnol\u00f3gico Uriondo de Bolivia<\/li><li>Universidad Aut\u00f3noma Juan Misael Saracho, de Bolivia<\/li><li>Red del Vino, de Colchagua, Chile.<\/li><\/ul>\n\n\n\n<div style=\"height:20px\" aria-hidden=\"true\" class=\"wp-block-spacer\"><\/div>\n\n\n\n<p class=\"has-background has-very-light-gray-background-color\"><strong>Horarios<\/strong>: 11 hs. de Argentina y Chile (10 hs. en Bolivia, 9 hs. en Per\u00fa y 8 hs. de M\u00e9xico<br><strong>Costo<\/strong>: Gratuito<br><strong>Cupo<\/strong>: Ilimitado<\/p>\n\n\n\n<p class=\"has-background has-luminous-vivid-amber-background-color\"><strong>Para inscribirse en el webinar, los interesados deben&nbsp;ingresar&nbsp;<a href=\"https:\/\/forms.gle\/ooHC2DYCCneVyL8d7\">aqu\u00ed<\/a>.&nbsp;<\/strong><br><strong>Por consultas&nbsp;e informes, pueden escribir a:&nbsp;&nbsp;<a href=\"mailto:webinarvinocaserolavalle2020@gmail.com\" rel=\"noreferrer noopener\" target=\"_blank\">webinarvinocaserolavalle2020@gmail.com<\/a><\/strong><\/p>\n\n\n\n<div style=\"height:20px\" aria-hidden=\"true\" class=\"wp-block-spacer\"><\/div>\n\n\n\n<p class=\"has-text-align-center has-medium-font-size\"><strong>Cronograma para 28 y 29\/10<\/strong><\/p>\n\n\n\n<div class=\"wp-block-image\"><figure class=\"aligncenter size-large is-resized\"><img loading=\"lazy\" decoding=\"async\" src=\"https:\/\/enolife.com.ar\/es\/wp-content\/uploads\/2020\/10\/ElTLvhSXUAAjP9k-819x1024.jpg\" alt=\"\" class=\"wp-image-22280\" width=\"485\" height=\"607\" srcset=\"https:\/\/enolife.com.ar\/es\/wp-content\/uploads\/2020\/10\/ElTLvhSXUAAjP9k-819x1024.jpg 819w, https:\/\/enolife.com.ar\/es\/wp-content\/uploads\/2020\/10\/ElTLvhSXUAAjP9k-240x300.jpg 240w, https:\/\/enolife.com.ar\/es\/wp-content\/uploads\/2020\/10\/ElTLvhSXUAAjP9k-768x960.jpg 768w, https:\/\/enolife.com.ar\/es\/wp-content\/uploads\/2020\/10\/ElTLvhSXUAAjP9k-585x731.jpg 585w, https:\/\/enolife.com.ar\/es\/wp-content\/uploads\/2020\/10\/ElTLvhSXUAAjP9k.jpg 1024w\" sizes=\"auto, (max-width: 485px) 100vw, 485px\" \/><\/figure><\/div>\n\n\n\n<div class=\"wp-block-image\"><figure class=\"aligncenter size-large is-resized\"><img loading=\"lazy\" decoding=\"async\" src=\"https:\/\/enolife.com.ar\/es\/wp-content\/uploads\/2020\/10\/ElTLu5xXYAI4bDx-819x1024.jpg\" alt=\"\" class=\"wp-image-22279\" width=\"495\" height=\"620\" srcset=\"https:\/\/enolife.com.ar\/es\/wp-content\/uploads\/2020\/10\/ElTLu5xXYAI4bDx-819x1024.jpg 819w, https:\/\/enolife.com.ar\/es\/wp-content\/uploads\/2020\/10\/ElTLu5xXYAI4bDx-240x300.jpg 240w, https:\/\/enolife.com.ar\/es\/wp-content\/uploads\/2020\/10\/ElTLu5xXYAI4bDx-768x960.jpg 768w, https:\/\/enolife.com.ar\/es\/wp-content\/uploads\/2020\/10\/ElTLu5xXYAI4bDx-585x731.jpg 585w, https:\/\/enolife.com.ar\/es\/wp-content\/uploads\/2020\/10\/ElTLu5xXYAI4bDx.jpg 1024w\" sizes=\"auto, (max-width: 495px) 100vw, 495px\" \/><\/figure><\/div>\n\n\n\n<p><strong>Programa del viernes 30\/10:  <\/strong><\/p>\n\n\n\n<ul class=\"wp-block-list\"><li>Marco legal para el registro de marcas de vinos de Argentina, M\u00e9xico y la comunidad andina Bolivia, Ecuador y Colombia.<\/li><li>Vino de variedad quebranta: Identidad, revalorizaci\u00f3n, aptitud productiva y comercial, de Per\u00fa. <\/li><li>C\u00f3mo promocionar los vinos con referentes de la Red del Vino Chile, la experiencia en exportaci\u00f3n de Vinos de un elaborador de Cafayate y, por la ingeniera qu\u00edmica Claudia Quini, los requisitos para exportar este tipo de productos. <\/li><li>Exposiciones sobre la experiencia exitosa en el proceso de asociativismo, desde Bolivia. <\/li><li>Se sumar\u00e1n aspectos relacionados con el momento \u00f3ptimo de madurez y su influencia en la extracci\u00f3n y conservaci\u00f3n de aromas y buenas pr\u00e1cticas de manufactura.<\/li><\/ul>\n","protected":false},"excerpt":{"rendered":"<p>Los d\u00edas 28, 29 y 30 de octubre, desde las 11 hs. cada d\u00eda, el&hellip;<\/p>\n","protected":false},"author":3,"featured_media":22316,"comment_status":"open","ping_status":"open","sticky":false,"template":"","format":"standard","meta":{"footnotes":""},"categories":[47],"tags":[],"class_list":["post-22278","post","type-post","status-publish","format-standard","has-post-thumbnail","hentry","category-agenda"],"_links":{"self":[{"href":"https:\/\/enolife.com.ar\/es\/wp-json\/wp\/v2\/posts\/22278","targetHints":{"allow":["GET"]}}],"collection":[{"href":"https:\/\/enolife.com.ar\/es\/wp-json\/wp\/v2\/posts"}],"about":[{"href":"https:\/\/enolife.com.ar\/es\/wp-json\/wp\/v2\/types\/post"}],"author":[{"embeddable":true,"href":"https:\/\/enolife.com.ar\/es\/wp-json\/wp\/v2\/users\/3"}],"replies":[{"embeddable":true,"href":"https:\/\/enolife.com.ar\/es\/wp-json\/wp\/v2\/comments?post=22278"}],"version-history":[{"count":0,"href":"https:\/\/enolife.com.ar\/es\/wp-json\/wp\/v2\/posts\/22278\/revisions"}],"wp:featuredmedia":[{"embeddable":true,"href":"https:\/\/enolife.com.ar\/es\/wp-json\/wp\/v2\/media\/22316"}],"wp:attachment":[{"href":"https:\/\/enolife.com.ar\/es\/wp-json\/wp\/v2\/media?parent=22278"}],"wp:term":[{"taxonomy":"category","embeddable":true,"href":"https:\/\/enolife.com.ar\/es\/wp-json\/wp\/v2\/categories?post=22278"},{"taxonomy":"post_tag","embeddable":true,"href":"https:\/\/enolife.com.ar\/es\/wp-json\/wp\/v2\/tags?post=22278"}],"curies":[{"name":"wp","href":"https:\/\/api.w.org\/{rel}","templated":true}]}}