{"id":22106,"date":"2020-10-23T15:12:34","date_gmt":"2020-10-23T15:12:34","guid":{"rendered":"http:\/\/enolife.com.ar\/es\/?p=22106"},"modified":"2020-10-28T02:20:46","modified_gmt":"2020-10-28T02:20:46","slug":"verallia-reimagina-el-vidrio-mas-reciclado-y-menos-gasto-de-energia-en-el-diseno-y-transporte","status":"publish","type":"post","link":"https:\/\/enolife.com.ar\/es\/verallia-reimagina-el-vidrio-mas-reciclado-y-menos-gasto-de-energia-en-el-diseno-y-transporte\/","title":{"rendered":"Verallia \u00abreimagina\u00bb el vidrio: m\u00e1s reciclado y menos gasto de energ\u00eda en el dise\u00f1o y transporte"},"content":{"rendered":"\n<h4 class=\"wp-block-heading\"><em><strong>Bajo el lema \u00abreimaginar el vidrio para un futuro sostenible\u00bb, la empresa l\u00edder mundial en fabricaci\u00f3n de envases de vidrio para vino y otras bebidas -con planta en Guaymall\u00e9n, Mendoza- lanz\u00f3 un plan de transici\u00f3n hacia una econom\u00eda circular y un sistema neutro en huella de carbono<\/strong><\/em>.   <\/h4>\n\n\n\n<div style=\"height:20px\" aria-hidden=\"true\" class=\"wp-block-spacer\"><\/div>\n\n\n\n<p>El prop\u00f3sito enunciado por <strong>Verallia<\/strong> -tercer productor mundial de vidrio en envases para alimentos y bebidas- se defini\u00f3 en estrecha colaboraci\u00f3n con todos sus grupos de inter\u00e9s internos y externos a trav\u00e9s de los \u00faltimos 10 meses, y ya est\u00e1 integrado a la estrategia a largo plazo de la compa\u00f1\u00eda.<\/p>\n\n\n\n<div style=\"height:20px\" aria-hidden=\"true\" class=\"wp-block-spacer\"><\/div>\n\n\n\n<div class=\"wp-block-image\"><figure class=\"alignleft size-large is-resized\"><img loading=\"lazy\" decoding=\"async\" src=\"https:\/\/enolife.com.ar\/es\/wp-content\/uploads\/2020\/10\/Michel-Giannuzzi-nuevo-CEO-de-Verallia.jpg\" alt=\"\" class=\"wp-image-22170\" width=\"222\" height=\"211\" srcset=\"https:\/\/enolife.com.ar\/es\/wp-content\/uploads\/2020\/10\/Michel-Giannuzzi-nuevo-CEO-de-Verallia.jpg 348w, https:\/\/enolife.com.ar\/es\/wp-content\/uploads\/2020\/10\/Michel-Giannuzzi-nuevo-CEO-de-Verallia-300x285.jpg 300w\" sizes=\"auto, (max-width: 222px) 100vw, 222px\" \/><figcaption><strong>Michel Giannuzi<\/strong><\/figcaption><\/figure><\/div>\n\n\n\n<p>Al comentar sobre el lanzamiento del plan, <strong>Michel Giannuzzi<\/strong>, presidente y director ejecutivo de Verallia, dijo: <em>\u201cEn diciembre de 2019, los equipos de Verallia lanzaron una reflexi\u00f3n sobre el prop\u00f3sito de la empresa con todos nuestros grupos de inter\u00e9s. Me gustar\u00eda agradecer a nuestros empleados, clientes, proveedores, accionistas y representantes de la comunidad local por su compromiso y contribuci\u00f3n. Finalizado este trabajo colectivo, tan rico como exigente, me enorgullece compartirlo hoy: reimaginar el vidrio para un futuro sostenible. Este prop\u00f3sito es aut\u00e9ntico y ambicioso. Aut\u00e9ntico, porque est\u00e1 en l\u00ednea con nuestro negocio, nuestra historia y nuestros valores; ambicioso, porque sit\u00faa la econom\u00eda circular y la transici\u00f3n hacia un sistema neutro en carbono en el centro de nuestra estrategia y nuestras acciones\u201d.<\/em><\/p>\n\n\n\n<div style=\"height:20px\" aria-hidden=\"true\" class=\"wp-block-spacer\"><\/div>\n\n\n\n<p class=\"has-medium-font-size\"><strong>Un compromiso con la sociedad<\/strong><\/p>\n\n\n\n<p>El prop\u00f3sito declarado de Verallia es que el vidrio puede ser el material m\u00e1s sostenible utilizado para envases. La forma en que las personas consumen y los desechos que generan a diario representa un desaf\u00edo sin precedentes para las sociedades, y el envase es un componente importante. Adem\u00e1s, la emergencia clim\u00e1tica requiere la movilizaci\u00f3n de todas las partes interesadas para proteger mejor los recursos naturales y acelerar la transici\u00f3n a la neutralidad de carbono. Verallia se propone afrontar estos retos en un entorno laboral seguro e inclusivo.<\/p>\n\n\n\n<p>La empresa, que emplea a 10.000 personas en todo el mundo, trabaja actualmente en tres \u00e1reas principales:<\/p>\n\n\n\n<p><strong>\u2022 Acelerar la innovaci\u00f3n en la cadena de valor<\/strong>: Verallia tiene el compromiso de integrar soluciones cada vez m\u00e1s innovadoras para reducir las emisiones de carbono, desde el dise\u00f1o hasta el transporte del producto, ayudando as\u00ed a sus clientes a reducir su propio impacto ambiental.<\/p>\n\n\n\n<p><strong>\u2022 Hacer de la reutilizaci\u00f3n una soluci\u00f3n beneficiosa para el planeta y los envases de vidrio:<\/strong> La compa\u00f1\u00eda busca promover y sostener la reutilizaci\u00f3n de envases de vidrio a nivel local para satisfacer las expectativas cada vez m\u00e1s altas de sus clientes y consumidores en este \u00e1mbito.<\/p>\n\n\n\n<p><strong>\u2022 Movilizarse por m\u00e1s vidrio reciclado:<\/strong> La idea de la empresa es trabajar con sus socios para fortalecer los sistemas de reciclaje en todos sus mercados.<\/p>\n\n\n\n<div style=\"height:20px\" aria-hidden=\"true\" class=\"wp-block-spacer\"><\/div>\n\n\n\n<p class=\"has-medium-font-size\"><strong>\u00abReforzaremos la dimensi\u00f3n circular y virtuosa de los envases de vidrio\u00bb<\/strong><\/p>\n\n\n\n<p>Al explicitar el lema<strong> <\/strong><em>\u00abreimaginar el vidrio<\/em>\u00ab<strong>, <\/strong>Giannuzzi dijo: <em>\u201cEn un mundo en transici\u00f3n hacia una sociedad neutra en carbono, queremos desempe\u00f1ar un papel de liderazgo en la transformaci\u00f3n del sector del packaging. Yendo a\u00fan m\u00e1s lejos y m\u00e1s r\u00e1pido, reforzaremos la dimensi\u00f3n circular y virtuosa de los envases de vidrio. Seremos capaces de reinventar el vidrio acelerando nuestros esfuerzos de colaboraci\u00f3n con nuestros socios en estas tres \u00e1reas principales de trabajo, y definiendo juntos un cronograma de acciones basado en objetivos comunes\u201d.<\/em><\/p>\n\n\n\n<div style=\"height:20px\" aria-hidden=\"true\" class=\"wp-block-spacer\"><\/div>\n\n\n\n<p class=\"has-medium-font-size\"><strong>Hacia un futuro sostenible<\/strong><\/p>\n\n\n\n<div class=\"wp-block-image\"><figure class=\"alignleft size-large is-resized\"><img loading=\"lazy\" decoding=\"async\" src=\"https:\/\/enolife.com.ar\/es\/wp-content\/uploads\/2020\/10\/LINKEDIN_VA-1.jpg\" alt=\"\" class=\"wp-image-22173\" width=\"501\" height=\"261\" srcset=\"https:\/\/enolife.com.ar\/es\/wp-content\/uploads\/2020\/10\/LINKEDIN_VA-1.jpg 691w, https:\/\/enolife.com.ar\/es\/wp-content\/uploads\/2020\/10\/LINKEDIN_VA-1-300x157.jpg 300w, https:\/\/enolife.com.ar\/es\/wp-content\/uploads\/2020\/10\/LINKEDIN_VA-1-585x306.jpg 585w\" sizes=\"auto, (max-width: 501px) 100vw, 501px\" \/><\/figure><\/div>\n\n\n\n<p>En s\u00edntesis, el prop\u00f3sito que declara Verallia es el de reimaginar el vidrio para aportar hacia un futuro sostenible. El <em>packaging<\/em> es un componente importante de las acciones en direcci\u00f3n al mejoramiento del ambiente. Como uno de los principales fabricantes de envases de vidrio del mundo, Verallia tiene un papel fundamental que desempe\u00f1ar para acelerar la transici\u00f3n a productos sostenibles. La compa\u00f1\u00eda est\u00e1 redefiniendo c\u00f3mo se produce, reutiliza y recicla el vidrio, con la intenci\u00f3n de convertirlo en el material de <em>packaging<\/em> m\u00e1s sostenible del mundo. El reciclaje y la reutilizaci\u00f3n ya est\u00e1n integrados en su modelo de negocio, pero para que el vidrio sea totalmente sostenible, Verallia busca actuar m\u00e1s all\u00e1 de su negocio para fortalecer los sistemas de reciclaje y fomentar la reutilizaci\u00f3n. As\u00ed, manifiestan, quieren \u00abhacer realidad la econom\u00eda circular\u00bb.<\/p>\n\n\n\n<p>El mundo est\u00e1 en camino hacia un sistema neutral en carbono, por lo que las grandes empresas con responsabilidad social buscar las formas de contribuir. Con ese fin, Verallia est\u00e1 innovando para mejorar su desempe\u00f1o en emisiones del contaminante di\u00f3xido de carbono (CO2) en todo su negocio, desde el consumo de energ\u00eda en sus hornos, hasta el uso de materias primas y vidrio, y el dise\u00f1o y transporte de sus productos.<\/p>\n\n\n\n<div style=\"height:20px\" aria-hidden=\"true\" class=\"wp-block-spacer\"><\/div>\n\n\n\n<p class=\"has-background has-very-light-gray-background-color\"><strong>Un gigante que produjo 16.000 millones de botellas y tarros en 2019<\/strong><br><br>Verallia es el l\u00edder europeo y el <strong>tercer productor mundial de vidrio<\/strong> en envases para alimentos y bebidas, y ofrece soluciones innovadoras, personalizadas y respetuosas con el medio ambiente.<br><br>Este grupo empresario registr\u00f3 ingresos por valor de <strong>2.600 millones de euros<\/strong> y produjo 16.000 millones de botellas y tarros en 2019.<br> <br>Verallia emplea a unas <strong>10.000 personas<\/strong> en todo el mundo y tiene <strong>32 plantas<\/strong> de producci\u00f3n de vidrio en <strong>11 pa\u00edses<\/strong>.<br><br><strong>Verallia cotiza<\/strong> en el compartimento A del mercado regulado de Euronext Paris (Ticker: VRLA &#8211; ISIN: FR0013447729) y se incluye en los siguientes \u00edndices: CAC Mid 60, CAC Mid &amp; Small et CAC.All Tradable.<\/p>\n\n\n\n<p class=\"has-background has-luminous-vivid-amber-background-color\"><strong>Para m\u00e1s informaci\u00f3n: <a href=\"http:\/\/www.verallia.com\">www.verallia.com<\/a> <br>Contacto en Argentina: Virginia Covis <a href=\"mailto:virginia.covis@verallia.com\">virginia.covis@verallia.com<\/a> <br>Contacto en Francia: St\u00e9phanie Biais<a>&nbsp;(<\/a><a href=\"mailto:stephanie.biais@verallia.com\">stephanie.biais@verallia.com<\/a>)<\/strong><\/p>\n","protected":false},"excerpt":{"rendered":"<p>Bajo el lema \u00abreimaginar el vidrio para un futuro sostenible\u00bb, la empresa l\u00edder mundial en&hellip;<\/p>\n","protected":false},"author":3,"featured_media":22178,"comment_status":"open","ping_status":"open","sticky":false,"template":"","format":"standard","meta":{"footnotes":""},"categories":[14],"tags":[],"class_list":["post-22106","post","type-post","status-publish","format-standard","has-post-thumbnail","hentry","category-news"],"_links":{"self":[{"href":"https:\/\/enolife.com.ar\/es\/wp-json\/wp\/v2\/posts\/22106","targetHints":{"allow":["GET"]}}],"collection":[{"href":"https:\/\/enolife.com.ar\/es\/wp-json\/wp\/v2\/posts"}],"about":[{"href":"https:\/\/enolife.com.ar\/es\/wp-json\/wp\/v2\/types\/post"}],"author":[{"embeddable":true,"href":"https:\/\/enolife.com.ar\/es\/wp-json\/wp\/v2\/users\/3"}],"replies":[{"embeddable":true,"href":"https:\/\/enolife.com.ar\/es\/wp-json\/wp\/v2\/comments?post=22106"}],"version-history":[{"count":0,"href":"https:\/\/enolife.com.ar\/es\/wp-json\/wp\/v2\/posts\/22106\/revisions"}],"wp:featuredmedia":[{"embeddable":true,"href":"https:\/\/enolife.com.ar\/es\/wp-json\/wp\/v2\/media\/22178"}],"wp:attachment":[{"href":"https:\/\/enolife.com.ar\/es\/wp-json\/wp\/v2\/media?parent=22106"}],"wp:term":[{"taxonomy":"category","embeddable":true,"href":"https:\/\/enolife.com.ar\/es\/wp-json\/wp\/v2\/categories?post=22106"},{"taxonomy":"post_tag","embeddable":true,"href":"https:\/\/enolife.com.ar\/es\/wp-json\/wp\/v2\/tags?post=22106"}],"curies":[{"name":"wp","href":"https:\/\/api.w.org\/{rel}","templated":true}]}}