{"id":21832,"date":"2020-10-17T13:02:09","date_gmt":"2020-10-17T13:02:09","guid":{"rendered":"http:\/\/enolife.com.ar\/es\/?p=21832"},"modified":"2020-10-20T16:10:29","modified_gmt":"2020-10-20T16:10:29","slug":"el-lider-de-la-oiv-pide-que-el-vino-quede-fuera-del-conflicto-entre-eeuu-y-la-ue-y-tenga-libre-comercio","status":"publish","type":"post","link":"https:\/\/enolife.com.ar\/es\/el-lider-de-la-oiv-pide-que-el-vino-quede-fuera-del-conflicto-entre-eeuu-y-la-ue-y-tenga-libre-comercio\/","title":{"rendered":"El l\u00edder de la OIV pide que el vino quede fuera del conflicto entre EEUU y la UE y tenga libre comercio"},"content":{"rendered":"\n<h4 class=\"wp-block-heading\"><em><strong>Con motivo de un nuevo episodio de la pelea comercial entre Estados Unidos y la Uni\u00f3n Europea, originada hace 16 a\u00f1os por la subvenci\u00f3n a las empresas aeron\u00e1uticas Boeing y Airbus,&nbsp;Pau Roca solicit\u00f3 que el vino no se convierta en moneda de cambio y sea excluido de medidas de represalia como el aumento de tasas e impuestos a las respectivas importaciones.<\/strong><\/em><\/h4>\n\n\n\n<div style=\"height:20px\" aria-hidden=\"true\" class=\"wp-block-spacer\"><\/div>\n\n\n\n<p>La <strong>Organizaci\u00f3n Mundial del Comercio (OMC)<\/strong> acaba de publicar, el 13 de octubre de 2020, su decisi\u00f3n arbitral sobre la disputa originada en los subsidios al gigante aeron\u00e1utico <strong>Boeing<\/strong>, que autoriza a la <strong>Uni\u00f3n Europe<\/strong>a a  tomar contramedidas contra los <strong>Estados Unidos<\/strong> por un monto de <strong>4.000 millones de d\u00f3lares al a\u00f1o.<\/strong><\/p>\n\n\n\n<p>La decisi\u00f3n del 13 de octubre busca equilibrar la autorizaci\u00f3n otorgada hace un a\u00f1o a Estados Unidos para sobrecargar los productos europeos por <strong>7.500 millones de d\u00f3lares.<\/strong><\/p>\n\n\n\n<p>Se trata de un conflicto de <strong>16 a\u00f1os<\/strong> vinculado a las subvenciones nacionales recibidas por dos gigantes aeron\u00e1uticos:<strong> Boeing<\/strong> y <strong>Airbus.<\/strong>&nbsp;Los perjuicios estimados por ambas partes a lo largo de este conflicto no pueden compensarse, sostienen los involucrados, s\u00f3lo con medidas relativas a la construcci\u00f3n y comercializaci\u00f3n de aviones.&nbsp;Luego, est\u00e1n imponiendo sanciones a otros productos.&nbsp;As\u00ed es como el vino se est\u00e1 convirtiendo en moneda de cambio en un conflicto en el que no tendr\u00eda por qu\u00e9 tener parte.<\/p>\n\n\n\n<p>Las sanciones adoptadas por Estados Unidos en 2019 en el contexto de la misma disputa ya han afectado gravemente al sector vitivin\u00edcola europeo.&nbsp;La decisi\u00f3n del 13 de octubre abre varias v\u00edas nuevas de conflicto entre ambas partes, pero a la vez crea \u00e1mbitos de negociaci\u00f3n.&nbsp;En el primer sentido, hay una escalada de nuevas medidas de represalia.&nbsp;En efecto, Estados Unidos est\u00e1 lejos de haber alcanzado los 7.500 millones de d\u00f3lares autorizados el a\u00f1o pasado y la Uni\u00f3n Europea tiene ahora la posibilidad de comenzar a desplegar un plan de sanciones por valor de 4.000 millones de d\u00f3lares.&nbsp;El segundo camino es el del di\u00e1logo y la liberaci\u00f3n de productos que no est\u00e1n directamente vinculados al conflicto de la negociaci\u00f3n.<\/p>\n\n\n\n<p>Si bien esta guerra entre dos gigantes muestra la importancia del vino para las econom\u00edas, la <strong>Organizaci\u00f3n Internacional de la Vid y el Vino (OIV) <\/strong>pide que se aproveche la oportunidad y se realicen todos los esfuerzos necesarios para restablecer las condiciones del libre comercio para el vino.<\/p>\n\n\n\n<p>Recordando que \u201cel sector vitivin\u00edcola se ha visto fuertemente afectado por la crisis del Covid-19 en todo el mundo y que est\u00e1 impactado por eventos vinculados al cambio clim\u00e1tico\u201d, el director general de la OIV, <strong>Pau Roca<\/strong>, llam\u00f3 a \u201cno escatimar esfuerzos en todos los niveles para limitar los factores de estr\u00e9s y trabajar para facilitar la recuperaci\u00f3n\u00bb.<\/p>\n\n\n\n<div style=\"height:20px\" aria-hidden=\"true\" class=\"wp-block-spacer\"><\/div>\n\n\n\n<p class=\"has-small-font-size\"><em><strong>Fuente: Organizaci\u00f3n Internacional de la Vid y el Vino (OIV)<\/strong><\/em><\/p>\n","protected":false},"excerpt":{"rendered":"<p>Con motivo de un nuevo episodio de la pelea comercial entre Estados Unidos y la&hellip;<\/p>\n","protected":false},"author":3,"featured_media":21853,"comment_status":"open","ping_status":"open","sticky":false,"template":"","format":"standard","meta":{"footnotes":""},"categories":[14],"tags":[],"class_list":["post-21832","post","type-post","status-publish","format-standard","has-post-thumbnail","hentry","category-news"],"_links":{"self":[{"href":"https:\/\/enolife.com.ar\/es\/wp-json\/wp\/v2\/posts\/21832","targetHints":{"allow":["GET"]}}],"collection":[{"href":"https:\/\/enolife.com.ar\/es\/wp-json\/wp\/v2\/posts"}],"about":[{"href":"https:\/\/enolife.com.ar\/es\/wp-json\/wp\/v2\/types\/post"}],"author":[{"embeddable":true,"href":"https:\/\/enolife.com.ar\/es\/wp-json\/wp\/v2\/users\/3"}],"replies":[{"embeddable":true,"href":"https:\/\/enolife.com.ar\/es\/wp-json\/wp\/v2\/comments?post=21832"}],"version-history":[{"count":0,"href":"https:\/\/enolife.com.ar\/es\/wp-json\/wp\/v2\/posts\/21832\/revisions"}],"wp:featuredmedia":[{"embeddable":true,"href":"https:\/\/enolife.com.ar\/es\/wp-json\/wp\/v2\/media\/21853"}],"wp:attachment":[{"href":"https:\/\/enolife.com.ar\/es\/wp-json\/wp\/v2\/media?parent=21832"}],"wp:term":[{"taxonomy":"category","embeddable":true,"href":"https:\/\/enolife.com.ar\/es\/wp-json\/wp\/v2\/categories?post=21832"},{"taxonomy":"post_tag","embeddable":true,"href":"https:\/\/enolife.com.ar\/es\/wp-json\/wp\/v2\/tags?post=21832"}],"curies":[{"name":"wp","href":"https:\/\/api.w.org\/{rel}","templated":true}]}}