{"id":21780,"date":"2020-10-16T14:47:20","date_gmt":"2020-10-16T14:47:20","guid":{"rendered":"http:\/\/enolife.com.ar\/es\/?p=21780"},"modified":"2024-02-26T22:04:50","modified_gmt":"2024-02-26T22:04:50","slug":"los-oro-del-best-of-lo-ganaron-las-bodegas-diamandes-superuco-monteviejo-solo-contigo-y-vinorum","status":"publish","type":"post","link":"https:\/\/enolife.com.ar\/es\/los-oro-del-best-of-lo-ganaron-las-bodegas-diamandes-superuco-monteviejo-solo-contigo-y-vinorum\/","title":{"rendered":"Los oro del Best Of lo ganaron las bodegas Diamandes, SuperUco, Monteviejo, Solo Contigo y Vinorum"},"content":{"rendered":"\n<h4 class=\"wp-block-heading\"><em><strong>Este jueves 15\/10, con la conducci\u00f3n de la Reina Nacional de la Vendimia, Mayra Tous, se realiz\u00f3 la transmisi\u00f3n de una nueva entrega de los Best Of Mendoza\u00b4s Wine Tourism 2021, galard\u00f3n que se otorga a las mejores pr\u00e1cticas en enoturismo. Esta premiaci\u00f3n se realiza en la previa a la de  nivel mundial que realizan las Grandes Capitales del Vino (GWC, por sus siglas en ingl\u00e9s), de las cuales Mendoza forma parte desde 2005, junto a otas importantes ciudades del mundo. A la transmisi\u00f3n on line se conectaron 5 mil personas.<\/strong><\/em><\/h4>\n\n\n\n<div style=\"height:20px\" aria-hidden=\"true\" class=\"wp-block-spacer\"><\/div>\n\n\n\n\n\n<div style=\"height:34px\" aria-hidden=\"true\" class=\"wp-block-spacer\"><\/div>\n\n\n\n<p>Mediante el canal oficial de YouTube del Ente Mendoza Turismo, las personas pudieron seguir minuto a minuto esta gala que cont\u00f3 con la participaci\u00f3n de cerca de 25 empresas inscriptas que compitieron por el oro local en las siguientes categor\u00edas: alojamiento, restaurante, pr\u00e1cticas sustentables, arquitectura y paisajes, arte y cultura, experiencias innovadoras, servicios relacionados y peque\u00f1as bodegas (categor\u00eda local).<\/p>\n\n\n\n<div style=\"height:20px\" aria-hidden=\"true\" class=\"wp-block-spacer\"><\/div>\n\n\n\n<div class=\"wp-block-image\"><figure class=\"aligncenter size-large\"><img loading=\"lazy\" decoding=\"async\" width=\"440\" height=\"356\" src=\"https:\/\/enolife.com.ar\/es\/wp-content\/uploads\/2020\/10\/mayra.jpg\" alt=\"\" class=\"wp-image-21790\" srcset=\"https:\/\/enolife.com.ar\/es\/wp-content\/uploads\/2020\/10\/mayra.jpg 440w, https:\/\/enolife.com.ar\/es\/wp-content\/uploads\/2020\/10\/mayra-300x243.jpg 300w\" sizes=\"auto, (max-width: 440px) 100vw, 440px\" \/><figcaption><strong>Mayra Tous, Reina de la Vendimia 2020<\/strong><\/figcaption><\/figure><\/div>\n\n\n\n<div style=\"height:20px\" aria-hidden=\"true\" class=\"wp-block-spacer\"><\/div>\n\n\n\n<p>Obtener el oro en estas categor\u00edas le permite a las empresas participar en la premiaci\u00f3n mundial que este a\u00f1o se realizar\u00e1, tambi\u00e9n de forma virtual, en el mes de noviembre.<\/p>\n\n\n\n<p>Pese a que no todas las capitales decidieron realizar su gala de premiaci\u00f3n durante el 2020, el Gobierno de Mendoza a trav\u00e9s de los protocolos de grabaciones logr\u00f3 mantener el evento entendiendo que la promoci\u00f3n del destino, de sus empresas y la importancia que tiene el enoturismo, ser\u00e1n relevantes para mantener la Provincia de Mendoza como uno de los principales destinos que elijan los potenciales turistas.<\/p>\n\n\n\n<p>El Gobernador Rodolfo Su\u00e1rez declar\u00f3 en la apertura: \u201cLa industria del turismo es muy importante para Mendoza y lo es por nuestras monta\u00f1as, nuestra ciudad, nuestros r\u00edos y obviamente por nuestros vinos. Por esto, yo celebro la entrega de estos premios a la excelencia en el turismo del vino. Porque es una manera de prepararnos para cuando esto termine y poder mostrarnos al mundo y fortalecer el sector\u201d.<\/p>\n\n\n\n<div style=\"height:20px\" aria-hidden=\"true\" class=\"wp-block-spacer\"><\/div>\n\n\n\n<div class=\"wp-block-image\"><figure class=\"alignleft size-large is-resized\"><img loading=\"lazy\" decoding=\"async\" src=\"https:\/\/enolife.com.ar\/es\/wp-content\/uploads\/2020\/10\/marian-juri.jpg\" alt=\"\" class=\"wp-image-21788\" width=\"248\" height=\"222\" srcset=\"https:\/\/enolife.com.ar\/es\/wp-content\/uploads\/2020\/10\/marian-juri.jpg 597w, https:\/\/enolife.com.ar\/es\/wp-content\/uploads\/2020\/10\/marian-juri-300x269.jpg 300w, https:\/\/enolife.com.ar\/es\/wp-content\/uploads\/2020\/10\/marian-juri-585x525.jpg 585w\" sizes=\"auto, (max-width: 248px) 100vw, 248px\" \/><figcaption><strong>Mariana Juri<\/strong><\/figcaption><\/figure><\/div>\n\n\n\n<p>\u201cEs un gran honor poder presentar esta gala de premiaci\u00f3n para la Great Wine Capitals. Desde el Gobierno de Mendoza junto a todos los sectores nos venimos preparando intensamente para el desaf\u00edo del turismo post pandemia. Sus m\u00fasicos, paisajes y vinos son la excusa perfecta para seguir mostrando Mendoza al mundo. Estoy segura que vamos a poder recomenzar juntos esta nueva etapa del turismo y ser\u00e1 una gran oportunidad en el 2022 de ser sede de la Premiaci\u00f3n Mundial\u201d, declar\u00f3 la ministra Mariana Juri.<\/p>\n\n\n\n<div style=\"height:20px\" aria-hidden=\"true\" class=\"wp-block-spacer\"><\/div>\n\n\n\n<div class=\"wp-block-image\"><figure class=\"alignleft size-large is-resized\"><img loading=\"lazy\" decoding=\"async\" src=\"https:\/\/enolife.com.ar\/es\/wp-content\/uploads\/2020\/10\/catherine.jpg\" alt=\"\" class=\"wp-image-21789\" width=\"248\" height=\"173\" srcset=\"https:\/\/enolife.com.ar\/es\/wp-content\/uploads\/2020\/10\/catherine.jpg 350w, https:\/\/enolife.com.ar\/es\/wp-content\/uploads\/2020\/10\/catherine-300x209.jpg 300w\" sizes=\"auto, (max-width: 248px) 100vw, 248px\" \/><figcaption><strong>Catherine Leparmentier<\/strong><\/figcaption><\/figure><\/div>\n\n\n\n<p>Por su parte, la directora general de la red global Great Wine Capitals, Catherine Leparmentier, coment\u00f3: \u201cEs esencial que el estado mantenga firme el apoyo a las bodegas en estos tiempos complejos. Creo que fue muy valiente por parte del Gobierno de Mendoza lanzar el concurso Best Of Wine Tourism este a\u00f1o en estas particulares circunstancias sanitarias. Los felicito a todos los postulantes y ganadores. Tengp muchas ganas de que llegue el 2022 cuando celebremos nuestra conferencia anual en la hermosa Mendoza. \u00a1Salud! \u201c<\/p>\n\n\n\n<div style=\"height:20px\" aria-hidden=\"true\" class=\"wp-block-spacer\"><\/div>\n\n\n\n<p class=\"has-medium-font-size\"><strong>Homenaje a Astor Piazzolla<\/strong><\/p>\n\n\n\n<p>Esta edici\u00f3n cont\u00f3 con la participaci\u00f3n de m\u00fasicos mendocinos, que interpretaron composiciones del reconocido bandoneonista, quien en marzo de 2021 cumplir\u00eda 100 a\u00f1os. La locaci\u00f3n elegida para la grabaci\u00f3n fue la Bodega Rosell Boher.<\/p>\n\n\n\n<p>El ensamble, a cargo de Fabrizio Colombo, interpret\u00f3 \u201cLo que vendr\u00e1\u201d, arreglo que Colombo transcribi\u00f3 de uno de los discos de Piazzola que grab\u00f3 en el a\u00f1o 56 con una orquesta nacional y \u201cRevirado\u201d, arreglo para orquesta de cuerdas y bandone\u00f3n.<\/p>\n\n\n\n<p>Bajo la direcci\u00f3n de Colombo, los m\u00fasicos que participaron y deslumbraron a los espectadores son: Lucas Altamore, viol\u00edn 1 (Solista); Anna Kebadze, viol\u00edn 1; Roger Campos, viol\u00edn 2; Rosario Gonz\u00e1lez, viol\u00edn 2; Jos\u00e9 Guevara, viola 1; Joaqu\u00edn Guti\u00e9rrez, viola 2; Mauricio Lozano, violonchelo; Esteban P\u00e9rez, en contrabajo; Mariano Colombo, interpretando el piano y Fabrizio Colombo, en bandone\u00f3n.<\/p>\n\n\n\n<div style=\"height:20px\" aria-hidden=\"true\" class=\"wp-block-spacer\"><\/div>\n\n\n\n<p class=\"has-background has-medium-font-size has-luminous-vivid-amber-background-color\"><strong>Los ganadores de esta nueva edici\u00f3n<\/strong><\/p>\n\n\n\n<p class=\"has-background has-very-light-gray-background-color\"><strong>Restaurante<\/strong><\/p>\n\n\n\n<ul class=\"wp-block-list\"><li>Oro: Bodega Diamandes<\/li><li>Plata: Bodega Renacer<\/li><li>Bronce: Bodega Monteviejo<\/li><\/ul>\n\n\n\n<p class=\"has-background has-very-light-gray-background-color\"><strong>Pr\u00e1cticas sustentables<\/strong><\/p>\n\n\n\n<ul class=\"wp-block-list\"><li>Oro: Bodega SuperUco<\/li><\/ul>\n\n\n\n<p class=\"has-background has-very-light-gray-background-color\"><strong>Arquitectura y paisajes<\/strong><\/p>\n\n\n\n<ul class=\"wp-block-list\"><li>Oro: Bodega Solo Contigo<\/li><li>Plata: Bodega Vinorum<\/li><\/ul>\n\n\n\n<p class=\"has-background has-very-light-gray-background-color\"><strong>Arte y cultura<\/strong><\/p>\n\n\n\n<ul class=\"wp-block-list\"><li>Plata: Estancia Mendoza<\/li><\/ul>\n\n\n\n<p class=\"has-background has-very-light-gray-background-color\"><strong>Experiencias innovadoras<\/strong><\/p>\n\n\n\n<ul class=\"wp-block-list\"><li>Oro: Bodega Monteviejo y Asociaci\u00f3n de Sordos<\/li><li>Plata: Yoga por los Caminos del Vino<\/li><li>Bronce: Wineobs<\/li><\/ul>\n\n\n\n<p class=\"has-background has-very-light-gray-background-color\"><strong>Servicios relacionados<\/strong><\/p>\n\n\n\n<ul class=\"wp-block-list\"><li>Oro: Universidad del Aconcagua (Diplomatura en Gesti\u00f3n de Enoturismo)<\/li><li>Plata: Wineobs<\/li><li>Bronce: Wine and Ride<\/li><\/ul>\n\n\n\n<p class=\"has-background has-very-light-gray-background-color\"><strong>Peque\u00f1as bodegas<\/strong><\/p>\n\n\n\n<ul class=\"wp-block-list\"><li>Oro: Bodega Vinorum<\/li><li>Plata: Bodega Bonfanti<\/li><\/ul>\n\n\n\n<div style=\"height:66px\" aria-hidden=\"true\" class=\"wp-block-spacer\"><\/div>\n\n\n\n<p><strong>Transmisi\u00f3n de la gala de premiaci\u00f3n del concurso Best Of (ver a partir del minuto 8)<\/strong><\/p>\n\n\n\n<div style=\"height:20px\" aria-hidden=\"true\" class=\"wp-block-spacer\"><\/div>\n\n\n\n<figure class=\"wp-block-embed-youtube wp-block-embed is-type-video is-provider-youtube wp-embed-aspect-16-9 wp-has-aspect-ratio\"><div class=\"wp-block-embed__wrapper\">\n<iframe loading=\"lazy\" title=\"Gala de Premiaci\u00f3n del concurso Best of Mendoza\u00b4s Wine Tourism 2021\" width=\"1170\" height=\"658\" src=\"https:\/\/www.youtube.com\/embed\/b9OHFgzlotY?feature=oembed\" frameborder=\"0\" allow=\"accelerometer; autoplay; clipboard-write; encrypted-media; gyroscope; picture-in-picture\" allowfullscreen><\/iframe>\n<\/div><\/figure>\n\n\n\n<p class=\"has-small-font-size\"><strong><em>Fuente: Gobierno de Mendoza<\/em><\/strong><\/p>\n","protected":false},"excerpt":{"rendered":"<p>Este jueves 15\/10, con la conducci\u00f3n de la Reina Nacional de la Vendimia, Mayra Tous,&hellip;<\/p>\n","protected":false},"author":3,"featured_media":21787,"comment_status":"open","ping_status":"open","sticky":false,"template":"","format":"standard","meta":{"footnotes":""},"categories":[57,11],"tags":[],"class_list":["post-21780","post","type-post","status-publish","format-standard","has-post-thumbnail","hentry","category-empresas","category-enoturismo"],"_links":{"self":[{"href":"https:\/\/enolife.com.ar\/es\/wp-json\/wp\/v2\/posts\/21780","targetHints":{"allow":["GET"]}}],"collection":[{"href":"https:\/\/enolife.com.ar\/es\/wp-json\/wp\/v2\/posts"}],"about":[{"href":"https:\/\/enolife.com.ar\/es\/wp-json\/wp\/v2\/types\/post"}],"author":[{"embeddable":true,"href":"https:\/\/enolife.com.ar\/es\/wp-json\/wp\/v2\/users\/3"}],"replies":[{"embeddable":true,"href":"https:\/\/enolife.com.ar\/es\/wp-json\/wp\/v2\/comments?post=21780"}],"version-history":[{"count":0,"href":"https:\/\/enolife.com.ar\/es\/wp-json\/wp\/v2\/posts\/21780\/revisions"}],"wp:featuredmedia":[{"embeddable":true,"href":"https:\/\/enolife.com.ar\/es\/wp-json\/wp\/v2\/media\/21787"}],"wp:attachment":[{"href":"https:\/\/enolife.com.ar\/es\/wp-json\/wp\/v2\/media?parent=21780"}],"wp:term":[{"taxonomy":"category","embeddable":true,"href":"https:\/\/enolife.com.ar\/es\/wp-json\/wp\/v2\/categories?post=21780"},{"taxonomy":"post_tag","embeddable":true,"href":"https:\/\/enolife.com.ar\/es\/wp-json\/wp\/v2\/tags?post=21780"}],"curies":[{"name":"wp","href":"https:\/\/api.w.org\/{rel}","templated":true}]}}