{"id":21772,"date":"2020-10-16T19:24:58","date_gmt":"2020-10-16T19:24:58","guid":{"rendered":"http:\/\/enolife.com.ar\/es\/?p=21772"},"modified":"2020-10-21T03:40:20","modified_gmt":"2020-10-21T03:40:20","slug":"ante-la-falta-de-trabajadores-golondrina-gobierno-y-soeva-capacitaran-nuevos-cosechadores-de-uva","status":"publish","type":"post","link":"https:\/\/enolife.com.ar\/es\/ante-la-falta-de-trabajadores-golondrina-gobierno-y-soeva-capacitaran-nuevos-cosechadores-de-uva\/","title":{"rendered":"Ante la falta de obreros golondrina, Gobierno y Soeva capacitar\u00e1n a mendocinos para cosechar"},"content":{"rendered":"\n<h4 class=\"wp-block-heading\"><em><strong>A d\u00edas de la cosecha de ajo, semanas para los frutales y tres meses para la cosecha de uva, el gobierno de Mendoza y el Sindicato de Obreros y Empleados Vitivin\u00edcolas (Soeva) firmaron un convenio para preparar a trabajadores locales que quieran levantar la producci\u00f3n, para lo cual se abri\u00f3 el registro virtual \u00abReinventa\u00bb. La iniciativa busca dar respuesta a las necesidades de los productores mendocinos, ya que se prev\u00e9 que, por las restricciones al tr\u00e1nsito interprovincial en Argentina a causa del Covid, faltar\u00e1 mano de obra oriunda de otras zonas del pa\u00eds.<\/strong><\/em><\/h4>\n\n\n\n<div style=\"height:20px\" aria-hidden=\"true\" class=\"wp-block-spacer\"><\/div>\n\n\n\n\n\n<div style=\"height:37px\" aria-hidden=\"true\" class=\"wp-block-spacer\"><\/div>\n\n\n\n<p>En el marco del encuentro entre los funcionarios de gobierno y los sindicalistas de Soeva, Enrique Vaqui\u00e9, titular de Econom\u00eda de Mendoza, destac\u00f3: \u201cQuiero rescatar la actitud de Soeva Maip\u00fa ante esta situaci\u00f3n. Ahora nos toca un nuevo desaf\u00edo, producto de la pandemia, que impide la llegada, por el momento de mano de obra de otras provincias. Es la \u00fanica forma de salir adelante, acordar con todos los sectores para que los mendocinos generemos m\u00e1s y mejores ingresos. Buscamos jerarquizar el trabajo de nuestros mendocinos\u201d.<\/p>\n\n\n\n<p>\u201cDe cara a la temporada de cosecha que se viene, se ha trabajado de manera conjunta entre las subsecretar\u00edas de Agricultura y Ganader\u00eda y de Industria y Comercio para sentar en una misma mesa a todos los actores para ver c\u00f3mo abordamos uno de los temas de mayor importancia y que tiene que ver con la mano de obra para hacer frente a las necesidades de los productores locales\u201d, coment\u00f3 por su parte Emilce Vega Espinoza, directora Territorial de Empleo y Capacitaci\u00f3n.<\/p>\n\n\n\n<p>La funcionaria explic\u00f3 que para hacer frente a esta situaci\u00f3n, desde el Ejecutivo provincial se avanz\u00f3 en la firma de un convenio de mutua colaboraci\u00f3n con autoridades del Sindicato de Obreros y empleados vitivin\u00edcolas de Mendoza (SOEVA) a los efectos de brindar capacitaciones a los trabajadores.<\/p>\n\n\n\n<p>\u201cParalelamente ma\u00f1ana vamos a lanzar una plataforma para quienes no tengan dicha capacitaci\u00f3n y necesiten mejorar sus econom\u00edas, van a poder inscribirse. Buscamos vincular la oferta y la demanda, de decir aquellas empresas, productores, todo este sector agrario que se pueda vincular y por otro lado todos aquellos quienes est\u00e1n en busca de trabajo que puedan acercarse y puedan recibir capacitaci\u00f3n por parte del Ministerio de Econm\u00eda\u201d, agreg\u00f3 la titular de Empleo y Capacitaci\u00f3n.<\/p>\n\n\n\n<p>\u201cFrente a esta situaci\u00f3n nos vemos obligados a trabajar con mano de obra local, potenciarla y tambi\u00e9n ver esto como una oportunidad de que el flujo econ\u00f3mico que se genere quede en la provincia\u201d, agreg\u00f3 Vega Espinoza, quien adem\u00e1s resalt\u00f3: Seg\u00fan la informaci\u00f3n que nos han facilitado, la seccional de SOEVA en Maip\u00fa contar\u00eda en principio con unas 3.500 a 4.000 personas y a eso hay que sumar el resto de las delegaciones\u201d.<\/p>\n\n\n\n<p>Consultada Vega Espinoza sobre si esta medida podr\u00e1 dar respuesta a la necesidad de mano de obra para el sector, remarc\u00f3: \u201cEsperamos que si. Estamos en una situaci\u00f3n muy cambiante producto de la pandemia que nos va requiriendo generar nuevas estrategias que tenemos que comprometernos a llevar por el bien de Mendoza y los mendocinos\u201d.<\/p>\n\n\n\n<div style=\"height:20px\" aria-hidden=\"true\" class=\"wp-block-spacer\"><\/div>\n\n\n\n<div class=\"wp-block-image\"><figure class=\"aligncenter\"><img decoding=\"async\" src=\"https:\/\/www.mendoza.gov.ar\/wp-content\/uploads\/sites\/5\/2020\/10\/IMG-20201015-WA0022-700x466.jpg\" alt=\"\"\/><figcaption><strong>Participantes de la reuni\u00f3n para la firma del convenio<\/strong><\/figcaption><\/figure><\/div>\n\n\n\n<div style=\"height:20px\" aria-hidden=\"true\" class=\"wp-block-spacer\"><\/div>\n\n\n\n<p>Luis Pezzutti, de SOEVA, sostuvo que esta firma viene a cerrar una idea que \u00e9l y desde su instituci\u00f3n, se ven\u00eda barajando desde hace un tiempo. El dirigente entiende que esta situaci\u00f3n que se presenta es una oportunidad para el sindicato y para darle valor a la cosecha: \u201cHay que jerarquizar la actividad, se debe pagar bien el trabajo de los cosechadores y de cierta forma esto va a ayudar que el gobierno, las c\u00e1maras y los sindicatos lleguen a acuerdos que permitan que la cosecha sea levantada por mendocinos, pero ante esta situaci\u00f3n, debemos tomar las medias de higiene y seguridad necesarias\u201d.<\/p>\n\n\n\n<p>Por su parte Alberto Carleti, presidente de la Federaci\u00f3n Econ\u00f3mica de Mendoza (FEM), resalt\u00f3: \u201cEsto de poder articular el sector p\u00fablico, el privado y el sindical es muy importante. Es un acuerdo que permitir\u00e1 transitar un tema muy complejo como lo es la cosecha en \u00e9poca de pandemia. El desaf\u00edo, a diferencia de la \u00faltima cosecha, es totalmente distinto ya que estamos con un nivel de contagios que en los meses de febrero o marzo no ten\u00edamos y ahora tenemos, adem\u00e1s, todas las cosechas de Mendoza por realizar, entonces el desaf\u00edo es mucho m\u00e1s complejo\u201d.<\/p>\n\n\n\n<p>\u201cEs es una iniciativa impulsada desde el sector vitivin\u00edcola pero vamos a necesitar que se replique en el resto de las actividades fundamentalmente a la cosecha del ajo que es la segunda actividad en importancia de la provincia, a su vez se aproxima la cosecha de la cereza. Creo que se debe seguir trabajando en la posibilidad de contar con mano de obra proveniente de otras provincias\u201d, cerr\u00f3 Carleti.<\/p>\n\n\n\n<p>Jos\u00e9 Alberto Zuccardi, de la Uni\u00f3n Vitivin\u00edcola Argentina (UVA) y de la Corporaci\u00f3n Vitivin\u00edcola Argentina (COVIAR), remarc\u00f3 que esta articulaci\u00f3n entre el estado, los privados y el sindicato es muy importante ya que lo que se pretende es que muchos mendocinos se incorporen a un trabajo que es muy importante como es la vendimia.<\/p>\n\n\n\n<p><br>En este sentido remarc\u00f3: \u201cQuiz\u00e1s en los \u00faltimos a\u00f1os mucha gente ha venido desde otras provincias a Mendoza para cosechar y se perdi\u00f3 un poco esa celebraci\u00f3n de la cosecha y de la participaci\u00f3n de los miembros de la familia que se suman a la vendimia y que contribuyen a la cosecha. Creo que m\u00e1s all\u00e1 de la coyuntura, esta mirada orientada a darle jerarqu\u00eda a la actividad es por dem\u00e1s importante\u201d.<\/p>\n\n\n\n<p><br>Mercelo Federicci de la Asociaci\u00f3n de Cooperativas Vitivin\u00edcolas (ACOVI), agreg\u00f3: \u201cCreo que es un paso muy importante el que se ha dado, la vitivinicultura necesita de mucha mano de obra y la capacitaci\u00f3n es fundamental ya que los niveles de productividad y est\u00e1ndares de calidad que necesitamos, dependen de la capacitaci\u00f3n de la mano de obra que tenemos\u201d.<\/p>\n\n\n\n<p>\u201cTenemos que articular entre todos para lograr la cosecha con mano de obra local de manera que los ingresos que se generen por ese trabajo quede en Mendoza. Desde el cooperativismo alentamos este tipo de iniciativas ya que en alg\u00fan momento la cosecha represent\u00f3 la posibilidad para muchas familias de avanzar en resolver muchas cosas producto de los ingresos que se generaban por esta actividad\u201d, cerr\u00f3 Federicci.<\/p>\n\n\n\n<p>Por \u00faltimo, Walter Pav\u00f3n, gerente de Relaciones instituciones de Bodegas de Argentina, se\u00f1al\u00f3 que la firma de este convenio viene a demostrar de que las cosas se pueden hacer siempre de una manera diferente: \u201cAplaudimos la actitud que ha tenido el sindicato que nuclea a los trabajadores vitivin\u00edcolas que se ha acercado para trabajar conjuntamente e intentar solucionar estos problemas generado por la pandemia\u201d.<\/p>\n\n\n\n<p>\u201cSi uno capacita a la gente, si uno le posibilita la llegada a un trabajo de una manera formal, claramente esto jerarquiza a toda la actividad, es decir, desde los niveles m\u00e1s bajos que tienen que los obreros de vi\u00f1a quienes tienen una labor muy importante en todo el ciclo\u201d, cerr\u00f3.<\/p>\n\n\n\n<p><strong><em>Fuente: Gobierno de Mendoza<\/em><\/strong><\/p>\n","protected":false},"excerpt":{"rendered":"<p>A d\u00edas de la cosecha de ajo, semanas para los frutales y tres meses para&hellip;<\/p>\n","protected":false},"author":3,"featured_media":21804,"comment_status":"open","ping_status":"open","sticky":false,"template":"","format":"standard","meta":{"footnotes":""},"categories":[14],"tags":[],"class_list":["post-21772","post","type-post","status-publish","format-standard","has-post-thumbnail","hentry","category-news"],"_links":{"self":[{"href":"https:\/\/enolife.com.ar\/es\/wp-json\/wp\/v2\/posts\/21772","targetHints":{"allow":["GET"]}}],"collection":[{"href":"https:\/\/enolife.com.ar\/es\/wp-json\/wp\/v2\/posts"}],"about":[{"href":"https:\/\/enolife.com.ar\/es\/wp-json\/wp\/v2\/types\/post"}],"author":[{"embeddable":true,"href":"https:\/\/enolife.com.ar\/es\/wp-json\/wp\/v2\/users\/3"}],"replies":[{"embeddable":true,"href":"https:\/\/enolife.com.ar\/es\/wp-json\/wp\/v2\/comments?post=21772"}],"version-history":[{"count":0,"href":"https:\/\/enolife.com.ar\/es\/wp-json\/wp\/v2\/posts\/21772\/revisions"}],"wp:featuredmedia":[{"embeddable":true,"href":"https:\/\/enolife.com.ar\/es\/wp-json\/wp\/v2\/media\/21804"}],"wp:attachment":[{"href":"https:\/\/enolife.com.ar\/es\/wp-json\/wp\/v2\/media?parent=21772"}],"wp:term":[{"taxonomy":"category","embeddable":true,"href":"https:\/\/enolife.com.ar\/es\/wp-json\/wp\/v2\/categories?post=21772"},{"taxonomy":"post_tag","embeddable":true,"href":"https:\/\/enolife.com.ar\/es\/wp-json\/wp\/v2\/tags?post=21772"}],"curies":[{"name":"wp","href":"https:\/\/api.w.org\/{rel}","templated":true}]}}