{"id":21744,"date":"2020-10-16T03:46:30","date_gmt":"2020-10-16T03:46:30","guid":{"rendered":"http:\/\/enolife.com.ar\/es\/?p=21744"},"modified":"2020-10-18T13:31:28","modified_gmt":"2020-10-18T13:31:28","slug":"vivero-mercier-revelo-como-obtuvo-su-seleccion-masal-de-torrontes-riojano-de-agrelo","status":"publish","type":"post","link":"https:\/\/enolife.com.ar\/es\/vivero-mercier-revelo-como-obtuvo-su-seleccion-masal-de-torrontes-riojano-de-agrelo\/","title":{"rendered":"Vivero Mercier revel\u00f3 c\u00f3mo obtuvo su selecci\u00f3n masal de torront\u00e9s riojano de Agrelo"},"content":{"rendered":"\n<h4 class=\"wp-block-heading\"><em><strong>El torront\u00e9s riojano es una uva nativa de Argentina, tan aut\u00f3ctona como el tango y el dulce de leche. Es distinto, es particular, y en algunos terroirs adquiere caracter\u00edsticas excepcionales. Es el caso del torront\u00e9s riojano Selecci\u00f3n Mercier\u00ae La Colonia, obtenido de un parral de m\u00e1s de 50 a\u00f1os de Agrelo, Luj\u00e1n, Mendoza. Y en la Semana del Torront\u00e9s Riojano, Vivero Mercier comparte informaci\u00f3n nunca antes divulgada sobre esta selecci\u00f3n masal que integran su portfolio de productos. Es una selecci\u00f3n de alta productividad: se han observado rendimientos que oscilan en los 280 qq\/Ha, con un promedio de 23 racimos y 11,6 kg de uva por planta.<\/strong><\/em><\/h4>\n\n\n\n<div style=\"height:20px\" aria-hidden=\"true\" class=\"wp-block-spacer\"><\/div>\n\n\n\n<p>La selecci\u00f3n masal del <strong>torront\u00e9s riojano Selecci\u00f3n Mercier\u00ae La Colonia<\/strong> fue obtenida por Vivero Mercier Argentina en 2008. La parcela sobre la cual se realiz\u00f3 la selecci\u00f3n es un antiguo parral, implantado hace m\u00e1s de 50 a\u00f1os, ubicado en Finca \u201cLa Colonia\u201d, de Agrelo, Luj\u00e1n de Cuyo. Antes de elegirla, hubo una minuciosa b\u00fasqueda por la zona, hasta que en esta parcela se observaron las condiciones precisas para iniciar el trabajo de selecci\u00f3n: pureza y tipicidad varietal, sanidad, alta homogeneidad de racimos, color y madurez uniformes, y un nivel de producci\u00f3n estable.<\/p>\n\n\n\n<p>El estudio de Vivero Mercier sobre el torront\u00e9s riojano tuvo su primer hito cuando en 2010 se realiz\u00f3 la primera microvinificaci\u00f3n para evaluar datos enol\u00f3gicos, al tiempo que se relevaron sus caracter\u00edsticas agron\u00f3micas.<\/p>\n\n\n\n<p>La investigaci\u00f3n tuvo continuidad en 2012, 2013 y 2014, y permiti\u00f3 corroborar los sobresalientes atributos observados en aquella primera vinificaci\u00f3n.<\/p>\n\n\n\n<div style=\"height:20px\" aria-hidden=\"true\" class=\"wp-block-spacer\"><\/div>\n\n\n\n<p class=\"has-medium-font-size\"><strong>Los datos agron\u00f3micos de la selecci\u00f3n<\/strong><\/p>\n\n\n\n<p>Las plantas de torront\u00e9s riojano evaluadas estaban conducidas en parral, con sistema de poda a pit\u00f3n y cargador, sobre pie franco y riego por superficie. La distancia de plantaci\u00f3n era de 2,50 m entre hileras y 2,50 m entre plantas, con un total de 3.200 plantas por hect\u00e1rea.<\/p>\n\n\n\n<div style=\"height:20px\" aria-hidden=\"true\" class=\"wp-block-spacer\"><\/div>\n\n\n\n<div class=\"wp-block-image\"><figure class=\"alignleft size-large is-resized\"><img loading=\"lazy\" decoding=\"async\" src=\"https:\/\/enolife.com.ar\/es\/wp-content\/uploads\/2020\/10\/Torrontes-La-Colonia-1024x768.jpg\" alt=\"\" class=\"wp-image-21813\" width=\"224\" height=\"168\" srcset=\"https:\/\/enolife.com.ar\/es\/wp-content\/uploads\/2020\/10\/Torrontes-La-Colonia-1024x768.jpg 1024w, https:\/\/enolife.com.ar\/es\/wp-content\/uploads\/2020\/10\/Torrontes-La-Colonia-300x225.jpg 300w, https:\/\/enolife.com.ar\/es\/wp-content\/uploads\/2020\/10\/Torrontes-La-Colonia-768x576.jpg 768w, https:\/\/enolife.com.ar\/es\/wp-content\/uploads\/2020\/10\/Torrontes-La-Colonia-1170x878.jpg 1170w, https:\/\/enolife.com.ar\/es\/wp-content\/uploads\/2020\/10\/Torrontes-La-Colonia-585x439.jpg 585w, https:\/\/enolife.com.ar\/es\/wp-content\/uploads\/2020\/10\/Torrontes-La-Colonia.jpg 1222w\" sizes=\"auto, (max-width: 224px) 100vw, 224px\" \/><\/figure><\/div>\n\n\n\n<p><em>\u201cLa selecci\u00f3n Mercier\u00ae La Colonia presenta racimos de tama\u00f1o muy grandes, de forma c\u00f3nicoalargada y poco compactos, con un peso promedio de 350 gramos. Sus bayas son tambi\u00e9n muy grandes, en promedio de 3,5 gramos, de forma bien redonda, color amarillo verdoso y notablemente perfumadas. Muy regular en su distribuci\u00f3n de calibre de bayas y pesos de racimos. Es una selecci\u00f3n de destacada productividad. En general se han observado rendimientos que oscilan en los 280 qq\/Ha, con un promedio de 11,6 kg de uva por planta y 23 racimos en promedio\u201d<\/em>, precis\u00f3 la licenciada Laura Bree, responsable del Departamento de I+D de Vivero Mercier.<\/p>\n\n\n\n<p>Sobre la fecha de cosecha, los referentes del Vivero comentaron que se sit\u00faa generalmente en la primera semana de abril, alcanzando niveles de az\u00facar intermedios, dando lugar a vinos de potencial alcoh\u00f3lico moderado, en promedio de 12,6 % v\/v y acidez media &nbsp;de 5,9 g\/l de \u00e1cido tart\u00e1rico.<\/p>\n\n\n\n<div style=\"height:20px\" aria-hidden=\"true\" class=\"wp-block-spacer\"><\/div>\n\n\n\n<p class=\"has-medium-font-size\"><strong>Los datos enol\u00f3gicos de la selecci\u00f3n<\/strong><\/p>\n\n\n\n<p>En cuanto a la evaluaci\u00f3n de las microvinificaciones realizadas por el vivero con torront\u00e9s riojano Selecci\u00f3n Mercier\u00ae La Colonia<em>, <\/em>se puede concluir que con esta selecci\u00f3n se obtiene un vino de intensidad de color media, con destacados matices color amarillos verdosos, de tintes dorados y brillantes. &nbsp;<\/p>\n\n\n\n<div style=\"height:20px\" aria-hidden=\"true\" class=\"wp-block-spacer\"><\/div>\n\n\n\n<div class=\"wp-block-image\"><figure class=\"aligncenter size-large\"><img loading=\"lazy\" decoding=\"async\" width=\"643\" height=\"327\" src=\"https:\/\/enolife.com.ar\/es\/wp-content\/uploads\/2020\/10\/Gr\u00e1fico-Descriptores-Torront\u00e9s.png\" alt=\"\" class=\"wp-image-21806\" srcset=\"https:\/\/enolife.com.ar\/es\/wp-content\/uploads\/2020\/10\/Gr\u00e1fico-Descriptores-Torront\u00e9s.png 643w, https:\/\/enolife.com.ar\/es\/wp-content\/uploads\/2020\/10\/Gr\u00e1fico-Descriptores-Torront\u00e9s-300x153.png 300w, https:\/\/enolife.com.ar\/es\/wp-content\/uploads\/2020\/10\/Gr\u00e1fico-Descriptores-Torront\u00e9s-585x298.png 585w\" sizes=\"auto, (max-width: 643px) 100vw, 643px\" \/><\/figure><\/div>\n\n\n\n<div style=\"height:20px\" aria-hidden=\"true\" class=\"wp-block-spacer\"><\/div>\n\n\n\n<p>Al an\u00e1lisis olfativo expresa una intensidad arom\u00e1tica muy marcada con aromas sobresalientes a flores, entre las que se destacan las flores blancas, tilo, jazm\u00edn y manzanilla. Da vinos de acidez media, pero de frescura interesante, bien equilibrados, de paladar persistente, vivaces y excelente tipicidad varietal.<\/p>\n\n\n\n<div style=\"height:20px\" aria-hidden=\"true\" class=\"wp-block-spacer\"><\/div>\n\n\n\n<div class=\"wp-block-image\"><figure class=\"alignleft size-large is-resized\"><img loading=\"lazy\" decoding=\"async\" src=\"https:\/\/enolife.com.ar\/es\/wp-content\/uploads\/2020\/10\/Microvinificaciones-de-la-Selecci\u00f3n-La-Colonia-1.jpeg\" alt=\"\" class=\"wp-image-21811\" width=\"166\" height=\"217\" srcset=\"https:\/\/enolife.com.ar\/es\/wp-content\/uploads\/2020\/10\/Microvinificaciones-de-la-Selecci\u00f3n-La-Colonia-1.jpeg 680w, https:\/\/enolife.com.ar\/es\/wp-content\/uploads\/2020\/10\/Microvinificaciones-de-la-Selecci\u00f3n-La-Colonia-1-228x300.jpeg 228w, https:\/\/enolife.com.ar\/es\/wp-content\/uploads\/2020\/10\/Microvinificaciones-de-la-Selecci\u00f3n-La-Colonia-1-585x769.jpeg 585w\" sizes=\"auto, (max-width: 166px) 100vw, 166px\" \/><figcaption><strong>Microvinificaciones de la Selecci\u00f3n La Colonia<\/strong><\/figcaption><\/figure><\/div>\n\n\n\n<p><em>\u201cDe las gratas degustaciones que nos ha tocado compartir con nuestros clientes y amigos y en donde la seductora variedad blanca de car\u00e1cter terp\u00e9nico ha sido la protagonista, hemos recogido innumerables descriptores arom\u00e1ticos que van desde marcadas notas florales como zarcillo, flor de jarilla, azahares, jacinto, rosa mosqueta, manzanilla, tilo, jazm\u00edn hasta las m\u00e1s distinguidas notas especiadas como menta, ruda, lavanda, tomillo, laurel y sutiles notas frutales como banana, durazno, quinotos y en algunos casos, para vinos m\u00e1s a\u00f1ejados, tambi\u00e9n se han mencionado delicados toques melosos que hacen de este varietal, rico en componentes vol\u00e1tiles, una explosi\u00f3n de aromas y sabores dignos de recordar\u201d,<\/em> concluy\u00f3 Laura Bree.<\/p>\n","protected":false},"excerpt":{"rendered":"<p>El torront\u00e9s riojano es una uva nativa de Argentina, tan aut\u00f3ctona como el tango y&hellip;<\/p>\n","protected":false},"author":3,"featured_media":21805,"comment_status":"open","ping_status":"open","sticky":false,"template":"","format":"standard","meta":{"footnotes":""},"categories":[5],"tags":[],"class_list":["post-21744","post","type-post","status-publish","format-standard","has-post-thumbnail","hentry","category-fincas"],"_links":{"self":[{"href":"https:\/\/enolife.com.ar\/es\/wp-json\/wp\/v2\/posts\/21744","targetHints":{"allow":["GET"]}}],"collection":[{"href":"https:\/\/enolife.com.ar\/es\/wp-json\/wp\/v2\/posts"}],"about":[{"href":"https:\/\/enolife.com.ar\/es\/wp-json\/wp\/v2\/types\/post"}],"author":[{"embeddable":true,"href":"https:\/\/enolife.com.ar\/es\/wp-json\/wp\/v2\/users\/3"}],"replies":[{"embeddable":true,"href":"https:\/\/enolife.com.ar\/es\/wp-json\/wp\/v2\/comments?post=21744"}],"version-history":[{"count":0,"href":"https:\/\/enolife.com.ar\/es\/wp-json\/wp\/v2\/posts\/21744\/revisions"}],"wp:featuredmedia":[{"embeddable":true,"href":"https:\/\/enolife.com.ar\/es\/wp-json\/wp\/v2\/media\/21805"}],"wp:attachment":[{"href":"https:\/\/enolife.com.ar\/es\/wp-json\/wp\/v2\/media?parent=21744"}],"wp:term":[{"taxonomy":"category","embeddable":true,"href":"https:\/\/enolife.com.ar\/es\/wp-json\/wp\/v2\/categories?post=21744"},{"taxonomy":"post_tag","embeddable":true,"href":"https:\/\/enolife.com.ar\/es\/wp-json\/wp\/v2\/tags?post=21744"}],"curies":[{"name":"wp","href":"https:\/\/api.w.org\/{rel}","templated":true}]}}