{"id":21678,"date":"2020-10-15T16:52:28","date_gmt":"2020-10-15T16:52:28","guid":{"rendered":"http:\/\/enolife.com.ar\/es\/?p=21678"},"modified":"2020-10-16T19:25:42","modified_gmt":"2020-10-16T19:25:42","slug":"piden-declarar-el-19-11-dia-del-contratista-de-vina-que-cobren-12-meses-al-ano-y-se-jubilen-a-los-57","status":"publish","type":"post","link":"https:\/\/enolife.com.ar\/es\/piden-declarar-el-19-11-dia-del-contratista-de-vina-que-cobren-12-meses-al-ano-y-se-jubilen-a-los-57\/","title":{"rendered":"Piden declarar el 19\/11 D\u00eda del Contratista de Vi\u00f1a, que cobren 12 meses al a\u00f1o y se jubilen a los 57"},"content":{"rendered":"\n<h4 class=\"wp-block-heading\"><em><strong>El diputado mendocino Marcelo Aparicio (PJ) se hizo eco de una antigua propuesta del Sindicato \u00danico de Trabajadores Contratistas de Vi\u00f1as y Frutales de Mendoza -liderado por Edgardo Lera- y present\u00f3 en la Legislatura provincial un proyecto de ley para instituir el \u00abD\u00eda de los y las contratistas de vi\u00f1as y frutales de Mendoza\u00bb cada 19 de noviembre, d\u00eda de 1946 en que se fund\u00f3 la agrupaci\u00f3n gremial. La iniciativa del legislador peronista va en l\u00ednea con el reclamo del gremio de mejores condiciones de trabajo y mayor remuneraci\u00f3n para estos trabajadores, piezas clave del agro en general y la vitivinicultura en particular, quienes perciben s\u00f3lo 10 salarios al a\u00f1o y deben jubilarse a los 65 a\u00f1os pese al desgaste f\u00edsico que implica su trabajo sin horarios ni feriados ni aguinaldo. <\/strong><\/em><\/h4>\n\n\n\n<div style=\"height:54px\" aria-hidden=\"true\" class=\"wp-block-spacer\"><\/div>\n\n\n\n<div class=\"wp-block-image\"><figure class=\"alignleft size-large is-resized\"><img loading=\"lazy\" decoding=\"async\" src=\"https:\/\/enolife.com.ar\/es\/wp-content\/uploads\/2020\/10\/marcelo-aparicio.jpg\" alt=\"\" class=\"wp-image-21767\" width=\"148\" height=\"143\" srcset=\"https:\/\/enolife.com.ar\/es\/wp-content\/uploads\/2020\/10\/marcelo-aparicio.jpg 463w, https:\/\/enolife.com.ar\/es\/wp-content\/uploads\/2020\/10\/marcelo-aparicio-300x289.jpg 300w\" sizes=\"auto, (max-width: 148px) 100vw, 148px\" \/><figcaption><strong>Marcelo Aparicio<\/strong><\/figcaption><\/figure><\/div>\n\n\n\n<p>El texto del proyecto de ley del <strong>diputado peronista Marcelo Aparicio<\/strong> comienza describiendo el origen de este trabajo: \u00abA lo largo de la historia, la figura de los y las contratistas de vi\u00f1as y frutales ha sido regulada de manera aut\u00f3noma y particular por ser considerada con aspectos propios del trabajo dependiente, por una parte, y de car\u00e1cter asociativo, por otra. Esta figura naci\u00f3 como privativa de las provincias <strong>Mendoza<\/strong> y <strong>San Juan<\/strong>, por ser la zona principal de asiento de la industria vitivin\u00edcola\u00bb.<\/p>\n\n\n\n<p>La presentaci\u00f3n, que ya est\u00e1 siendo analizada en la <strong>Comisi\u00f3n de Cultura y Educaci\u00f3n de la Legislatur<\/strong>a, contin\u00faa con una explicaci\u00f3n del origen del nombre \u00abcontratista\u00bb: \u00abA partir de la migraci\u00f3n de personas provenientes de regiones de tradici\u00f3n vitivin\u00edcola a principios del siglo XX, el cuidado y atenci\u00f3n de los vi\u00f1edos se comenz\u00f3 a realizar por aquellas, denominadas informalmente &#8216;contratistas&#8217;. Su nombre se debe a que no explotan tierras de su propiedad sino que poseen un contrato con los propietarios de las mismas quienes les encomiendan diversas tareas.\u00bb<\/p>\n\n\n\n<div style=\"height:20px\" aria-hidden=\"true\" class=\"wp-block-spacer\"><\/div>\n\n\n\n<div class=\"wp-block-image\"><figure class=\"alignleft size-large is-resized\"><img loading=\"lazy\" decoding=\"async\" src=\"https:\/\/enolife.com.ar\/es\/wp-content\/uploads\/2020\/10\/edgardo-lera.jpg\" alt=\"\" class=\"wp-image-21766\" width=\"155\" height=\"140\" srcset=\"https:\/\/enolife.com.ar\/es\/wp-content\/uploads\/2020\/10\/edgardo-lera.jpg 384w, https:\/\/enolife.com.ar\/es\/wp-content\/uploads\/2020\/10\/edgardo-lera-300x270.jpg 300w\" sizes=\"auto, (max-width: 155px) 100vw, 155px\" \/><figcaption><strong>Edgardo Lera<\/strong><\/figcaption><\/figure><\/div>\n\n\n\n<p>Como reconocimiento a estos trabajadores, el secretario general del Sindicato, <strong>Edgardo Lera,<\/strong> comenz\u00f3 a impulsar la idea en 2015, y finalmente en estos \u00faltimos d\u00edas el diputado Aparicio recogi\u00f3 el guante y present\u00f3 su proyecto de ley. <br>El texto de la norma propuesta contin\u00faa: <\/p>\n\n\n\n<p>\u00abEstas personas trabajadoras son fundamentales para el desarrollo de una de las principales matrices productivas que posee Mendoza. Con su esfuerzo llevan adelante tareas culturales propias de la explotaci\u00f3n agr\u00edcola de la Provincia, como la poda, el arado, manejo de suelo, la limpieza, replante, el combate de las plagas y heladas, manejo de agua, riego, entre otras. Adem\u00e1s, se comprometen al cuidado de las fincas y las herramientas de trabajo que tienen a su cargo.<\/p>\n\n\n\n<p>\u00abEs destacable que las tareas de los y las contratistas de vi\u00f1as y frutales, muchas veces no son llevadas a cabo de manera individual sino con el acompa\u00f1amiento de sus familias, siendo \u00e9ste el \u00fanico sustento del grupo. La labor de ellos, junto a la de las personas obreras de vi\u00f1a, cosechadoras y empacadoras de frutas, es imprescindible para la econom\u00eda de la provincia.<\/p>\n\n\n\n<p>Prosigue el proyecto de ley: \u00abEl 19 de noviembre de 1946 fue fundado el <strong>Sindicato \u00danico de Trabajadores Contratistas de Vi\u00f1as y Frutales de Mendoza<\/strong>, fundamental para la protecci\u00f3n de los derechos y la mejora de las condiciones de trabajo de los y las contratistas, quienes a\u00fan hoy siguen luchando firmemente por esos objetivos. Entre ellos, las principales son: lograr que los y las contratistas cobren 12 meses al a\u00f1o y la reducci\u00f3n de la edad jubilatoria a 57 a\u00f1os por el enorme desgaste que esta tarea causa en su salud integral\u00bb.<\/p>\n\n\n\n<p>\u00abEs importante destacar -afirma el documento- que en 1973, por la ley 20.589, hab\u00edan sido considerados como trabajadores en relaci\u00f3n de dependencia, con caracter\u00edsticas especiales. Esta norma fue derogada por el gobierno de facto en 1980, que sancion\u00f3 la ley 22.163 hasta que con el renacer de la Democracia, en 1984 se sancion\u00f3 la ley 23.154 vigente restableciendo las normas de la ley 20.589 con algunas modificaciones\u00bb.<\/p>\n\n\n\n<p>\u00abGracias a la sanci\u00f3n de la ley que reconoce esta relaci\u00f3n de dependencia, se asegur\u00f3 una remuneraci\u00f3n a estas personas trabajadoras, adem\u00e1s de comenzar a percibir asignaciones familiares, indemnizaci\u00f3n por accidente de trabajo o despido. Dentro de las caracter\u00edsticas especiales de este tipo de contrataci\u00f3n se encuentra el requisito de que sea redactado por escrito y registrado en la Subsecretar\u00eda de Trabajo y Empleo\u00bb.<\/p>\n\n\n\n<p>\u00abLa legislaci\u00f3n posee muchas carencias, las que los integrantes del Sindicato \u00danico de Trabajadores Contratistas de Vi\u00f1as y Frutales se encuentran intentando revertir. Algunas de ellas son: la percepci\u00f3n del salario s\u00f3lo por 10 meses, perdiendo no s\u00f3lo el salario sino tambi\u00e9n sus aportes previsionales de los dos meses restantes; la no inclusi\u00f3n del porcentaje de cosecha en la indemnizaci\u00f3n; no poseen feriados, sueldo anual complementario, vacaciones ni horarios. A lo manifestado se suma que toda la familia de la persona contratista trabaja por el mismo sueldo\u00bb.<\/p>\n\n\n\n<div style=\"height:20px\" aria-hidden=\"true\" class=\"wp-block-spacer\"><\/div>\n\n\n\n<p class=\"has-background has-cyan-bluish-gray-background-color\">\u00abPor lo expuesto es que, actualmente, la Comisi\u00f3n Directiva del Sindicato reclama el cobro de remuneraciones los 12 meses del a\u00f1o y la reducci\u00f3n de la edad jubilatoria a 57 a\u00f1os considerando el enorme desgaste que esta tarea implica para la salud de las personas que dedican su vida a ella. De hecho, son enfermedades profesionales comunes a las personas que desempe\u00f1an esta actividad las de las articulaciones, huesos y m\u00fasculos, que se ven afectados por el trabajo manual y las inclemencias del tiempo\u00bb.<\/p>\n\n\n\n<div style=\"height:20px\" aria-hidden=\"true\" class=\"wp-block-spacer\"><\/div>\n\n\n\n<p>\u00abConsideramos que la fecha para homenajear a estas personas trabajadoras no puede ser otra que la del aniversario de la fundaci\u00f3n de la organizaci\u00f3n que d\u00eda a d\u00eda brega por sus derechos y por una mejora en las condiciones laborales. Sin dudas crear el d\u00eda provincial de los y las contratistas de vi\u00f1as y frutales implica un reconocimiento a la labor de estas personas trabajadoras que son fundamentales en la econom\u00eda mendocina\u00bb.<\/p>\n\n\n\n<p>\u00abPor lo expuesto -solicita finalmente el escrito de Aparicio- le pedimos a los y las legisladoras que nos acompa\u00f1en en el presente proyecto de ley para instituir el 19 de noviembre como el D\u00eda Provincial de los y las Contratistas de Vi\u00f1as y Frutales de Mendoza\u00bb.<\/p>\n\n\n\n<p><\/p>\n","protected":false},"excerpt":{"rendered":"<p>El diputado mendocino Marcelo Aparicio (PJ) se hizo eco de una antigua propuesta del Sindicato&hellip;<\/p>\n","protected":false},"author":3,"featured_media":21765,"comment_status":"open","ping_status":"open","sticky":false,"template":"","format":"standard","meta":{"footnotes":""},"categories":[14],"tags":[],"class_list":["post-21678","post","type-post","status-publish","format-standard","has-post-thumbnail","hentry","category-news"],"_links":{"self":[{"href":"https:\/\/enolife.com.ar\/es\/wp-json\/wp\/v2\/posts\/21678","targetHints":{"allow":["GET"]}}],"collection":[{"href":"https:\/\/enolife.com.ar\/es\/wp-json\/wp\/v2\/posts"}],"about":[{"href":"https:\/\/enolife.com.ar\/es\/wp-json\/wp\/v2\/types\/post"}],"author":[{"embeddable":true,"href":"https:\/\/enolife.com.ar\/es\/wp-json\/wp\/v2\/users\/3"}],"replies":[{"embeddable":true,"href":"https:\/\/enolife.com.ar\/es\/wp-json\/wp\/v2\/comments?post=21678"}],"version-history":[{"count":0,"href":"https:\/\/enolife.com.ar\/es\/wp-json\/wp\/v2\/posts\/21678\/revisions"}],"wp:featuredmedia":[{"embeddable":true,"href":"https:\/\/enolife.com.ar\/es\/wp-json\/wp\/v2\/media\/21765"}],"wp:attachment":[{"href":"https:\/\/enolife.com.ar\/es\/wp-json\/wp\/v2\/media?parent=21678"}],"wp:term":[{"taxonomy":"category","embeddable":true,"href":"https:\/\/enolife.com.ar\/es\/wp-json\/wp\/v2\/categories?post=21678"},{"taxonomy":"post_tag","embeddable":true,"href":"https:\/\/enolife.com.ar\/es\/wp-json\/wp\/v2\/tags?post=21678"}],"curies":[{"name":"wp","href":"https:\/\/api.w.org\/{rel}","templated":true}]}}