{"id":2163,"date":"2019-08-06T19:05:59","date_gmt":"2019-08-06T19:05:59","guid":{"rendered":"http:\/\/enolife.com.ar\/es\/?p=2163"},"modified":"2019-08-14T17:03:43","modified_gmt":"2019-08-14T17:03:43","slug":"argentina-necesita-mas-ingenieros-agronomos-y-regulaciones-para-colegiar-la-profesion","status":"publish","type":"post","link":"https:\/\/enolife.com.ar\/es\/argentina-necesita-mas-ingenieros-agronomos-y-regulaciones-para-colegiar-la-profesion\/","title":{"rendered":"Argentina necesita m\u00e1s ingenieros agr\u00f3nomos y regulaciones para colegiar la profesi\u00f3n"},"content":{"rendered":"\n<h4 class=\"wp-block-heading\"><em><strong>Trabajar como ingeniero en esta especialidad tiene sus complicaciones en Argentina, y es por eso que algunos desisten de dedicarse a la profesi\u00f3n, incluso cuando ya se recibieron.<\/strong><\/em><strong><em> <\/em><\/strong><\/h4>\n\n\n\n<div style=\"height:29px\" aria-hidden=\"true\" class=\"wp-block-spacer\"><\/div>\n\n\n\n<p>A pesar del rol protag\u00f3nico de Argentina en materia agropecuaria, se necesitan m\u00e1s ingenieros agr\u00f3nomos para satisfacer las demandas productivas de cada regi\u00f3n. Frente a este escenario, esta carrera se convierte en prioritaria no s\u00f3lo a la hora de cubrir \u00e1reas de vacancia, sino tambi\u00e9n para asegurar la protecci\u00f3n de los recursos naturales, la sustentabilidad de los sistemas agropecuarios, la inocuidad de la producci\u00f3n, y la seguridad y la soberan\u00eda alimentarias.<\/p>\n\n\n\n<p>El sector privado y las pol\u00edticas p\u00fablicas nacionales y locales desempe\u00f1an un papel decisivo y estrat\u00e9gico para estimular el inter\u00e9s de los j\u00f3venes por embarcarse en esta profesi\u00f3n.<\/p>\n\n\n\n<p>Los sistemas productivos cada vez m\u00e1s complejos e innovadores en cuanto al uso de insumos, maquinaria y log\u00edstica de comercializaci\u00f3n, requieren de personas altamente competentes que sean capaces de tomar decisiones, aprovechando oportunidades, minimizando los costos y mejorando la rentabilidad pero con pr\u00e1cticas cada vez m\u00e1s responsables para conservar los recursos naturales.<\/p>\n\n\n\n<p class=\"has-medium-font-size\"><strong>En Mendoza se demora la aprobaci\u00f3n de leyes<\/strong><\/p>\n\n\n\n<p>Adem\u00e1s del requerimiento de profesionales del \u00e1rea, hay algunas otras tem\u00e1ticas mas complejas a resolver. Leyes que no logran cumplirse, colegiaturas no espec\u00edficas de la profesi\u00f3n, falta de un gremio que los agrupe y discusiones para aprobar nuevas leyes o modernizar las ya existentes.<\/p>\n\n\n\n<p>En diciembre de 2018, en la C\u00e1mara de Diputados de Mendoza se comenz\u00f3 a debatir un proyecto de ley para la creaci\u00f3n del Colegio de Ingenieros Agr\u00f3nomos de Mendoza, ya que hasta ahora est\u00e1n agrupados en el Colegio de Ingenieros y Ge\u00f3logos. Y esta colegiaci\u00f3n tiene sus inconvenientes, porque la ingenier\u00eda civil, la geolog\u00eda y la agronom\u00eda no tienen las mismas necesidades, y en ese marco a los profesionales del agro se le hace dif\u00edcil conseguir los beneficios que requieren. <\/p>\n\n\n\n<p>Ante esta necesidad, integrantes de la comisi\u00f3n de Legislaci\u00f3n y Asuntos Constitucionales (LAC), que preside Jorge Albarrac\u00edn (UCR), analizaron el proyecto de ley de creaci\u00f3n del Colegio de Ingenieros Agr\u00f3nomos de la Provincia de Mendoza, originalmente impulsado por el diputado Marcelo Aparicio (UC).<\/p>\n\n\n\n<figure class=\"wp-block-image\"><img decoding=\"async\" src=\"http:\/\/www.hcdmza.gob.ar\/web\/images\/Noticias\/2018\/noviembre\/PAGINALAC.jpg?i=016\" alt=\"Resultado de imagen para comisi\u00c3\u00b3n de Legislaci\u00c3\u00b3n y Asuntos Constitucionales (LAC), que preside Jorge Albarrac\u00c3\u00adn (UCR) analizaron el proyecto de Ley de creaci\u00c3\u00b3n del Colegio de Ingenieros Agr\u00c3\u00b3nomos de la Provincia de Mendoza, que es impulsado por Marcelo Aparicio (UC).\"\/><figcaption><em> Integrantes de la comisi\u00f3n de Legislaci\u00f3n y Asuntos Constitucionales de la C\u00e1mara de Diputados de Mendoza.<\/em><\/figcaption><\/figure>\n\n\n\n<p>Con esta finalidad fueron invitados a la reuni\u00f3n representantes del Centro de Ingenieros Agr\u00f3nomos de Mendoza, matriculados del Consejo Profesional de Ingenieros y Ge\u00f3logos (Copig) y de la Federaci\u00f3n Argentina de Ingenieros Agr\u00f3nomos, <\/p>\n\n\n\n<p>Durante el encuentro no se descart\u00f3 la incorporaci\u00f3n al Colegio de profesionales de otras carreras de la Facultad de Ciencias Agrarias y tambi\u00e9n a ingenieros forestales.<\/p>\n\n\n\n<p>En la presentaci\u00f3n de su proyecto, el diputado Aparicio plante\u00f3 que \u201cse han recibido asociaciones que manifestaron la necesidad de su colegiatura en forma independiente, para as\u00ed poder tratar la especificidad de su profesi\u00f3n, ya que son m\u00e1s de 1.600 las tareas que puede llevar adelante un ingeniero agr\u00f3nomo&#8230; Este proyecto es muy importante porque tiene que ver con los alimentos, una gran responsabilidad en el sistema alimentario de nuestra poblaci\u00f3n\u201d.<\/p>\n\n\n\n<p>Seg\u00fan la propuesta de Aparicio, el Colegio de Ingenieros Agr\u00f3nomos de la Provincia de Mendoza tendr\u00eda, entre otras, las siguientes funciones y atribuciones:<\/p>\n\n\n\n<ul class=\"wp-block-list\"><li>Realizar el control de la actividad profesional en todas sus modificaciones.<\/li><li>Ejercer el poder de polic\u00eda sobre los colegiados.<\/li><li>Habilitar las Delegaciones Zonales del Colegio, cuando se integren por un n\u00famero m\u00ednimo de profesionales, tal cual lo defina el reglamento del Colegio.<\/li><li>Proponer las pautas para establecer los aranceles profesionales y asesorar a los poderes p\u00fablicos en lo relativo a la profesi\u00f3n.<\/li><li>Asesorar al Poder Ejecutivo o a las reparticiones t\u00e9cnicas por v\u00eda consultiva de car\u00e1cter oficial, en la conducci\u00f3n de problemas de orden t\u00e9cnico y cuando sea recabada su opini\u00f3n.<\/li><li>Expedir certificados.<\/li><li>Colaborar con las autoridades en estudios, informes, proyectos, reglamentaciones y dem\u00e1s necesidades que requieran los poderes p\u00fablicos en cuestiones referidas a la profesi\u00f3n de la ingenier\u00eda agron\u00f3mica.<\/li><li>Gozar de los derechos y garant\u00edas que hacen a la libertad profesional, inclusive de agremiarse y de asociarse con fines \u00fatiles, sin perjudicar ni afectar la organizaci\u00f3n, funcionamiento y fines del colegio.<\/li><li>Representar a los colegiados ante las autoridades y entidades p\u00fablicas y privadas, adoptando las disposiciones necesarias para asegurar el ejercicio de la profesi\u00f3n.<\/li><li>Velar por el prestigio, independencia y respeto del trabajo profesional, as\u00ed como defender y mejorar sus condiciones y retribuciones.<\/li><li>Asesorar, informar, representar y respaldar a los colegiados en la defensa de sus intereses y derechos ante quien corresponda y en relaci\u00f3n a toda la problem\u00e1tica de car\u00e1cter jur\u00eddico, legal y econ\u00f3mico contable.<\/li><\/ul>\n\n\n\n<div style=\"height:33px\" aria-hidden=\"true\" class=\"wp-block-spacer\"><\/div>\n\n\n\n<p class=\"has-medium-font-size\"><strong>Una mayor\u00eda de agr\u00f3nomos, fuera del sistema<\/strong><\/p>\n\n\n\n<p>El ingeniero agr\u00f3nomo Mart\u00edn Betancud, recibido en 2015 en la Facultad de Ciencias Agrarias de la UNCuyo, es uno de los principales impulsores de la reuni\u00f3n de todos los profesionales en una colegiatura espec\u00edfica. Pese a su juventud, es un profundo conocedor del tema, a punto tal que se desempe\u00f1a como asesor al respecto del bloque Unidad Ciudana en la Legislatura.<\/p>\n\n\n\n<div class=\"wp-block-image\"><figure class=\"aligncenter is-resized\"><img loading=\"lazy\" decoding=\"async\" src=\"http:\/\/lamosquitera.org\/wp-content\/uploads\/2017\/05\/12552613_10207466169227704_6949849454879027547_n-660x330.jpg\" alt=\"\" width=\"586\" height=\"293\"\/><figcaption><em>El ingeniero agr\u00f3nomo Mart\u00edn Betancud, asesor legislativo y emprendedor de la empresa Lombriz Urbana, que fabrica biofertilizantes a base de compostaje de lombrices.<\/em><\/figcaption><\/figure><\/div>\n\n\n\n<div style=\"height:20px\" aria-hidden=\"true\" class=\"wp-block-spacer\"><\/div>\n\n\n\n<p>\u201cHoy contamos con alrededor de 3.000 profesionales -precisa Betancud-, de los que hay muchos que ya no est\u00e1n en actividad, como es el caso de los jubilados o de aquellos que no se est\u00e1n dedicando a la profesi\u00f3n, con lo cual se estima que hay alrededor de 2.500 profesionales activos. De ese total, s\u00f3lo el 10% est\u00e1 matriculado en el Colegio de Ingenieros y Ge\u00f3logos de la Provincia de Mendoza, y s\u00f3lo el 7% paga su matr\u00edcula o se reinscribe el a\u00f1o siguiente. Es decir que tenemos un mundo fuera del sistema, ya que el 93 % de profesionales ingenieros agr\u00f3nomos estar\u00eda haciendo lo que podr\u00eda llamarse un &#8216;ejercicio ilegal&#8217; de su profesi\u00f3n, porque para que sea legal hay que estar habilitado y esa habilitaci\u00f3n la da la matr\u00edcula\u201d.<\/p>\n\n\n\n<p>Contin\u00faa Betancud: \u201cTambi\u00e9n se intent\u00f3 hacer una colegiatura nacional pero no tuvo \u00e9xito, ya que casi todas las legislaciones para el desarrollo de la actividad son provinciales&#8230; Y Mendoza tiene una ley de agroqu\u00edmicos que es bastante obsoleta, a la cual tambi\u00e9n estamos tratando de modificar, ya que no es posible cumplirla sin una matr\u00edcula que avale a los profesionales a realizar recetas para la trazabilidad de los agroqu\u00edmicos&#8230; Entonces, se empiezan a desencadenar todas las problem\u00e1ticas del sector.\u201d<\/p>\n\n\n\n<p class=\"has-background has-small-font-size has-very-light-gray-background-color\">Conoc\u00e9 la ley que regula el uso de agroqu\u00edmicos: <br><a href=\"https:\/\/www.manualfitosanitario.com\/Legislacion\/Mendoza\/Ley-5665.pdf\">https:\/\/www.manualfitosanitario.com\/Legislacion\/Mendoza\/Ley-5665.pdf<\/a>&nbsp;&nbsp; <\/p>\n\n\n\n<p>Asimismo, se\u00f1ala el ingeniero que \u201cla intenci\u00f3n es jerarquizar la profesi\u00f3n y abordar todas las problem\u00e1ticas que vienen surgiendo en base a la producci\u00f3n de alimentos, que incluye la perdida de salinidad del suelo, p\u00e9rdida de rentabilidad y el gran problema que constituye la utilizaci\u00f3n indiscriminada de agroqu\u00edmicos. Se requiere de la dimensi\u00f3n de un Colegio para trabajar en la mejor\u00eda de estos aspectos de la profesi\u00f3n\u201d.<\/p>\n\n\n\n<p>\u201cAdem\u00e1s -ampl\u00eda Betacund-, la cantidad de ingenieros agr\u00f3nomos en Mendoza aument\u00f3 en los \u00faltimos a\u00f1os, y hoy somos una comunidad numerosa, que al pertenecer a un Colegio que tiene tantas profesiones agrupadas, no podemos encauzar las problem\u00e1ticas particulares&#8230; As\u00ed, algunas ingenier\u00edas terminan predominando sobre otras, porque en este esquema de consejo profesional es dif\u00edcil contener todas las problem\u00e1ticas y demandas espec\u00edficas de nuestra profesi\u00f3n\u201d.<\/p>\n\n\n\n<p>\u201cHay muchos trabajadores en negro -revela el profesional-; los insumos que utilizamos son muy caros, se nos agrupa en convenios colectivos de trabajo de otros gremios, por ejemplo alg\u00fan profesional que trabaja en bodega entra en Soeva, que es el Sindicato de los obreros del vino, en general tenemos un mont\u00f3n de problem\u00e1ticas e irregularidades y entramos en muchos grises por no tener la parte gremial que posibilita un colegio\u201d.<\/p>\n\n\n\n<p>&nbsp;\u201cPor otro lado -agrega- estamos bastante desactualizados en la provincia en el uso de tecnolog\u00eda, capacitaciones, con lo cual las problem\u00e1ticas laborales aumentan; no tenemos fijaciones de honorarios para el asesoramiento, ni para otras pr\u00e1cticas\u201d.<\/p>\n\n\n\n<p>Tambi\u00e9n destaca Betancud que no son s\u00f3lo los agr\u00f3nomos los que enfrentan este problema, sino todos aquellos profesionales involucrados en la producci\u00f3n de alimentos y el cuidado del ecosistema, como bromat\u00f3logos, en\u00f3logos, expertos forestales, etc\u00e9tera. Por eso, en la actualidad se realiza una recolecci\u00f3n de firmas entre los colegas para la creaci\u00f3n del Colegio.<\/p>\n\n\n\n<p class=\"has-medium-font-size\"><strong>Una Ley de Agroqu\u00edmicos que precisa renovaci\u00f3n<\/strong><\/p>\n\n\n\n<p>Dentro de este panorama, uno de los temas candentes es la necesidad de precribir recetas agron\u00f3micas, por lo cual est\u00e1 en proceso la aprobaci\u00f3n de la Ley de Agroqu\u00edmicos de Mendoza. <\/p>\n\n\n\n<p>A principios del a\u00f1o 2018, el proyecto de Ley de Agroqu\u00edmicos ten\u00eda ya la media sanci\u00f3n de Senadores y esperaba su tratamiento en Diputados. <\/p>\n\n\n\n<p>La misma se centra en la regulaci\u00f3n de \u201cuso, fabricaci\u00f3n,\nformulaci\u00f3n, fraccionamiento, almacenamiento, transporte, comercializaci\u00f3n,\nexhibici\u00f3n, publicidad, y prescripci\u00f3n de los productos, sustancias o\ndispositivos destinados directa e indirectamente al uso agr\u00edcola, sean de\norigen natural o de s\u00edntesis, nacionales o importados, como asimismo el uso y\nla eliminaci\u00f3n de desechos o residuos y la aplicaci\u00f3n de nuevas tecnolog\u00edas menos\ncontaminantes\u201d.<\/p>\n\n\n\n<p>Los dos puntos principales en los que se enfoca este proyecto son el tratamiento de los envases de agroqu\u00edmicos y la necesidad de que esas sustancias sean expendidas bajo una receta o una orden de un ingeniero agr\u00f3nomo, para que se haga un uso controlado.<\/p>\n\n\n\n<div class=\"wp-block-image\"><figure class=\"alignleft is-resized\"><img loading=\"lazy\" decoding=\"async\" src=\"https:\/\/enolife.com.ar\/es\/wp-content\/uploads\/2019\/08\/humberto.jpg\" alt=\"\" class=\"wp-image-2165\" width=\"202\" height=\"174\"\/><figcaption><em> Humberto Mingorance <\/em><\/figcaption><\/figure><\/div>\n\n\n\n<p>Humberto Mingorance, secretario de Ambiente y Ordenamiento Territorial de la Provincia de Mendoza, se\u00f1alaba hace m\u00e1s de un a\u00f1o y medio: \u201cMe reun\u00ed con el presidente de la C\u00e1mara de Diputados, N\u00e9stor Par\u00e9s, para ajustar los \u00faltimos detalles de este proyecto, con la prioridad de que se le d\u00e9 tratamiento en cuanto se retomen las actividades legislativas en el pr\u00f3ximo mes (febrero 2018), teniendo en cuenta la necesidad de que sea aprobado, ya que \u00e9ste tiene un amplio consenso de todos los sectores.\u201d<\/p>\n\n\n\n<div class=\"wp-block-image\"><figure class=\"alignright is-resized\"><img loading=\"lazy\" decoding=\"async\" src=\"https:\/\/enolife.com.ar\/es\/wp-content\/uploads\/2019\/08\/ricardo-manzur.jpg\" alt=\"\" class=\"wp-image-2166\" width=\"193\" height=\"193\" srcset=\"https:\/\/enolife.com.ar\/es\/wp-content\/uploads\/2019\/08\/ricardo-manzur.jpg 225w, https:\/\/enolife.com.ar\/es\/wp-content\/uploads\/2019\/08\/ricardo-manzur-150x150.jpg 150w\" sizes=\"auto, (max-width: 193px) 100vw, 193px\" \/><figcaption><em>Ricardo Mansur<\/em><\/figcaption><\/figure><\/div>\n\n\n\n<p>M\u00e1s de un a\u00f1o despu\u00e9s, la ley est\u00e1 demorada en Senadores, ya que luego de su aprobaci\u00f3n en la C\u00e1mara de Diputados se plantearon nuevas modificaciones y volvi\u00f3 en segunda revisi\u00f3n a la C\u00e1mara alta. Adem\u00e1s, se acumul\u00f3 un proyecto del diputado Ricardo Mansur (UCR) sobre el mismo tema, adhiriendo en el articulado a la ley nacional 27.279 &nbsp;y su decreto reglamentario, teniendo como base las condiciones y estructuras preexistentes que la provincia ha realizado a trav\u00e9s del Iscamen.<\/p>\n\n\n\n<p class=\"has-background has-small-font-size has-very-light-gray-background-color\">Conoc\u00e9 m\u00e1s sobre la ley nacional 27.279:  <a href=\"http:\/\/extwprlegs1.fao.org\/docs\/pdf\/arg159585.pdf\">http:\/\/extwprlegs1.fao.org\/docs\/pdf\/arg159585.pdf<\/a> <\/p>\n\n\n\n<p>En este marco, senadores de la comisi\u00f3n de Econom\u00eda y\nComercio Exterior retomaron el tema este a\u00f1o con la visita del ingeniero Ra\u00fal\nDelle Donne, del Consejo Profesional de Ingenieros y Ge\u00f3logos de Mendoza, para\nprofundizar sobre los alcances de la futura ley.<\/p>\n\n\n\n<div class=\"wp-block-image\"><figure class=\"alignleft is-resized\"><img loading=\"lazy\" decoding=\"async\" src=\"https:\/\/enolife.com.ar\/es\/wp-content\/uploads\/2019\/08\/ana-sevilla-1024x742.jpg\" alt=\"\" class=\"wp-image-2167\" width=\"258\" height=\"187\" srcset=\"https:\/\/enolife.com.ar\/es\/wp-content\/uploads\/2019\/08\/ana-sevilla-1024x742.jpg 1024w, https:\/\/enolife.com.ar\/es\/wp-content\/uploads\/2019\/08\/ana-sevilla-300x218.jpg 300w, https:\/\/enolife.com.ar\/es\/wp-content\/uploads\/2019\/08\/ana-sevilla-768x557.jpg 768w, https:\/\/enolife.com.ar\/es\/wp-content\/uploads\/2019\/08\/ana-sevilla-1170x848.jpg 1170w, https:\/\/enolife.com.ar\/es\/wp-content\/uploads\/2019\/08\/ana-sevilla-585x424.jpg 585w\" sizes=\"auto, (max-width: 258px) 100vw, 258px\" \/><figcaption><em>La senadora Ana Sevilla (PJ). <\/em><\/figcaption><\/figure><\/div>\n\n\n\n<p>La comisi\u00f3n es presidida por Ana Sevilla (PJ), quien cuenta\nen una entrevista con Unidiversidad que \u201cel sector dej\u00f3 su preocupaci\u00f3n por\nescrito en cuanto a esta situaci\u00f3n. Intentamos que se tratara el proyecto, pero\ndesafortunadamente no hubo quorum en la comisi\u00f3n. S\u00f3lo estuvo presente el\njusticialismo, mientras que el resto de los partidos, incluido el oficialismo,\ndecidi\u00f3 no asistir\u201d.<\/p>\n\n\n\n<div style=\"height:20px\" aria-hidden=\"true\" class=\"wp-block-spacer\"><\/div>\n\n\n\n<p>Desde la C\u00e1mara alta se pretende una Ley mucho m\u00e1s amplia y nueva, seg\u00fan Sevilla, mientras que en la C\u00e1mara baja s\u00f3lo procuran modificar un art\u00edculo (Art\u00edculo 13 de la Ley 5665), lo que genera una serie de desencuentros entre un proyecto y el otro.<\/p>\n\n\n\n<p class=\"has-background has-small-font-size has-very-light-gray-background-color\">Conoc\u00e9 la ley 5665: <a href=\"http:\/\/www.iscamen.com.ar\/wp-content\/uploads\/2012\/08\/MENDOZA-Ley-5665.pdf\">http:\/\/www.iscamen.com.ar\/wp-content\/uploads\/2012\/08\/MENDOZA-Ley-5665.pdf<\/a><\/p>\n\n\n\n<p>\u201cNuestro proyecto tiene todo un abordaje integral mucho m\u00e1s amplio                                                                       -sostiene Sevilla-; \u00e9ste se estudi\u00f3 por mucho tiempo, participaron muchas personas, pas\u00f3 por varias comisiones y el problema es que viene muy simplificado desde el otro lado\u201d.<\/p>\n\n\n\n<p>\u201cPor el momento -advierte la senadora- no veo que pueda salir la ley a corto plazo. Se tendr\u00e1 que hacer un estudio en profundidad para este expediente, por lo que vislumbro una situaci\u00f3n compleja ya que empezar\u00e1n a surgir intereses cruzados, desde los profesionales que ven que este proyecto no es muy claro, los productores que ven que es una carga m\u00e1s y, sobre todo, que se lleva a una situaci\u00f3n en d\u00f3nde parece m\u00e1s una expresi\u00f3n de deseo que un texto de ley\u201d.<\/p>\n\n\n\n<div style=\"height:20px\" aria-hidden=\"true\" class=\"wp-block-spacer\"><\/div>\n\n\n\n<div class=\"wp-block-image\"><figure class=\"alignleft is-resized\"><img loading=\"lazy\" decoding=\"async\" src=\"https:\/\/enolife.com.ar\/es\/wp-content\/uploads\/2019\/08\/jose-orts.jpg\" alt=\"\" class=\"wp-image-2168\" width=\"175\" height=\"165\"\/><figcaption><em> El senador Jos\u00e9 Orts (UCR). <\/em><\/figcaption><\/figure><\/div>\n\n\n\n<p>Ante esta dilaci\u00f3n en el tratamiento, Unidiversidad consult\u00f3 al senador por la UCR y vicepresidente de la Comisi\u00f3n de Econom\u00eda y Comercio Exterior, Jos\u00e9 Orts, quien explic\u00f3: \u00abHasta el momento se est\u00e1 estudiando el proyecto en profundidad para tratarlo con la mayor de las urgencias\u201d. En cuanto a los plazos demorados para que el proyect\u00f3 llegue al recinto, el senador se\u00f1al\u00f3: \u201cPor el momento no hay una fecha determinada. Primero se ver\u00e1 si es necesario realizar alg\u00fan tipo de ampliaci\u00f3n y si tiene que volver a Diputados se har\u00e1 sin ning\u00fan problema\u201d.<\/p>\n\n\n\n<p class=\"has-medium-font-size\"><strong>Se viene la receta agron\u00f3mica<\/strong><\/p>\n\n\n\n<p>El reclamo de colegiatura espec\u00edfica para los agr\u00f3nomos adquiere importancia en el futuro inmediato, ya que el Iscamen, a<strong> trav\u00e9s de su Resoluci\u00f3n N\u00ba 769 comenzar\u00e1 a implementar la \u00abReceta Agron\u00f3mica<\/strong>\u00bb para la compra de productos agroqu\u00edmicos, y para poder prescribirla, los ingenieros agr\u00f3nomos deber\u00e1n contar con matr\u00edcula al d\u00eda del Consejo Profesional de Ingenieros y Ge\u00f3logos de Mendoza.<\/p>\n\n\n\n<p>La receta agron\u00f3mica contendr\u00e1 todas las recomendaciones que son imprescindibles para una correcta utilizaci\u00f3n y aplicaci\u00f3n de los productos fitosanitarios, con el fin de proteger la salud de la poblaci\u00f3n, prevenir y disminuir los riesgos de intoxicaciones de toda persona relacionada con el uso y manejo de dichos productos y evitar la contaminaci\u00f3n de alimentos y del medio ambiente.<\/p>\n\n\n\n<p>Los ingenieros agr\u00f3nomos, mediante una clave electr\u00f3nica suministrada por Iscamen, deber\u00e1n descargar e imprimir desde la p\u00e1gina web oficial los formularios de las recetas. S\u00f3lo quienes figuren en los registros del Colegio Profesional de Ingenieros y Ge\u00f3logos de Mendoza podr\u00e1n obtener la clave electr\u00f3nica en el Iscamen para descargar e imprimir los formularios de las recetas. A diferencia de otras provincias, la descarga desde la oficina virtual es gratuita.<\/p>\n\n\n\n<p>Y el incumplimiento de la presente resoluci\u00f3n har\u00e1 pasible\nal infractor e las sanciones establecidas en la Ley provincial 5665 y su\ndecreto reglamentario 1469\/93 y normas que las complementen o reemplacen.<\/p>\n\n\n\n<div style=\"height:23px\" aria-hidden=\"true\" class=\"wp-block-spacer\"><\/div>\n\n\n\n<p style=\"background-color:#00d121\" class=\"has-background has-medium-font-size\"><strong>Desde Enolife, hoy 6 de agosto les decimos a los ingenieros agr\u00f3nomos en su d\u00eda<\/strong>:<br>\u00a1<strong>SALUD Y GOOD SHOW!<\/strong><\/p>\n\n\n\n<p class=\"has-medium-font-size\"><strong>Un poco de historia sobre la fecha<\/strong><\/p>\n\n\n\n<p>La historia del por qu\u00e9 se celebra esta fecha ya es conocida por todos los profesionales, pero siempre est\u00e1 bien recordarlo:&nbsp; el 6 de agosto de 1883, en el Instituto Santa Catalina de Lomas de Zamora, provincia de Buenos Aires, comenzaron a dictarse por primera vez en la Argentina estudios agr\u00edcolas y veterinarios, formales y de nivel superior.<\/p>\n\n\n\n<div class=\"wp-block-image\"><figure class=\"aligncenter is-resized\"><img loading=\"lazy\" decoding=\"async\" src=\"http:\/\/www.agrarias.unlz.edu.ar\/images\/historia\/hist2.jpg\" alt=\"\" width=\"511\" height=\"300\"\/><figcaption> <em>Primeras promociones de&nbsp;la Escuela&nbsp;de Agronom\u00eda y Veterinaria y Haras de&nbsp;la Provincia&nbsp;de Buenos Aires. Foto de Ing. Agr. J. M. Aulicino (FCA-UNLZ)<\/em>. <br><\/figcaption><\/figure><\/div>\n\n\n\n<div class=\"wp-block-image\"><figure class=\"alignleft is-resized\"><img loading=\"lazy\" decoding=\"async\" src=\"http:\/\/servicios2.abc.gov.ar\/docentes\/efemerides\/6deagosto\/images\/santacatalina-02.jpg\" alt=\"Resultado de imagen para instituto santa catalina 1883\" width=\"319\" height=\"173\"\/><figcaption><em> Instituto Agron\u00f3mico-Veterinario de Santa Catalina, a fines del siglo XIX<\/em> .<\/figcaption><\/figure><\/div>\n\n\n\n<p class=\"has-background has-very-light-gray-background-color\">El Instituto Santa Catalina fue creado durante el gobierno bonaerense de Dardo Rocha. Fue el primer Instituto de estudios superiores de veterinaria en el pa\u00eds. En el a\u00f1o 1890 se traslad\u00f3 a la ciudad de La Plata, pero ya como Facultad de Agronom\u00eda y Veterinaria. Por consiguiente, se instituy\u00f3 la fecha como D\u00eda del Ingeniero Agr\u00f3nomo y M\u00e9dicas Veterinarias.<\/p>\n\n\n\n<div style=\"height:30px\" aria-hidden=\"true\" class=\"wp-block-spacer\"><\/div>\n\n\n\n<p><strong>Fuentes<\/strong>: <strong>P\u00e1gina 12, Unidiversidad y Gobierno de la Provincia de Mendoza<\/strong><\/p>\n","protected":false},"excerpt":{"rendered":"<p>Trabajar como ingeniero en esta especialidad tiene sus complicaciones en Argentina, y es por eso&hellip;<\/p>\n","protected":false},"author":3,"featured_media":2180,"comment_status":"open","ping_status":"open","sticky":false,"template":"","format":"standard","meta":{"footnotes":""},"categories":[14],"tags":[],"class_list":["post-2163","post","type-post","status-publish","format-standard","has-post-thumbnail","hentry","category-news"],"_links":{"self":[{"href":"https:\/\/enolife.com.ar\/es\/wp-json\/wp\/v2\/posts\/2163","targetHints":{"allow":["GET"]}}],"collection":[{"href":"https:\/\/enolife.com.ar\/es\/wp-json\/wp\/v2\/posts"}],"about":[{"href":"https:\/\/enolife.com.ar\/es\/wp-json\/wp\/v2\/types\/post"}],"author":[{"embeddable":true,"href":"https:\/\/enolife.com.ar\/es\/wp-json\/wp\/v2\/users\/3"}],"replies":[{"embeddable":true,"href":"https:\/\/enolife.com.ar\/es\/wp-json\/wp\/v2\/comments?post=2163"}],"version-history":[{"count":0,"href":"https:\/\/enolife.com.ar\/es\/wp-json\/wp\/v2\/posts\/2163\/revisions"}],"wp:featuredmedia":[{"embeddable":true,"href":"https:\/\/enolife.com.ar\/es\/wp-json\/wp\/v2\/media\/2180"}],"wp:attachment":[{"href":"https:\/\/enolife.com.ar\/es\/wp-json\/wp\/v2\/media?parent=2163"}],"wp:term":[{"taxonomy":"category","embeddable":true,"href":"https:\/\/enolife.com.ar\/es\/wp-json\/wp\/v2\/categories?post=2163"},{"taxonomy":"post_tag","embeddable":true,"href":"https:\/\/enolife.com.ar\/es\/wp-json\/wp\/v2\/tags?post=2163"}],"curies":[{"name":"wp","href":"https:\/\/api.w.org\/{rel}","templated":true}]}}